{"id":103051,"date":"2025-04-24T18:00:53","date_gmt":"2025-04-24T18:00:53","guid":{"rendered":"https:\/\/www.espinof.com\/series-de-ficcion\/cuento-criada-se-equivoco-al-anunciar-secuela-pronto-creo-que-decision-sera-lastre-para-final-serie"},"modified":"2025-04-24T18:00:53","modified_gmt":"2025-04-24T18:00:53","slug":"el-cuento-de-la-criada-se-equivoco-al-anunciar-la-secuela-tan-pronto-creo-que-la-decision-sera-un-lastre-para-el-final-de-la-serie","status":"publish","type":"post","link":"http:\/\/hoycordobaweb.com\/index.php\/2025\/04\/24\/el-cuento-de-la-criada-se-equivoco-al-anunciar-la-secuela-tan-pronto-creo-que-la-decision-sera-un-lastre-para-el-final-de-la-serie\/","title":{"rendered":"&#8216;El cuento de la criada&#8217; se equivoc\u00f3 al anunciar la secuela tan pronto. Creo que la decisi\u00f3n ser\u00e1 un lastre para el final de la serie"},"content":{"rendered":"<p>Ocho a\u00f1os despu\u00e9s de su impactante estreno en HBO, &#8216;<a class=\"text-outboundlink\" href=\"https:\/\/www.espinof.com\/actores-y-actrices\/max-acaba-estrenar-temporada-final-cuento-criada-elisabeth-moss-tampoco-esta-preparada-para-decir-adios-a-su-iconica-protagonista\" data-vars-post-title=\"La temporada final de 'El cuento de la criada' ya est\u00e1 aqu\u00ed, pero Elisabeth Moss no est\u00e1 preparada para despedirse\" data-vars-post-url=\"https:\/\/www.espinof.com\/actores-y-actrices\/max-acaba-estrenar-temporada-final-cuento-criada-elisabeth-moss-tampoco-esta-preparada-para-decir-adios-a-su-iconica-protagonista\">El cuento de la criada<\/a>&#8216; <strong>nos dice adi\u00f3s con su sexta y \u00faltima temporada<\/strong>. Un desenlace que promete estar a la altura del intenso viaje que han vivido los espectadores junto a los protagonistas. Sin embargo, puede que haya <strong>un gran condicionante que acabe lastrando la despedida<\/strong>. Especialmente para aquellos que est\u00e9n al d\u00eda con todo lo que rodea al universo dist\u00f3pico <a class=\"text-outboundlink\" href=\"https:\/\/www.espinof.com\/criticas\/cuento-criada-llega-exhausta-a-su-temporada-final-distopia-brilla-serena-tia-lydia-se-apaga-prometida-revolucion\" data-vars-post-title=\"Ya he visto la temporada final de 'El cuento de la criada'. Creo que brilla cuando se centra en Serena y T\u00eda Lydia, pero la distop\u00eda llega ya exhausta\" data-vars-post-url=\"https:\/\/www.espinof.com\/criticas\/cuento-criada-llega-exhausta-a-su-temporada-final-distopia-brilla-serena-tia-lydia-se-apaga-prometida-revolucion\">basado en las novelas de Margaret Atwood<\/a>.<\/p>\n<p><!-- BREAK 1 --> <\/p>\n<p>&#8216;El cuento de la criada&#8217; es una de las series originales de Hulu m\u00e1s aclamadas y muchos fans esperan que mantenga el nivel cuando se despida con la temporada 6. El problema es que la mera existencia de &#8216;<a class=\"text-outboundlink\" href=\"https:\/\/www.espinof.com\/todo-lo-que-sabemos\/the-testaments-2025-fecha-estreno-trailer-reparto-todo-que-sabemos-secuela-cuento-criada\" data-vars-post-title=\"'The Testaments' - Todo lo que sabemos de la secuela de 'El cuento de la criada' protagonizada por la T\u00eda Lydia de Ann Dowd\" data-vars-post-url=\"https:\/\/www.espinof.com\/todo-lo-que-sabemos\/the-testaments-2025-fecha-estreno-trailer-reparto-todo-que-sabemos-secuela-cuento-criada\">The Testaments<\/a>&#8216; -el proyecto de adaptaci\u00f3n que ya est\u00e1 en marcha en Hulu- no solo puede, sino que <strong>va a condicionar la entrega final<\/strong>.<\/p>\n<p><!-- BREAK 2 --><\/p>\n<h3>Lo que sabemos de &#8216;The Testaments&#8217;<\/h3>\n<div class=\"article-asset-image article-asset-normal article-asset-center\">\n<div class=\"asset-content\"> <img class=\"centro_sinmarco\" height=\"720\" width=\"1280\" loading=\"lazy\" decoding=\"async\" sizes=\"100vw\" fetchpriority=\"high\" srcset=\"http:\/\/hoycordobaweb.com\/wp-content\/uploads\/2025\/04\/el-cuento-de-la-criada-se-equivoco-al-anunciar-la-secuela-tan-pronto-creo-que-la-decision-sera-un-lastre-para-el-final-de-la-serie.jpg 450w, http:\/\/hoycordobaweb.com\/wp-content\/uploads\/2025\/04\/el-cuento-de-la-criada-se-equivoco-al-anunciar-la-secuela-tan-pronto-creo-que-la-decision-sera-un-lastre-para-el-final-de-la-serie-5.jpg 681w, http:\/\/hoycordobaweb.com\/wp-content\/uploads\/2025\/04\/el-cuento-de-la-criada-se-equivoco-al-anunciar-la-secuela-tan-pronto-creo-que-la-decision-sera-un-lastre-para-el-final-de-la-serie-6.jpg 1024w, http:\/\/hoycordobaweb.com\/wp-content\/uploads\/2025\/04\/el-cuento-de-la-criada-se-equivoco-al-anunciar-la-secuela-tan-pronto-creo-que-la-decision-sera-un-lastre-para-el-final-de-la-serie-7.jpg 1366w\" src=\"http:\/\/hoycordobaweb.com\/wp-content\/uploads\/2025\/04\/el-cuento-de-la-criada-se-equivoco-al-anunciar-la-secuela-tan-pronto-creo-que-la-decision-sera-un-lastre-para-el-final-de-la-serie.jpg\" alt=\"'El cuento de la criada'\"> <noscript><img alt=\"'El cuento de la criada'\" class=\"centro_sinmarco\" src=\"http:\/\/hoycordobaweb.com\/wp-content\/uploads\/2025\/04\/el-cuento-de-la-criada-se-equivoco-al-anunciar-la-secuela-tan-pronto-creo-que-la-decision-sera-un-lastre-para-el-final-de-la-serie.jpg\"><\/noscript> <\/div>\n<\/div>\n<p>&#8216;Los Testamentos&#8217; de Margaret Atwood, es el libro y secuela que <strong>contin\u00faa con la trama de &#8216;El cuento de la criada&#8217;<\/strong> . Se ambienta varios a\u00f1os despu\u00e9s de los acontecimientos de la novela original y su adaptaci\u00f3n ser\u00e1 diferente a la de la serie original, porque la historia ya se hab\u00eda desviado del libro desde el final de la primera temporada .<\/p>\n<p><!-- BREAK 3 --> <\/p>\n<p>Teniendo en cuenta que &#8216;Los Testamentos&#8217; transcurre despu\u00e9s de los eventos de &#8216;El cuento de la criada&#8217; y que sabemos cu\u00e1l es la trama principal -entre otros muchos detalles-, <strong>su adaptaci\u00f3n condiciona mucho y le quita mucha emoci\u00f3n<\/strong> a algunos de los momentos m\u00e1s importantes de la sexta temporada.<\/p>\n<p><!-- BREAK 4 --><\/p>\n<p>Para los que a\u00fan los desconozcan, ser\u00e1 mejor dejar de leer, porque <em>a partir de aqu\u00ed habr\u00e1 muchos SPOILERS de la trama de ambas producciones<\/em>.<\/p>\n<p>La historia de esta secuela sigue a <strong>tres personajes principales: la t\u00eda Lydia, Hannah y Nicole<\/strong>, conocidas como Agnes y Daisy, respectivamente. Lydia y Hannah viven en Gilead, mientras que Nicole vive en Canad\u00e1. Y a lo largo del libro se revela que la t\u00eda Lydia trabaja en secreto para Mayday y que intenta desmantelar Gilead desde dentro, mientras que Hannah y Nicole se unen para encontrar a June.<\/p>\n<p><!-- BREAK 5 --><\/p>\n<div class=\"article-asset article-asset-normal article-asset-center\">\n<div class=\"desvio-container\">\n<div class=\"desvio\">\n<div class=\"desvio-figure js-desvio-figure\"> <a href=\"https:\/\/www.espinof.com\/criticas\/asi-fue-pelicula-cuento-criada-the-handmaids-tale-1990-distopia-feminista\" class=\"pivot-outboundlink\" data-vars-post-title=\"As\u00ed es 'El cuento de la doncella', la distop\u00eda feminista de los 90 basada en 'The Handmaid's Tale' que fue un fracaso y se ha convertido en una pel\u00edcula de culto\"> <img loading=\"lazy\" alt=\"As\u00ed es 'El cuento de la doncella', la distop\u00eda feminista de los 90 basada en 'The Handmaid's Tale' que fue un fracaso y se ha convertido en una pel\u00edcula de culto\" width=\"375\" height=\"142\" src=\"http:\/\/hoycordobaweb.com\/wp-content\/uploads\/2025\/04\/el-cuento-de-la-criada-se-equivoco-al-anunciar-la-secuela-tan-pronto-creo-que-la-decision-sera-un-lastre-para-el-final-de-la-serie-1.jpg\"> <\/a> <\/div><\/div><\/div>\n<\/div>\n<p><strong>Gracias a esta novela se acaba destripando gran parte del final de &#8216;El cuento de la criada&#8217;<\/strong>, desvelando que June y Luke no podr\u00e1n rescatar a Hannah, que debe permanecer en Gilead hasta que sea adulta. Tambi\u00e9n se revela que Nicole tendr\u00e1 que separarse de June en alg\u00fan momento y adem\u00e1s sabemos que June seguir\u00e1 viva hasta el \u00faltimo minuto.<\/p>\n<p><!-- BREAK 6 --> <\/p>\n<p>Por otro lado, la t\u00eda Lydia tendr\u00e1 que rebelarse contra Gilead en alg\u00fan momento, lo que significa que probablemente se radicalizar\u00e1 en la sexta temporada. Al dar toda esta informaci\u00f3n anunciando el proyecto de serie y secuela, la original se ve perjudicada y lo tendr\u00e1 complicado para mantener la intriga. Especialmente para aquellos que conozcan bien este universo y est\u00e9n al d\u00eda de las adaptaciones.<\/p>\n<p><!-- BREAK 7 --><\/p>\n<h3>Sabiendo esto, \u00bfqu\u00e9 podemos esperar del final?<\/h3>\n<div class=\"article-asset-image article-asset-normal article-asset-center\">\n<div class=\"asset-content\"> <img class=\"centro_sinmarco\" height=\"3000\" width=\"4509\" loading=\"lazy\" decoding=\"async\" sizes=\"100vw\" fetchpriority=\"high\" srcset=\"http:\/\/hoycordobaweb.com\/wp-content\/uploads\/2025\/04\/el-cuento-de-la-criada-se-equivoco-al-anunciar-la-secuela-tan-pronto-creo-que-la-decision-sera-un-lastre-para-el-final-de-la-serie-2.jpg 450w, http:\/\/hoycordobaweb.com\/wp-content\/uploads\/2025\/04\/el-cuento-de-la-criada-se-equivoco-al-anunciar-la-secuela-tan-pronto-creo-que-la-decision-sera-un-lastre-para-el-final-de-la-serie-8.jpg 681w, http:\/\/hoycordobaweb.com\/wp-content\/uploads\/2025\/04\/el-cuento-de-la-criada-se-equivoco-al-anunciar-la-secuela-tan-pronto-creo-que-la-decision-sera-un-lastre-para-el-final-de-la-serie-9.jpg 1024w, http:\/\/hoycordobaweb.com\/wp-content\/uploads\/2025\/04\/el-cuento-de-la-criada-se-equivoco-al-anunciar-la-secuela-tan-pronto-creo-que-la-decision-sera-un-lastre-para-el-final-de-la-serie-10.jpg 1366w\" src=\"http:\/\/hoycordobaweb.com\/wp-content\/uploads\/2025\/04\/el-cuento-de-la-criada-se-equivoco-al-anunciar-la-secuela-tan-pronto-creo-que-la-decision-sera-un-lastre-para-el-final-de-la-serie-2.jpg\" alt=\"'El cuento de la criada'\"> <noscript><img alt=\"'El cuento de la criada'\" class=\"centro_sinmarco\" src=\"http:\/\/hoycordobaweb.com\/wp-content\/uploads\/2025\/04\/el-cuento-de-la-criada-se-equivoco-al-anunciar-la-secuela-tan-pronto-creo-que-la-decision-sera-un-lastre-para-el-final-de-la-serie-2.jpg\"><\/noscript> <\/div>\n<\/div>\n<p>Teniendo sobre la mesa estas circunstancias, &#8216;El cuento de la criada&#8217; tiene por delante<strong> la complicada tarea de crear un final satisfactorio para el arco principal<\/strong> y la trama de June.<\/p>\n<p><!-- BREAK 8 --><\/p>\n<p>Los dos objetivos principales de June han sido salvar a Hannah y derrotar a Gilead, y ninguno de ellos puede ocurrir en realidad, por lo que es probable que la serie tenga un final bastante crudo para la protagonista. Algo que sin duda ser\u00e1 decepcionante despu\u00e9s del intens\u00edsimo viaje al que se ha visto sometida June todo este tiempo.<\/p>\n<p><!-- BREAK 9 --><\/p>\n<p>Incluso si &#8216;El cuento de la criada&#8217; acaba haciendo esto, lo cual no ser\u00eda de extra\u00f1ar, estar\u00eda cometiendo un pecado capital. Por eso, sabiendo lo que ocurrir\u00e1, cabe esperar alg\u00fan tipo de sorpresa por parte de los guionistas, que ojal\u00e1 arriesguen y nos traigan un giro especial para compensar.<\/p>\n<p><!-- BREAK 10 --> <\/p>\n<h3>Lo que vendr\u00e1 con &#8216;The Testaments&#8217; es muy prometedor<\/h3>\n<div class=\"article-asset-image article-asset-normal article-asset-center\">\n<div class=\"asset-content\"> <img class=\"centro_sinmarco\" height=\"680\" width=\"1360\" loading=\"lazy\" decoding=\"async\" sizes=\"100vw\" fetchpriority=\"high\" srcset=\"http:\/\/hoycordobaweb.com\/wp-content\/uploads\/2025\/04\/el-cuento-de-la-criada-se-equivoco-al-anunciar-la-secuela-tan-pronto-creo-que-la-decision-sera-un-lastre-para-el-final-de-la-serie-3.jpg 450w, http:\/\/hoycordobaweb.com\/wp-content\/uploads\/2025\/04\/el-cuento-de-la-criada-se-equivoco-al-anunciar-la-secuela-tan-pronto-creo-que-la-decision-sera-un-lastre-para-el-final-de-la-serie-11.jpg 681w, http:\/\/hoycordobaweb.com\/wp-content\/uploads\/2025\/04\/el-cuento-de-la-criada-se-equivoco-al-anunciar-la-secuela-tan-pronto-creo-que-la-decision-sera-un-lastre-para-el-final-de-la-serie-12.jpg 1024w, http:\/\/hoycordobaweb.com\/wp-content\/uploads\/2025\/04\/el-cuento-de-la-criada-se-equivoco-al-anunciar-la-secuela-tan-pronto-creo-que-la-decision-sera-un-lastre-para-el-final-de-la-serie-13.jpg 1366w\" src=\"http:\/\/hoycordobaweb.com\/wp-content\/uploads\/2025\/04\/el-cuento-de-la-criada-se-equivoco-al-anunciar-la-secuela-tan-pronto-creo-que-la-decision-sera-un-lastre-para-el-final-de-la-serie-3.jpg\" alt=\"'El cuento de la criada'\"> <noscript><img alt=\"'El cuento de la criada'\" class=\"centro_sinmarco\" src=\"http:\/\/hoycordobaweb.com\/wp-content\/uploads\/2025\/04\/el-cuento-de-la-criada-se-equivoco-al-anunciar-la-secuela-tan-pronto-creo-que-la-decision-sera-un-lastre-para-el-final-de-la-serie-3.jpg\"><\/noscript> <\/div>\n<\/div>\n<p>Aunque pueda perjudicar a la serie original y <strong>hubiera sido mejor mantener el proyecto en secreto hasta el final de &#8216;El cuento de la criada&#8217;<\/strong>, la secuela sigue siendo muy prometedora y una historia interesante a la que merecer\u00e1 la pena echar un vistazo.<\/p>\n<p><!-- BREAK 11 --><\/p>\n<p>El arco argumental de la t\u00eda Lydia es una de las partes m\u00e1s interesantes del libro, y ser\u00e1 emocionante ver su transformaci\u00f3n y tenerla como protagonista. Y tambi\u00e9n ser\u00e1 curioso ver a las versiones adultas de Hannah y Nicole, que pasan poco tiempo en pantalla en la serie original.<\/p>\n<p><!-- BREAK 12 --><\/p>\n<p>Y aunque sea una pena c\u00f3mo afecta a las expectativas por el adi\u00f3s de &#8216;El cuento de la criada&#8217;, lo cierto es que<strong> los fans agradecer\u00e1n que el legado de esta ficci\u00f3n y de la historia contin\u00fae un poco m\u00e1s<\/strong>. Especialmente en los tiempos que corren.<\/p>\n<p><!-- BREAK 13 --><\/p>\n<p>En Espinof | <a class=\"text-outboundlink\" href=\"https:\/\/www.espinof.com\/series-de-ficcion\/empece-cuento-criada-odiando-a-serena-ahora-mi-personaje-favorito-serie-hbo-max\" data-vars-post-title=\"Empec\u00e9 'El cuento de la criada' odiando a Serena y ahora es mi personaje favorito de la serie en HBO Max \" data-vars-post-url=\"https:\/\/www.espinof.com\/series-de-ficcion\/empece-cuento-criada-odiando-a-serena-ahora-mi-personaje-favorito-serie-hbo-max\">Empec\u00e9 &#8216;El cuento de la criada&#8217; odiando a Serena y ahora es mi personaje favorito de la serie en HBO Max<\/a><\/p>\n<p>En Espinof | <a class=\"text-outboundlink\" href=\"https:\/\/www.espinof.com\/listas\/que-ver-te-gusta-cuento-criada-3-fabulosas-series-que-muestran-realidad-distopica-aterradora-como-gilead\" data-vars-post-title=\"Qu\u00e9 ver si te gusta 'El cuento de la criada': 3 fabulosas series que muestran una realidad dist\u00f3pica tan aterradora como la de Gilead\" data-vars-post-url=\"https:\/\/www.espinof.com\/listas\/que-ver-te-gusta-cuento-criada-3-fabulosas-series-que-muestran-realidad-distopica-aterradora-como-gilead\">Qu\u00e9 ver si te gusta &#8216;El cuento de la criada&#8217;: 3 fabulosas series que muestran una realidad dist\u00f3pica tan aterradora como la de Gilead<\/a><\/p>\n","protected":false},"excerpt":{"rendered":"<p>Ocho a\u00f1os despu\u00e9s de su impactante estreno en HBO, &#8216;El cuento de la criada&#8216; nos dice adi\u00f3s con su sexta y \u00faltima temporada. Un desenlace que promete estar a la altura del intenso viaje que han vivido los espectadores junto a los protagonistas. Sin embargo, puede que haya un gran condicionante que acabe lastrando la [&hellip;]<\/p>\n","protected":false},"author":1,"featured_media":103052,"comment_status":"open","ping_status":"closed","sticky":false,"template":"","format":"standard","meta":[],"categories":[10],"tags":[],"_links":{"self":[{"href":"http:\/\/hoycordobaweb.com\/index.php\/wp-json\/wp\/v2\/posts\/103051"}],"collection":[{"href":"http:\/\/hoycordobaweb.com\/index.php\/wp-json\/wp\/v2\/posts"}],"about":[{"href":"http:\/\/hoycordobaweb.com\/index.php\/wp-json\/wp\/v2\/types\/post"}],"author":[{"embeddable":true,"href":"http:\/\/hoycordobaweb.com\/index.php\/wp-json\/wp\/v2\/users\/1"}],"replies":[{"embeddable":true,"href":"http:\/\/hoycordobaweb.com\/index.php\/wp-json\/wp\/v2\/comments?post=103051"}],"version-history":[{"count":0,"href":"http:\/\/hoycordobaweb.com\/index.php\/wp-json\/wp\/v2\/posts\/103051\/revisions"}],"wp:featuredmedia":[{"embeddable":true,"href":"http:\/\/hoycordobaweb.com\/index.php\/wp-json\/wp\/v2\/media\/103052"}],"wp:attachment":[{"href":"http:\/\/hoycordobaweb.com\/index.php\/wp-json\/wp\/v2\/media?parent=103051"}],"wp:term":[{"taxonomy":"category","embeddable":true,"href":"http:\/\/hoycordobaweb.com\/index.php\/wp-json\/wp\/v2\/categories?post=103051"},{"taxonomy":"post_tag","embeddable":true,"href":"http:\/\/hoycordobaweb.com\/index.php\/wp-json\/wp\/v2\/tags?post=103051"}],"curies":[{"name":"wp","href":"https:\/\/api.w.org\/{rel}","templated":true}]}}