{"id":10305,"date":"2021-01-18T00:35:00","date_gmt":"2021-01-18T00:35:00","guid":{"rendered":"https:\/\/www.perfil.com\/noticias\/actualidad\/kreplak-achaco-el-aumento-de-contagios-a-un-sector-privilegiado.phtml"},"modified":"2021-01-18T00:35:00","modified_gmt":"2021-01-18T00:35:00","slug":"kreplak-achaco-la-suba-de-casos-a-un-sector-privilegiado-economicamente","status":"publish","type":"post","link":"http:\/\/hoycordobaweb.com\/index.php\/2021\/01\/18\/kreplak-achaco-la-suba-de-casos-a-un-sector-privilegiado-economicamente\/","title":{"rendered":"Kreplak achac\u00f3 la suba de casos a \u00abun sector privilegiado econ\u00f3micamente\u00bb"},"content":{"rendered":"<p><img src=\"http:\/\/hoycordobaweb.com\/wp-content\/uploads\/2021\/01\/kreplak-achaco-la-suba-de-casos-a-un-sector-privilegiado-economicamente.jpg\"><\/p>\n<div><img src=\"http:\/\/hoycordobaweb.com\/wp-content\/uploads\/2021\/01\/kreplak-achaco-la-suba-de-casos-a-un-sector-privilegiado-economicamente-2.jpg\" class=\"ff-og-image-inserted\"><\/div>\n<aside class=\"relatedPost\">\n<h3>Noticias Relacionadas<\/h3>\n<\/aside>\n<p>El viceministro de Salud bonaerense, <a target=\"_blank\" href=\"https:\/\/www.perfil.com\/noticias\/salud\/el-gobierno-promete-que-nuevas-dosis-de-sputnik-v-llegaran-el-15-de-enero.phtml\" rel=\"noopener noreferrer\"><strong>Nicol\u00e1s Kreplak<\/strong><\/a>, sostuvo este domingo&nbsp;que existe<strong> \u00abalg\u00fan sector social muy privilegiado que es muy reticente a seguir las normativas\u00bb<\/strong> generales vinculadas a los cuidados sanitarios.<\/p>\n<p><em>Kreplak<\/em>&nbsp;hizo hincapi\u00e9&nbsp;adem\u00e1s en que&nbsp;\u00abno por ser uno m\u00e1s privilegiado econ\u00f3micamente tiene derecho a no cumplir las normativas generales vigentes\u00bb, estipuladas para contrarrestar la pandemia de coronavirus presente a nivel mundial.<\/p>\n<p>En un entrevista para <em>Toma y Daca,&nbsp;<\/em>de&nbsp; la emisora AM750, opin\u00f3 que <strong>\u00ablos sectores populares son mucho m\u00e1s cuidadosos\u00bb<\/strong> y destac\u00f3 que \u00abla enorme mayor\u00eda de los pibes y las pibas son muy precavidos\u00bb.<\/p>\n<p class=\"destacadoNota\"><a target=\"_blank\" href=\"https:\/\/www.perfil.com\/noticias\/politica\/sergio-berni-promete-que-a-partir-de-junio-la-pandemia-va-a-ser-historia.phtml\" rel=\"noopener noreferrer\">Sergio Berni promete que \u00aba partir de junio, la pandemia va a ser historia\u00bb<\/a><\/p>\n<p>Acto seguido, el viceministro asegur\u00f3 que \u00abquienes no cumplen las normativas son minor\u00eda\u00bb. Asimismo, recalc\u00f3 que con <a target=\"_blank\" href=\"https:\/\/www.perfil.com\/noticias\/salud\/la-restriccion-nocturna-no-es-suficiente-para-frenar-contagios-segun-el-infectologo-eduardo-lopez.phtml\" rel=\"noopener noreferrer\">las&nbsp;\u00faltimas medidas restrictivas nocturnas<\/a>, \u00abla poblaci\u00f3n en general recuper\u00f3 la atenci\u00f3n por los cuidados\u00bb.<\/p>\n<p>\u00abVen\u00edamos creciendo mucho y la \u00faltima semana no hemos crecido, esperemos que este sea el inicio de un descenso\u00bb, enfatiz\u00f3 el funcionario que integra la cartera de salud&nbsp;de la <strong>Provincia de Buenos Aires<\/strong>.<\/p>\n<p>Con respecto al operativo para la vacunaci\u00f3n masiva, aclar\u00f3&nbsp;que \u00aba\u00fan se encuentra en la etapa&nbsp;de inoculaci\u00f3n al personal de salud\u00bb. \u00abEstamos preparando la estrategia para, cuando tengamos cantidades masivas, comenzar la vacunaci\u00f3n en territorio\u00bb concluy\u00f3.<\/p>\n<p>JFG \/ Ds<\/p>\n","protected":false},"excerpt":{"rendered":"<p>Noticias Relacionadas El viceministro de Salud bonaerense, Nicol\u00e1s Kreplak, sostuvo este domingo&nbsp;que existe \u00abalg\u00fan sector social muy privilegiado que es muy reticente a seguir las normativas\u00bb generales vinculadas a los cuidados sanitarios. Kreplak&nbsp;hizo hincapi\u00e9&nbsp;adem\u00e1s en que&nbsp;\u00abno por ser uno m\u00e1s privilegiado econ\u00f3micamente tiene derecho a no cumplir las normativas generales vigentes\u00bb, estipuladas para contrarrestar la [&hellip;]<\/p>\n","protected":false},"author":1,"featured_media":10306,"comment_status":"closed","ping_status":"closed","sticky":false,"template":"","format":"standard","meta":[],"categories":[1],"tags":[],"_links":{"self":[{"href":"http:\/\/hoycordobaweb.com\/index.php\/wp-json\/wp\/v2\/posts\/10305"}],"collection":[{"href":"http:\/\/hoycordobaweb.com\/index.php\/wp-json\/wp\/v2\/posts"}],"about":[{"href":"http:\/\/hoycordobaweb.com\/index.php\/wp-json\/wp\/v2\/types\/post"}],"author":[{"embeddable":true,"href":"http:\/\/hoycordobaweb.com\/index.php\/wp-json\/wp\/v2\/users\/1"}],"replies":[{"embeddable":true,"href":"http:\/\/hoycordobaweb.com\/index.php\/wp-json\/wp\/v2\/comments?post=10305"}],"version-history":[{"count":0,"href":"http:\/\/hoycordobaweb.com\/index.php\/wp-json\/wp\/v2\/posts\/10305\/revisions"}],"wp:featuredmedia":[{"embeddable":true,"href":"http:\/\/hoycordobaweb.com\/index.php\/wp-json\/wp\/v2\/media\/10306"}],"wp:attachment":[{"href":"http:\/\/hoycordobaweb.com\/index.php\/wp-json\/wp\/v2\/media?parent=10305"}],"wp:term":[{"taxonomy":"category","embeddable":true,"href":"http:\/\/hoycordobaweb.com\/index.php\/wp-json\/wp\/v2\/categories?post=10305"},{"taxonomy":"post_tag","embeddable":true,"href":"http:\/\/hoycordobaweb.com\/index.php\/wp-json\/wp\/v2\/tags?post=10305"}],"curies":[{"name":"wp","href":"https:\/\/api.w.org\/{rel}","templated":true}]}}