{"id":103020,"date":"2025-04-23T17:15:38","date_gmt":"2025-04-23T17:15:38","guid":{"rendered":"https:\/\/www.ole.com.ar\/boca-juniors\/boca-river-superclasico-cavani-zenon-estudios_0_Bvc16WsdsO.html"},"modified":"2025-04-23T17:15:38","modified_gmt":"2025-04-23T17:15:38","slug":"alerta-en-boca-en-la-previa-al-super-cavani-y-zenon-con-molestias-musculares","status":"publish","type":"post","link":"http:\/\/hoycordobaweb.com\/index.php\/2025\/04\/23\/alerta-en-boca-en-la-previa-al-super-cavani-y-zenon-con-molestias-musculares\/","title":{"rendered":"Alerta en Boca en la previa al S\u00faper: Cavani y Zen\u00f3n, con molestias musculares"},"content":{"rendered":"<p><img src=\"http:\/\/hoycordobaweb.com\/wp-content\/uploads\/2025\/04\/alerta-en-boca-en-la-previa-al-super-cavani-y-zenon-con-molestias-musculares.jpg\"><\/p>\n<p><span class=\"createDate\">23\/04\/2025 14:15hs.<\/span><time class=\"modificatedDate\" datetime=\"2025-04-23T14:45:35-03:00\"> Actualizado al 23\/04\/2025 14:45hs.<\/time><\/p>\n<div id=\"storyBody\">\n<div class=\"custom-text \" readability=\"34.473067915691\">\n<p>La pr\u00e1ctica del mi\u00e9rcoles trajo muy malas noticias para <a href=\"https:\/\/www.ole.com.ar\/tema\/boca-juniors.html\" title=\"Boca Juniors\" alt=\"Boca Juniors\" class=\"slug\">Boca<\/a>, justo cuando arranca la cuenta regresiva para el supercl\u00e1sico. Desde el comienzo nom\u00e1s, una ausencia importante: <a href=\"https:\/\/www.ole.com.ar\/boca-juniors\/boca-ausencia-belmonte-cuadro-febril-superclpasico_0_UwKx0gpSYM.html\" target=\"_self\" title=\"Tom\u00e1s Belmonte no pudo entrenarse por un cuadro febril. Pero luego, hubo m\u00e1s\" alt=\"Tom\u00e1s Belmonte no pudo entrenarse por un cuadro febril. Pero luego, hubo m\u00e1s\" rel=\"noopener noreferrer\">Tom\u00e1s Belmonte no pudo entrenarse por un cuadro febril<\/a>. Pero luego, hubo m\u00e1s. Porque <strong>tanto Edinson Cavani como Kevin Zen\u00f3n no pudieron ser parte de la pr\u00e1ctica de f\u00fatbol por distintas molestias musculares.<\/strong> Y eso, de por s\u00ed, ya gener\u00f3 alerta.<\/p>\n<\/div>\n<div class=\"custom-text \" readability=\"40\">\n<p>De hecho,<strong> la idea es que ambos jugadores se realicen estudios m\u00e9dicos para conocer si sufrieron una lesi\u00f3n muscular o s\u00f3lo una contractura.<\/strong> Sobre todo, teniendo en cuenta la importancia del partido que se viene y tambi\u00e9n la influencia de ambos en el equipo. En principio, en Boca son optimistas de que no ser\u00e1 nada de gravedad, pero hay que esperar. Por lo general y especialmente con Cavani, los pron\u00f3sticos anticipados a veces fallaron.<\/p>\n<\/div>\n<div class=\"custom-text \" readability=\"43\">\n<p>Lo concreto es que lo que parec\u00eda una semana normal, una previa tranquila, con Boca puntero y ganador, y recuperando algunos de sus jugadores (Nicol\u00e1s Figal, despu\u00e9s de cinco meses), de repente empez\u00f3 a complicarse con estas situaciones inesperadas. De hecho, <strong>Fernando Gago ten\u00eda todo encaminado para repetir ante River en el Monumental el equipo que le hab\u00eda ganado a Estudiantes<\/strong>. Pero todo eso se alter\u00f3 con las ausencias de tres jugadores claves, como Belmonte, Zen\u00f3n y Cavani. <\/p>\n<\/div>\n<div class=\"sc-e7b891c4-0 ifHnQL image-embed\"><img alt=\"Zen\u00f3n, el otro tocado.\" loading=\"lazy\" width=\"720\" height=\"100\" decoding=\"async\" data-nimg=\"1\" src=\"http:\/\/hoycordobaweb.com\/wp-content\/uploads\/2025\/04\/alerta-en-boca-en-la-previa-al-super-cavani-y-zenon-con-molestias-musculares-2.jpg\"><span class=\"epigraphe\">Zen\u00f3n, el otro tocado.<\/span><\/div>\n<div class=\"custom-text \" readability=\"41\">\n<p>Por lo tanto, <strong>habr\u00e1 que esperar los resultados de los estudios de Cavani y de Zen\u00f3n para tener un panorama m\u00e1s claro del impacto que puede tener en el equipo<\/strong>. Porque son dos jugadores que, encima, hoy son titulares indiscutidos en el esquema de Gago: el volante, con un gran nivel; el Matador, con sus idas y vueltas, pero siendo el capit\u00e1n y referente del equipo.<\/p>\n<\/div>\n<p><h2><strong>\u00bfQui\u00e9nes jugaron por los ausentes en la pr\u00e1ctica?<\/strong><\/h2>\n<\/p>\n<div class=\"custom-text \" readability=\"42\">\n<p>En el ensayo de f\u00fatbol que hizo Gago, lo dicho, ni Belmonte, ni Zen\u00f3n ni Cavani estuvieron presentes. <strong>Por el Toto, en el medio, jug\u00f3 Rodrigo Battaglia, acompa\u00f1ando a Milton Delgado<\/strong>. El ex Hurac\u00e1n dej\u00f3 el fondo y por \u00e9l, con Rojo, estuvo Ayrton Costa.<\/p>\n<\/div>\n<div class=\"custom-text \" readability=\"37\">\n<p><strong>En lugar de Zen\u00f3n, en tanto, el que ocup\u00f3 esa funci\u00f3n fue quien ser\u00eda su reemplazante m\u00e1s natural: Alan Velasco.<\/strong> M\u00e1s all\u00e1 de no ser de las mismas caracter\u00edsticas, el ex Independiente es el que m\u00e1s se le acerca en cuando a rol y posici\u00f3n.<\/p>\n<\/div>\n<div class=\"sc-e7b891c4-0 ifHnQL image-embed\"><img alt=\"Velasco jug\u00f3 por Zen\u00f3n en la pr\u00e1ctica. (Prensa Boca)\" loading=\"lazy\" width=\"720\" height=\"100\" decoding=\"async\" data-nimg=\"1\" src=\"http:\/\/hoycordobaweb.com\/wp-content\/uploads\/2025\/04\/alerta-en-boca-en-la-previa-al-super-cavani-y-zenon-con-molestias-musculares-3.jpg\"><span class=\"epigraphe\">Velasco jug\u00f3 por Zen\u00f3n en la pr\u00e1ctica. (Prensa Boca)<\/span><\/div>\n<div class=\"custom-text \" readability=\"26.218487394958\">\n<p><strong>Y arriba, por Cavani, jug\u00f3 Exequiel Zeballos,<\/strong> <a href=\"https:\/\/www.ole.com.ar\/boca-juniors\/decision-gago-milton-gimenez-ander-herrera-superclasico_0_zFLJoOuOfE.html\" target=\"_self\" title=\"teniendo en cuenta que Milton Gim\u00e9nez tambi\u00e9n se recupera de una lesi\u00f3n en el tobillo y todav\u00eda no est\u00e1 a disposici\u00f3n\" alt=\"teniendo en cuenta que Milton Gim\u00e9nez tambi\u00e9n se recupera de una lesi\u00f3n en el tobillo y todav\u00eda no est\u00e1 a disposici\u00f3n\" rel=\"noopener noreferrer\">teniendo en cuenta que Milton Gim\u00e9nez tambi\u00e9n se recupera de una lesi\u00f3n en el tobillo y todav\u00eda no est\u00e1 a disposici\u00f3n<\/a> (ni \u00e9l ni Ander Herrera). As\u00ed, el Changuito fue quien acompa\u00f1\u00f3 a Merentiel, quien con este panorama pas\u00f3 de ser suplente antes de Estudiantes a ser una fija para jugar contra River.<\/p>\n<\/div>\n<div class=\"sc-e7b891c4-0 ifHnQL image-embed\"><img alt=\"El Changuito jug\u00f3 por el Matador, acompa\u00f1ando a Merentiel. (Prensa Boca)\" loading=\"lazy\" width=\"720\" height=\"100\" decoding=\"async\" data-nimg=\"1\" src=\"http:\/\/hoycordobaweb.com\/wp-content\/uploads\/2025\/04\/alerta-en-boca-en-la-previa-al-super-cavani-y-zenon-con-molestias-musculares-4.jpg\"><span class=\"epigraphe\">El Changuito jug\u00f3 por el Matador, acompa\u00f1ando a Merentiel. (Prensa Boca)<\/span><\/div>\n<div class=\"sc-a7166897-0 eoLsBE\" readability=\"6\">\n<section readability=\"2\"><picture><img alt=\"La decisi\u00f3n de Gago con Ander Herrera y Milton Gim\u00e9nez para el supercl\u00e1sico\" loading=\"lazy\" width=\"290\" height=\"290\" decoding=\"async\" data-nimg=\"1\" src=\"http:\/\/hoycordobaweb.com\/wp-content\/uploads\/2025\/04\/alerta-en-boca-en-la-previa-al-super-cavani-y-zenon-con-molestias-musculares-5.jpg\"><\/picture>\n<p><span>Mir\u00e1 tambi\u00e9n<\/span><\/p>\n<hr>\n<h3>La decisi\u00f3n de Gago con Ander Herrera y Milton Gim\u00e9nez para el supercl\u00e1sico<\/h3>\n<\/p>\n<\/section>\n<\/div>\n<div class=\"sc-a7166897-0 eoLsBE\" readability=\"7\">\n<section readability=\"4\"><picture><img alt=\"Pipo Gorosito sac\u00f3 pecho luego del triunfazo en Libertadores: &quot;Dejamos afuera a Boca, podemos ganarle a cualquiera&quot;\" loading=\"lazy\" width=\"290\" height=\"290\" decoding=\"async\" data-nimg=\"1\" src=\"http:\/\/hoycordobaweb.com\/wp-content\/uploads\/2025\/04\/alerta-en-boca-en-la-previa-al-super-cavani-y-zenon-con-molestias-musculares-6.jpg\"><\/picture>\n<p><span>Mir\u00e1 tambi\u00e9n<\/span><\/p>\n<hr>\n<h3>Pipo Gorosito sac\u00f3 pecho luego del triunfazo en Libertadores: \u00abDejamos afuera a Boca, podemos ganarle a cualquiera\u00bb<\/h3>\n<\/p>\n<\/section>\n<\/div>\n<div class=\"sc-a7166897-0 eoLsBE\" readability=\"6.5\">\n<section readability=\"3\"><picture><img alt=\"La calculadora de Gago: \u00bfqu\u00e9 necesita Boca para asegurarse el primer puesto de su zona en el Monumental?\" loading=\"lazy\" width=\"290\" height=\"290\" decoding=\"async\" data-nimg=\"1\" src=\"http:\/\/hoycordobaweb.com\/wp-content\/uploads\/2025\/04\/alerta-en-boca-en-la-previa-al-super-cavani-y-zenon-con-molestias-musculares-7.jpg\"><\/picture>\n<p><span>Mir\u00e1 tambi\u00e9n<\/span><\/p>\n<hr>\n<h3>La calculadora de Gago: \u00bfqu\u00e9 necesita Boca para asegurarse el primer puesto de su zona en el Monumental?<\/h3>\n<\/p>\n<\/section>\n<\/div>\n<div class=\"sc-a7166897-0 eoLsBE\" readability=\"6\">\n<section readability=\"2\"><picture><img alt=\"La ausencia en la pr\u00e1ctica de Boca que genera inquietud a d\u00edas del supercl\u00e1sico\" loading=\"lazy\" width=\"290\" height=\"290\" decoding=\"async\" data-nimg=\"1\" src=\"http:\/\/hoycordobaweb.com\/wp-content\/uploads\/2025\/04\/alerta-en-boca-en-la-previa-al-super-cavani-y-zenon-con-molestias-musculares-8.jpg\"><\/picture>\n<p><span>Mir\u00e1 tambi\u00e9n<\/span><\/p>\n<hr>\n<h3>La ausencia en la pr\u00e1ctica de Boca que genera inquietud a d\u00edas del supercl\u00e1sico<\/h3>\n<\/p>\n<\/section>\n<\/div>\n<div class=\"sc-a7166897-0 eoLsBE\" readability=\"6\">\n<section readability=\"2\"><picture><img alt=\"El dineral que podr\u00eda recibir Boca si Mateo Retegui es vendido al Manchester United\" loading=\"lazy\" width=\"290\" height=\"290\" decoding=\"async\" data-nimg=\"1\" src=\"http:\/\/hoycordobaweb.com\/wp-content\/uploads\/2025\/04\/alerta-en-boca-en-la-previa-al-super-cavani-y-zenon-con-molestias-musculares-9.jpg\"><\/picture>\n<p><span>Mir\u00e1 tambi\u00e9n<\/span><\/p>\n<hr>\n<h3>El dineral que podr\u00eda recibir Boca si Mateo Retegui es vendido al Manchester United<\/h3>\n<\/p>\n<\/section>\n<\/div>\n<\/div>\n","protected":false},"excerpt":{"rendered":"<p>23\/04\/2025 14:15hs. Actualizado al 23\/04\/2025 14:45hs. La pr\u00e1ctica del mi\u00e9rcoles trajo muy malas noticias para Boca, justo cuando arranca la cuenta regresiva para el supercl\u00e1sico. Desde el comienzo nom\u00e1s, una ausencia importante: Tom\u00e1s Belmonte no pudo entrenarse por un cuadro febril. Pero luego, hubo m\u00e1s. Porque tanto Edinson Cavani como Kevin Zen\u00f3n no pudieron ser [&hellip;]<\/p>\n","protected":false},"author":1,"featured_media":103021,"comment_status":"open","ping_status":"closed","sticky":false,"template":"","format":"standard","meta":[],"categories":[16],"tags":[],"_links":{"self":[{"href":"http:\/\/hoycordobaweb.com\/index.php\/wp-json\/wp\/v2\/posts\/103020"}],"collection":[{"href":"http:\/\/hoycordobaweb.com\/index.php\/wp-json\/wp\/v2\/posts"}],"about":[{"href":"http:\/\/hoycordobaweb.com\/index.php\/wp-json\/wp\/v2\/types\/post"}],"author":[{"embeddable":true,"href":"http:\/\/hoycordobaweb.com\/index.php\/wp-json\/wp\/v2\/users\/1"}],"replies":[{"embeddable":true,"href":"http:\/\/hoycordobaweb.com\/index.php\/wp-json\/wp\/v2\/comments?post=103020"}],"version-history":[{"count":0,"href":"http:\/\/hoycordobaweb.com\/index.php\/wp-json\/wp\/v2\/posts\/103020\/revisions"}],"wp:featuredmedia":[{"embeddable":true,"href":"http:\/\/hoycordobaweb.com\/index.php\/wp-json\/wp\/v2\/media\/103021"}],"wp:attachment":[{"href":"http:\/\/hoycordobaweb.com\/index.php\/wp-json\/wp\/v2\/media?parent=103020"}],"wp:term":[{"taxonomy":"category","embeddable":true,"href":"http:\/\/hoycordobaweb.com\/index.php\/wp-json\/wp\/v2\/categories?post=103020"},{"taxonomy":"post_tag","embeddable":true,"href":"http:\/\/hoycordobaweb.com\/index.php\/wp-json\/wp\/v2\/tags?post=103020"}],"curies":[{"name":"wp","href":"https:\/\/api.w.org\/{rel}","templated":true}]}}