{"id":103014,"date":"2025-04-23T17:42:23","date_gmt":"2025-04-23T17:42:23","guid":{"rendered":"https:\/\/www.ole.com.ar\/futbol-internacional\/espana\/simeone-guino-cuti-romero-queremos-gente-caracter-personalidad-trabajo-piense-equipo_0_FiZhxPyMt5.html"},"modified":"2025-04-23T17:42:23","modified_gmt":"2025-04-23T17:42:23","slug":"simeone-y-un-guino-al-cuti-romero-queremos-gente-con-caracter-personalidad-y-trabajo-que-piense-en-el-equipo","status":"publish","type":"post","link":"http:\/\/hoycordobaweb.com\/index.php\/2025\/04\/23\/simeone-y-un-guino-al-cuti-romero-queremos-gente-con-caracter-personalidad-y-trabajo-que-piense-en-el-equipo\/","title":{"rendered":"Simeone y \u00bfun gui\u00f1o al Cuti Romero?: \u00abQueremos gente con car\u00e1cter, personalidad y trabajo, que piense en el equipo\u00bb"},"content":{"rendered":"<p><img src=\"http:\/\/hoycordobaweb.com\/wp-content\/uploads\/2025\/04\/simeone-y-un-guino-al-cuti-romero-queremos-gente-con-caracter-personalidad-y-trabajo-que-piense-en-el-equipo.jpg\"><\/p>\n<p><time class=\"createDate\" datetime=\"2025-04-23T14:42:23-03:00\">23\/04\/2025 14:42hs.<\/time><\/p>\n<div id=\"storyBody\">\n<div class=\"custom-text \" readability=\"34.893617021277\">\n<p>Con el cierre de la temporada cada vez m\u00e1s cerca y con un <strong><a href=\"https:\/\/www.ole.com.ar\/tema\/atletico-de-madrid.html\" title=\"Atl\u00e9tico de Madrid\" alt=\"Atl\u00e9tico de Madrid\" class=\"slug\">Atl\u00e9tico de Madrid <\/a><\/strong>ya fuera de la <strong><a href=\"https:\/\/www.ole.com.ar\/tema\/champions-league.html\" title=\"Champions League\" alt=\"Champions League\" class=\"slug\">Champions League<\/a><\/strong> y lejos del Barcelona en la Liga, el conjunto Colchonero y su DT, <strong><a href=\"https:\/\/www.ole.com.ar\/tema\/diego-simeone.html\" title=\"Diego Simeone\" alt=\"Diego Simeone\" class=\"slug\">Diego Simeone<\/a><\/strong>, ya piensan en el armado del plantel para la pr\u00f3xima temporada. Y, entre la cl\u00e1sica danza de nombres de cada mercado, apareci\u00f3 el nombre de Cristian Romero como uno de los apuntados.<\/p>\n<\/div>\n<div class=\"custom-text \" readability=\"37.988472622478\">\n<p> A la par, del inter\u00e9s del Aleti por el jugador del <strong><a href=\"https:\/\/www.ole.com.ar\/tema\/tottenham-hotspur.html\" title=\"Tottenham Hotspur\" alt=\"Tottenham Hotspur\" class=\"slug\">Tottenham<\/a>, que pretender\u00eda 75 millones de euros por su pase,<\/strong> el mismo Cuti le dej\u00f3 la puerta abierta a una posible llegada a la Liga: \u00abEn mi cabeza est\u00e1 crecer, pero no quiero hablar de eso. <strong>Me faltar\u00eda jugar en la liga de Espa\u00f1a. Me encantar\u00eda para competir en todas las ligas fuertes\u201d.<\/strong><\/p>\n<\/div>\n<div class=\"custom-text \" readability=\"42\">\n<p>En medio de estos rumores, al Cholo le preguntaron en conferencia qu\u00e9 caracter\u00edstica innegociable tiene que tener un futbolista para jugar en su equipo y, sin dudarlo, describi\u00f3: <strong>\u00abMe conocen de hace 14 a\u00f1os y saben el perfil de futbolista que necesitamos, no s\u00f3lo en mi etapa, sino lo que siempre le ha hecho bien al Atl\u00e9tico de Madrid: queremos gente con car\u00e1cter, personalidad y trabajo, que piense en el equipo antes que en lo individual y en este camino largo. En todo este tiempo hemos tenido esos futbolistas\u00bb.<\/strong><\/p>\n<\/div>\n<div class=\"custom-text \" readability=\"36\">\n<p>Si bien la pregunta no apuntaba directamente al Cuti, <strong>la descripci\u00f3n, sin dudas, se adapta perfectamente al defensor campe\u00f3n con la Selecci\u00f3n Argentina en Qatar 2022. <\/strong><\/p>\n<\/div>\n<p><h2><strong>Cuti Romero, \u00bfy un gui\u00f1o al Atl\u00e9tico Madrid?: \u00abMe encantar\u00eda jugar en Espa\u00f1a\u00bb<\/strong><\/h2>\n<\/p>\n<div class=\"custom-text \" readability=\"39\">\n<p><strong>\u00abTodav\u00eda no habl\u00e9 con mi representante, pero estoy dispuesto a cualquier cosa\u00bb. <\/strong>Las palabras del Cuti Romero resonaron en Espa\u00f1a y, m\u00e1s precisamente, en el Atl\u00e9tico Madrid. En medio de los rumores que indican que el conjunto del Cholo Simeone ir\u00eda con todo para quedarse con su pase, el zaguero de la Selecci\u00f3n pareci\u00f3 haberle tirado un centro al Colchonero.<\/p>\n<\/div>\n<div class=\"custom-text \" readability=\"39\">\n<p>Y es que en di\u00e1logo con Los Edul, Romero indic\u00f3 que <strong>\u00abme encantar\u00eda jugar en La Liga, es la que me falta\u00bb<\/strong>. Esto se debe a que el Cuti ya pas\u00f3 por otra liga importante de Europa como lo es la Serie A, y a d\u00eda de hoy se encuentra en la Premier League. Por eso, ahora tiene la idea de en alg\u00fan momento partir para Espa\u00f1a ya que <strong>\u00aben mi cabeza est\u00e1 siempre crecer e ir a nuevos lugares para seguir creciendo\u00bb.<\/strong><\/p>\n<\/div>\n<div class=\"sc-734b4696-1 kFfZtB\">\n<div class=\"sc-d00d9e74-0 hnHYbk vertical\" type=\"embed\">\n<div class=\"sc-d00d9e74-1 iKVbz videoText\" id=\"contentTitleembedwETx2WwN\" type=\"embed\"><svg fill=\"#ffffff\"><symbol id=\"play\" viewBox=\"0 0 512 512\"><path d=\"M512 256C512 397.4 397.4 512 256 512C114.6 512 0 397.4 0 256C0 114.6 114.6 0 256 0C397.4 0 512 114.6 512 256zM176 168V344C176 352.7 180.7 360.7 188.3 364.9C195.8 369.2 205.1 369 212.5 364.5L356.5 276.5C363.6 272.1 368 264.4 368 256C368 247.6 363.6 239.9 356.5 235.5L212.5 147.5C205.1 142.1 195.8 142.8 188.3 147.1C180.7 151.3 176 159.3 176 168V168z\" \/><\/symbol><use xlink:href=\"#play\" \/><\/svg><\/p>\n<div class=\"right\">\n<p>Cristian Romero<!-- --> &#8211; <span>&nbsp;<\/span><\/p>\n<h2 class=\"title-vid\">El Cuti Romero y sus ganas de jugar en Espa\u00f1a<\/h2>\n<\/div>\n<\/div>\n<p><span class=\"back\" id=\"spanBackembedwETx2WwN\"><\/span><\/div>\n<div class=\"JWvideoNota_title\">\n<p>Fuente: Los Edul<\/p>\n<\/div>\n<\/div>\n<div class=\"custom-text \" readability=\"37\">\n<p>De todos modos, Romero fue cauto en cuanto a su futuro ya que \u00abtodav\u00eda faltan dos meses para que termine el campeonato. Trato de vivir el d\u00eda a d\u00eda y rendir al m\u00e1ximo para terminar de la mejor manera\u00bb. Adem\u00e1s se\u00f1al\u00f3 que en el Tottenham <strong>\u00abestoy feliz. Estamos en la semifinal de la Europa League <\/strong>(enfrentar\u00e1 al Bodo\/Glimt de Noruega), lo que es un paso importante para el club despu\u00e9s de tantos a\u00f1os que no llegaba y quisiera ganarla\u00bb.<\/p>\n<\/div>\n<div class=\"sc-e7b891c4-0 ifHnQL image-embed\"><img alt=\"El Cuti podr\u00eda dejar el Tottenham en este mercado. \" loading=\"lazy\" width=\"720\" height=\"100\" decoding=\"async\" data-nimg=\"1\" src=\"http:\/\/hoycordobaweb.com\/wp-content\/uploads\/2025\/04\/simeone-y-un-guino-al-cuti-romero-queremos-gente-con-caracter-personalidad-y-trabajo-que-piense-en-el-equipo-2.jpg\"><span class=\"epigraphe\">El Cuti podr\u00eda dejar el Tottenham en este mercado. <\/span><\/div>\n<div class=\"custom-text \" readability=\"43\">\n<p>Pero claro, a pesar de que el zaguero de la Selecci\u00f3n trat\u00f3 de ser cauto, sus palabras no pasaron desapercibidas en el Atl\u00e9tico Madrid, que como tentaci\u00f3n extra tiene a varios de los integrantes de la Scaloneta en sus filas. <strong>Sin ir m\u00e1s lejos, Rodrigo De Paul, Juli\u00e1n \u00c1lvarez, \u00c1ngel Correa, Giuliano Simeone, Juan Musso y Nahuel Molina seguramente lo habr\u00e1n tratado de convencer en m\u00e1s de una oportunidad<\/strong> para que arme las valijas y se mude a Madrid. El tiempo dir\u00e1 si el Aleti de los argentinos suma a un compatriota m\u00e1s.<\/p>\n<\/div>\n<p><h2><strong>La mira del Aleti, puesta en el Cuti Romero<\/strong><\/h2>\n<\/p>\n<div class=\"custom-text \" readability=\"38\">\n<p>A pesar de que pelea por seguir en la lucha por LaLiga, el conjunto del Cholo Simeone ya pone la mira en la temporada que viene. Por eso, seg\u00fan consignan varios medios de Espa\u00f1a, <strong>el Colchonero ir\u00eda por el Cuti Romero para reforzar una defensa que necesita cambios tras la probable salida de C\u00e9sar Azpilicueta.<\/strong><\/p>\n<\/div>\n<div class=\"custom-text \" readability=\"42\">\n<p>Ya desde hace rato que el club sondea su situaci\u00f3n. Y es que tal como lo dej\u00f3 en claro con Los Edul, <strong>el Cuti en junio analizar\u00e1 opciones para un posible cambio de aire. <\/strong>Por eso, y a pesar de que a\u00fan no hay ninguna negociaci\u00f3n formal, el club colchonero est\u00e1 muy atento al desarrollo del caso, especialmente considerando las dificultades que supone negociar con el <strong>Tottenham, cuya directiva, encabezada por Daniel Levy, es conocida por su dureza en las transacciones.<\/strong><\/p>\n<\/div>\n<div class=\"custom-text \" readability=\"40\">\n<p>Por eso, para tratar de alcanzar las pretensiones de los Spurs, <strong>el Aleti estar\u00eda dispuesto a desembolsar al menos 51 millones de euros, tal como inform\u00f3 Daily Mirror.<\/strong> Y es que el objetivo del Colchonero ser\u00eda cerrar la llegada del defensor antes del Mundial de Clubes. De todos modos, seg\u00fan trascendi\u00f3, el Tottenham no se desprender\u00eda de su ficha por menos de 80 millones de euros. Habr\u00e1 que ver c\u00f3mo sigue esta novela que seguramente tendr\u00e1 varios cap\u00edtulos m\u00e1s.<\/p>\n<\/div>\n<div class=\"sc-a7166897-0 eoLsBE\" readability=\"6.5\">\n<section readability=\"3\"><picture><img alt=\"La prensa espa\u00f1ola asegura cu\u00e1l es el precio de salida de \u00c1ngel Correa del Atl\u00e9tico de Madrid \" loading=\"lazy\" width=\"290\" height=\"290\" decoding=\"async\" data-nimg=\"1\" src=\"http:\/\/hoycordobaweb.com\/wp-content\/uploads\/2025\/04\/simeone-y-un-guino-al-cuti-romero-queremos-gente-con-caracter-personalidad-y-trabajo-que-piense-en-el-equipo-3.jpg\"><\/picture>\n<p><span>Mir\u00e1 tambi\u00e9n<\/span><\/p>\n<hr>\n<h3>La prensa espa\u00f1ola asegura cu\u00e1l es el precio de salida de \u00c1ngel Correa del Atl\u00e9tico de Madrid <\/h3>\n<\/p>\n<\/section>\n<\/div>\n<div class=\"sc-a7166897-0 eoLsBE\" readability=\"6.5\">\n<section readability=\"3\"><picture><img alt=\"Cuti Romero, \u00bfy un gui\u00f1o al Atl\u00e9tico Madrid?: &quot;Me encantar\u00eda jugar en Espa\u00f1a&quot;\" loading=\"lazy\" width=\"290\" height=\"290\" decoding=\"async\" data-nimg=\"1\" src=\"http:\/\/hoycordobaweb.com\/wp-content\/uploads\/2025\/04\/simeone-y-un-guino-al-cuti-romero-queremos-gente-con-caracter-personalidad-y-trabajo-que-piense-en-el-equipo-4.jpg\"><\/picture>\n<p><span>Mir\u00e1 tambi\u00e9n<\/span><\/p>\n<hr>\n<h3>Cuti Romero, \u00bfy un gui\u00f1o al Atl\u00e9tico Madrid?: \u00abMe encantar\u00eda jugar en Espa\u00f1a\u00bb<\/h3>\n<\/p>\n<\/section>\n<\/div>\n<div class=\"sc-a7166897-0 eoLsBE\" readability=\"6\">\n<section readability=\"2\"><picture><img alt=\"El particular v\u00ednculo del Papa Francisco con un campe\u00f3n del mundo\" loading=\"lazy\" width=\"290\" height=\"290\" decoding=\"async\" data-nimg=\"1\" src=\"http:\/\/hoycordobaweb.com\/wp-content\/uploads\/2025\/04\/simeone-y-un-guino-al-cuti-romero-queremos-gente-con-caracter-personalidad-y-trabajo-que-piense-en-el-equipo-5.jpg\"><\/picture>\n<p><span>Mir\u00e1 tambi\u00e9n<\/span><\/p>\n<hr>\n<h3>El particular v\u00ednculo del Papa Francisco con un campe\u00f3n del mundo<\/h3>\n<\/p>\n<\/section>\n<\/div>\n<\/div>\n","protected":false},"excerpt":{"rendered":"<p>23\/04\/2025 14:42hs. Con el cierre de la temporada cada vez m\u00e1s cerca y con un Atl\u00e9tico de Madrid ya fuera de la Champions League y lejos del Barcelona en la Liga, el conjunto Colchonero y su DT, Diego Simeone, ya piensan en el armado del plantel para la pr\u00f3xima temporada. Y, entre la cl\u00e1sica danza [&hellip;]<\/p>\n","protected":false},"author":1,"featured_media":103015,"comment_status":"open","ping_status":"closed","sticky":false,"template":"","format":"standard","meta":[],"categories":[16],"tags":[],"_links":{"self":[{"href":"http:\/\/hoycordobaweb.com\/index.php\/wp-json\/wp\/v2\/posts\/103014"}],"collection":[{"href":"http:\/\/hoycordobaweb.com\/index.php\/wp-json\/wp\/v2\/posts"}],"about":[{"href":"http:\/\/hoycordobaweb.com\/index.php\/wp-json\/wp\/v2\/types\/post"}],"author":[{"embeddable":true,"href":"http:\/\/hoycordobaweb.com\/index.php\/wp-json\/wp\/v2\/users\/1"}],"replies":[{"embeddable":true,"href":"http:\/\/hoycordobaweb.com\/index.php\/wp-json\/wp\/v2\/comments?post=103014"}],"version-history":[{"count":0,"href":"http:\/\/hoycordobaweb.com\/index.php\/wp-json\/wp\/v2\/posts\/103014\/revisions"}],"wp:featuredmedia":[{"embeddable":true,"href":"http:\/\/hoycordobaweb.com\/index.php\/wp-json\/wp\/v2\/media\/103015"}],"wp:attachment":[{"href":"http:\/\/hoycordobaweb.com\/index.php\/wp-json\/wp\/v2\/media?parent=103014"}],"wp:term":[{"taxonomy":"category","embeddable":true,"href":"http:\/\/hoycordobaweb.com\/index.php\/wp-json\/wp\/v2\/categories?post=103014"},{"taxonomy":"post_tag","embeddable":true,"href":"http:\/\/hoycordobaweb.com\/index.php\/wp-json\/wp\/v2\/tags?post=103014"}],"curies":[{"name":"wp","href":"https:\/\/api.w.org\/{rel}","templated":true}]}}