{"id":103008,"date":"2025-04-23T15:55:52","date_gmt":"2025-04-23T15:55:52","guid":{"rendered":"http:\/\/hoycordobaweb.com\/index.php\/2025\/04\/23\/luego-del-escandalo-el-presidente-de-san-lorenzo-se-pidio-licencia-por-encima-de-todos\/"},"modified":"2025-04-23T15:55:52","modified_gmt":"2025-04-23T15:55:52","slug":"luego-del-escandalo-el-presidente-de-san-lorenzo-se-pidio-licencia-por-encima-de-todos","status":"publish","type":"post","link":"http:\/\/hoycordobaweb.com\/index.php\/2025\/04\/23\/luego-del-escandalo-el-presidente-de-san-lorenzo-se-pidio-licencia-por-encima-de-todos\/","title":{"rendered":"Luego del esc\u00e1ndalo, el presidente de San Lorenzo se pidi\u00f3 licencia: \u201cPor encima de todos\u201d"},"content":{"rendered":"<p>Posteriormente, se conoci\u00f3 la apertura de un expediente en la Asociaci\u00f3n del <b>F\u00fatbol Argentino<\/b> (AFA) y una denuncia penal en su contra. Ante esta&nbsp;&#8230; <\/p>\n","protected":false},"excerpt":{"rendered":"<p>Posteriormente, se conoci\u00f3 la apertura de un expediente en la Asociaci\u00f3n del F\u00fatbol Argentino (AFA) y una denuncia penal en su contra. Ante esta&nbsp;&#8230;<\/p>\n","protected":false},"author":1,"featured_media":0,"comment_status":"closed","ping_status":"closed","sticky":false,"template":"","format":"standard","meta":[],"categories":[22],"tags":[],"_links":{"self":[{"href":"http:\/\/hoycordobaweb.com\/index.php\/wp-json\/wp\/v2\/posts\/103008"}],"collection":[{"href":"http:\/\/hoycordobaweb.com\/index.php\/wp-json\/wp\/v2\/posts"}],"about":[{"href":"http:\/\/hoycordobaweb.com\/index.php\/wp-json\/wp\/v2\/types\/post"}],"author":[{"embeddable":true,"href":"http:\/\/hoycordobaweb.com\/index.php\/wp-json\/wp\/v2\/users\/1"}],"replies":[{"embeddable":true,"href":"http:\/\/hoycordobaweb.com\/index.php\/wp-json\/wp\/v2\/comments?post=103008"}],"version-history":[{"count":0,"href":"http:\/\/hoycordobaweb.com\/index.php\/wp-json\/wp\/v2\/posts\/103008\/revisions"}],"wp:attachment":[{"href":"http:\/\/hoycordobaweb.com\/index.php\/wp-json\/wp\/v2\/media?parent=103008"}],"wp:term":[{"taxonomy":"category","embeddable":true,"href":"http:\/\/hoycordobaweb.com\/index.php\/wp-json\/wp\/v2\/categories?post=103008"},{"taxonomy":"post_tag","embeddable":true,"href":"http:\/\/hoycordobaweb.com\/index.php\/wp-json\/wp\/v2\/tags?post=103008"}],"curies":[{"name":"wp","href":"https:\/\/api.w.org\/{rel}","templated":true}]}}