{"id":102931,"date":"2025-04-23T05:25:11","date_gmt":"2025-04-23T05:25:11","guid":{"rendered":"https:\/\/www.mujerhoy.com\/moda\/no-te-pierdas\/vestidos-manga-corta-primavera-entretiempo-20250423072325-nt.html"},"modified":"2025-04-23T05:25:11","modified_gmt":"2025-04-23T05:25:11","slug":"vestidos-de-manga-corta-elegantes-versatiles-y-perfectos-para-el-entretiempo-combinan-con-todo","status":"publish","type":"post","link":"http:\/\/hoycordobaweb.com\/index.php\/2025\/04\/23\/vestidos-de-manga-corta-elegantes-versatiles-y-perfectos-para-el-entretiempo-combinan-con-todo\/","title":{"rendered":"Vestidos de manga corta elegantes, vers\u00e1tiles y perfectos para el entretiempo: combinan con todo"},"content":{"rendered":"<p><!-- AUTHOR --> <\/p>\n<div class=\"voc-author-timesocial \"> <!-- AUTHOR --> <\/p>\n<div class=\"voc-author-timesocial__signature \">\n<div class=\"voc-author-timesocial__img-c\"> <!-- IMAGE AUTHOR --> <picture class=\"voc-image-signature\"> <img class=\"voc-image-signature__img\" src=\"http:\/\/hoycordobaweb.com\/wp-content\/uploads\/2025\/04\/vestidos-de-manga-corta-elegantes-versatiles-y-perfectos-para-el-entretiempo-combinan-con-todo.jpg\" alt=\"Lauren Izquierdo\"> <\/picture> <\/div>\n<p> <!-- INFO AUTHOR --> <\/div><\/div>\n<p> <!-- COMPONENTS --> <\/p>\n<p class=\"voc-paragraph\" data-mrf-recirculation=\"Link art\u00edculo\">Cuando los d\u00edas (y las temperaturas) juegan al despiste, los <strong>vestidos de manga corta<\/strong> se convierten en ese comod\u00edn infalible que toda mujer elegante guarda en su <a data-voc-vtm-id=\"in-text-traffic\" href=\"https:\/\/www.mujerhoy.com\/vivir\/decoracion\/orden-armario-imprescindibles-organizadores-baratos-facil-bonito-20230730095113-nt.html\" title=\"www.mujerhoy.com\" data-mrf-link=\"https:\/\/www.mujerhoy.com\/vivir\/decoracion\/orden-armario-imprescindibles-organizadores-baratos-facil-bonito-20230730095113-nt.html\">armario<\/a><br \/>\n. No son tan frescos como para pasar fr\u00edo, ni tan abrigados como para resultar pesados: est\u00e1n justo en ese <strong>punto intermedio<\/strong> que siempre es buena opci\u00f3n. Sobre todo, porque su abanico de posibilidades es <strong>bastante amplio<\/strong>: los hay fluidos, estructurados, lisos o con estampado, pero todos tienen algo en com\u00fan: resuelven cualquier imprevisto que tengas con pocos accesorios.\n<\/p>\n<p class=\"voc-paragraph\" data-mrf-recirculation=\"Link art\u00edculo\">Las <strong>prescriptoras de moda m\u00e1s aventajadas<\/strong> los combinan con bailarinas, merceditas o alpargatas de cu\u00f1a y un <a data-voc-vtm-id=\"in-text-traffic\" href=\"https:\/\/www.mujerhoy.com\/moda\/tendencias\/bolsos-lady-complemento-chic-femenino-looks-otono-invierno-20241106100744-nt.html\" title=\"www.mujerhoy.com\" data-mrf-link=\"https:\/\/www.mujerhoy.com\/moda\/tendencias\/bolsos-lady-complemento-chic-femenino-looks-otono-invierno-20241106100744-nt.html\">bolso de mano discreto<\/a><br \/>\n. Si refresca, una <a data-voc-vtm-id=\"in-text-traffic\" href=\"https:\/\/www.mujerhoy.com\/moda\/no-te-pierdas\/chaquetas-especiales-punto-suave-invierno-entretiempo-20250213075101-nt.html\" title=\"www.mujerhoy.com\" data-mrf-link=\"https:\/\/www.mujerhoy.com\/moda\/no-te-pierdas\/chaquetas-especiales-punto-suave-invierno-entretiempo-20250213075101-nt.html\">chaqueta de punto ligera<\/a> o una <strong>americana cruzada<\/strong> por encima basta para redondear el conjunto. <\/p>\n<p class=\"voc-paragraph\" data-mrf-recirculation=\"Link art\u00edculo\">En <strong>clave minimal<\/strong> o con un aire retro, estos vestidos aportan una elegancia que no resulta rancia ni <strong>extravagante<\/strong>. Adem\u00e1s, tienen ese don que pocas prendas poseen: sientan bien a todas las edades y estilos. Si eliges un corte midi o evas\u00e9, estilizan sin marcar demasiado y alargan visualmente la silueta. \u00bfUn <strong>truco<\/strong>? F\u00edjate en los <strong>detalles<\/strong>: una botonadura bonita, un cintur\u00f3n fino o un escote ligeramente cuadrado suelen marcar la diferencia. <\/p>\n<p><h3 class=\"voc-detail__title\"> Seis vestidos de manga corta para primavera<br \/>\n<\/h3>\n<\/p>\n<div class=\"voc-detail-photo-zoom\"> <picture data-toggle=\"modal\" data-target=\"#photoZoomModal-147\" target=\"modal\">\n<div class=\"voc-img-icon-link\"> <img loading=\"lazy\" src=\"http:\/\/hoycordobaweb.com\/wp-content\/uploads\/2025\/04\/vestidos-de-manga-corta-elegantes-versatiles-y-perfectos-para-el-entretiempo-combinan-con-todo-1.jpg\" width=\"650\" height=\"900\" alt=\"Vestido de manga corta de Lacoste, 140 euros.\"> <noscript> <img src=\"http:\/\/hoycordobaweb.com\/wp-content\/uploads\/2025\/04\/vestidos-de-manga-corta-elegantes-versatiles-y-perfectos-para-el-entretiempo-combinan-con-todo-1.jpg\" alt=\"Vestido de manga corta de Lacoste, 140 euros.\"> <\/noscript> <i class=\"voc-icons zoom voc-multimedia-box voc-ico-l\"><\/i> <\/div><figcaption class=\"figure-caption\">Vestido de manga corta de Lacoste, 140 euros.<\/figcaption><\/picture>\n<\/div>\n<div id=\"photoZoomModal-147\" class=\"voc-lightbox modal fade voc-lightbox--photo-zoom\" role=\"dialog\" data-voc-photozoom-lightbox>\n<div class=\"voc-lightbox__dialog\" role=\"document\">\n<div class=\"voc-lightbox__content\"> <!-- Modal header --> <!-- Modal content --> <\/p>\n<div class=\"voc-lightbox__photo-container\"> <picture class> <img loading=\"lazy\" src=\"http:\/\/hoycordobaweb.com\/wp-content\/uploads\/2025\/04\/vestidos-de-manga-corta-elegantes-versatiles-y-perfectos-para-el-entretiempo-combinan-con-todo-1.jpg\" alt=\"Vestido de manga corta de Lacoste, 140 euros.\"> <noscript> <img src=\"http:\/\/hoycordobaweb.com\/wp-content\/uploads\/2025\/04\/vestidos-de-manga-corta-elegantes-versatiles-y-perfectos-para-el-entretiempo-combinan-con-todo-1.jpg\" alt=\"Vestido de manga corta de Lacoste, 140 euros.\"> <\/noscript> <\/picture> <\/div><\/div><\/div>\n<\/div>\n<p class=\"voc-paragraph\" data-mrf-recirculation=\"Link art\u00edculo\"><strong>Vestido de manga corta de Lacoste, 140 euros<\/strong>. No hace falta que te diga que con la vuelta del Open Madrid Mutua, este vestido va a convertirse en uno de los m\u00e1s vendidos que arrasar\u00e1 entre aquellas que tienen integrado el esp\u00edritu old money aut\u00e9ntico.\n<\/p>\n<div class=\"voc-detail-photo-zoom\"> <picture data-toggle=\"modal\" data-target=\"#photoZoomModal-943\" target=\"modal\">\n<div class=\"voc-img-icon-link\"> <img loading=\"lazy\" src=\"http:\/\/hoycordobaweb.com\/wp-content\/uploads\/2025\/04\/vestidos-de-manga-corta-elegantes-versatiles-y-perfectos-para-el-entretiempo-combinan-con-todo-2.jpg\" width=\"650\" height=\"900\" alt=\"Vestido camisero rosa de Lola Casademunt, 119 euros.\"> <noscript> <img src=\"http:\/\/hoycordobaweb.com\/wp-content\/uploads\/2025\/04\/vestidos-de-manga-corta-elegantes-versatiles-y-perfectos-para-el-entretiempo-combinan-con-todo-2.jpg\" alt=\"Vestido camisero rosa de Lola Casademunt, 119 euros.\"> <\/noscript> <i class=\"voc-icons zoom voc-multimedia-box voc-ico-l\"><\/i> <\/div><figcaption class=\"figure-caption\">Vestido camisero rosa de Lola Casademunt, 119 euros.<\/figcaption><\/picture>\n<\/div>\n<div id=\"photoZoomModal-943\" class=\"voc-lightbox modal fade voc-lightbox--photo-zoom\" role=\"dialog\" data-voc-photozoom-lightbox>\n<div class=\"voc-lightbox__dialog\" role=\"document\">\n<div class=\"voc-lightbox__content\"> <!-- Modal header --> <!-- Modal content --> <\/p>\n<div class=\"voc-lightbox__photo-container\"> <picture class> <img loading=\"lazy\" src=\"http:\/\/hoycordobaweb.com\/wp-content\/uploads\/2025\/04\/vestidos-de-manga-corta-elegantes-versatiles-y-perfectos-para-el-entretiempo-combinan-con-todo-2.jpg\" alt=\"Vestido camisero rosa de Lola Casademunt, 119 euros.\"> <noscript> <img src=\"http:\/\/hoycordobaweb.com\/wp-content\/uploads\/2025\/04\/vestidos-de-manga-corta-elegantes-versatiles-y-perfectos-para-el-entretiempo-combinan-con-todo-2.jpg\" alt=\"Vestido camisero rosa de Lola Casademunt, 119 euros.\"> <\/noscript> <\/picture> <\/div><\/div><\/div>\n<\/div>\n<p class=\"voc-paragraph\" data-mrf-recirculation=\"Link art\u00edculo\"><strong>Vestido camisero rosa de Lola Casademunt, 119 euros<\/strong>. El color vuelve cuando los d\u00edas se hacen m\u00e1s largos y cuando las temperaturas comienzan a ser m\u00e1s agradables. Con unas cu\u00f1as, este vestido es un s\u00ed asegurado. <\/p>\n<div class=\"voc-detail-photo-zoom\"> <picture data-toggle=\"modal\" data-target=\"#photoZoomModal-152\" target=\"modal\">\n<div class=\"voc-img-icon-link\"> <img loading=\"lazy\" src=\"http:\/\/hoycordobaweb.com\/wp-content\/uploads\/2025\/04\/vestidos-de-manga-corta-elegantes-versatiles-y-perfectos-para-el-entretiempo-combinan-con-todo-3.jpg\" width=\"650\" height=\"900\" alt=\"Vestido con estampado floral de Salsa, 109 euros.\"> <noscript> <img src=\"http:\/\/hoycordobaweb.com\/wp-content\/uploads\/2025\/04\/vestidos-de-manga-corta-elegantes-versatiles-y-perfectos-para-el-entretiempo-combinan-con-todo-3.jpg\" alt=\"Vestido con estampado floral de Salsa, 109 euros.\"> <\/noscript> <i class=\"voc-icons zoom voc-multimedia-box voc-ico-l\"><\/i> <\/div><figcaption class=\"figure-caption\">Vestido con estampado floral de Salsa, 109 euros.<\/figcaption><\/picture>\n<\/div>\n<div id=\"photoZoomModal-152\" class=\"voc-lightbox modal fade voc-lightbox--photo-zoom\" role=\"dialog\" data-voc-photozoom-lightbox>\n<div class=\"voc-lightbox__dialog\" role=\"document\">\n<div class=\"voc-lightbox__content\"> <!-- Modal header --> <!-- Modal content --> <\/p>\n<div class=\"voc-lightbox__photo-container\"> <picture class> <img loading=\"lazy\" src=\"http:\/\/hoycordobaweb.com\/wp-content\/uploads\/2025\/04\/vestidos-de-manga-corta-elegantes-versatiles-y-perfectos-para-el-entretiempo-combinan-con-todo-3.jpg\" alt=\"Vestido con estampado floral de Salsa, 109 euros.\"> <noscript> <img src=\"http:\/\/hoycordobaweb.com\/wp-content\/uploads\/2025\/04\/vestidos-de-manga-corta-elegantes-versatiles-y-perfectos-para-el-entretiempo-combinan-con-todo-3.jpg\" alt=\"Vestido con estampado floral de Salsa, 109 euros.\"> <\/noscript> <\/picture> <\/div><\/div><\/div>\n<\/div>\n<p class=\"voc-paragraph\" data-mrf-recirculation=\"Link art\u00edculo\"><strong>Vestido con estampado floral de Salsa, 109 euros<\/strong>. Siguiendo con el rosa en todo su esplendor, este modelo de Salsa es un canto a la feminidad m\u00e1s cl\u00e1sica para aquellas que no est\u00e1n dispuestas a renunciar a un toque primaveral. <\/p>\n<div class=\"voc-detail-photo-zoom\"> <picture data-toggle=\"modal\" data-target=\"#photoZoomModal-421\" target=\"modal\">\n<div class=\"voc-img-icon-link\"> <img loading=\"lazy\" src=\"http:\/\/hoycordobaweb.com\/wp-content\/uploads\/2025\/04\/vestidos-de-manga-corta-elegantes-versatiles-y-perfectos-para-el-entretiempo-combinan-con-todo-4.jpg\" width=\"650\" height=\"900\" alt=\"Vestido azul camisero de Ralph Lauren, 249,95 euros.\"> <noscript> <img src=\"http:\/\/hoycordobaweb.com\/wp-content\/uploads\/2025\/04\/vestidos-de-manga-corta-elegantes-versatiles-y-perfectos-para-el-entretiempo-combinan-con-todo-4.jpg\" alt=\"Vestido azul camisero de Ralph Lauren, 249,95 euros.\"> <\/noscript> <i class=\"voc-icons zoom voc-multimedia-box voc-ico-l\"><\/i> <\/div><figcaption class=\"figure-caption\">Vestido azul camisero de Ralph Lauren, 249,95 euros.<\/figcaption><\/picture>\n<\/div>\n<div id=\"photoZoomModal-421\" class=\"voc-lightbox modal fade voc-lightbox--photo-zoom\" role=\"dialog\" data-voc-photozoom-lightbox>\n<div class=\"voc-lightbox__dialog\" role=\"document\">\n<div class=\"voc-lightbox__content\"> <!-- Modal header --> <!-- Modal content --> <\/p>\n<div class=\"voc-lightbox__photo-container\"> <picture class> <img loading=\"lazy\" src=\"http:\/\/hoycordobaweb.com\/wp-content\/uploads\/2025\/04\/vestidos-de-manga-corta-elegantes-versatiles-y-perfectos-para-el-entretiempo-combinan-con-todo-4.jpg\" alt=\"Vestido azul camisero de Ralph Lauren, 249,95 euros.\"> <noscript> <img src=\"http:\/\/hoycordobaweb.com\/wp-content\/uploads\/2025\/04\/vestidos-de-manga-corta-elegantes-versatiles-y-perfectos-para-el-entretiempo-combinan-con-todo-4.jpg\" alt=\"Vestido azul camisero de Ralph Lauren, 249,95 euros.\"> <\/noscript> <\/picture> <\/div><\/div><\/div>\n<\/div>\n<p class=\"voc-paragraph\" data-mrf-recirculation=\"Link art\u00edculo\"><strong>Vestido azul camisero de Ralph Lauren, 249,95 euros<\/strong>. Y si lo que te interesa es el estilo old money, un vestido de estas caracter\u00edsticas se convertir\u00e1 en tu mejor aliado. Perfecto para combinar con bailarinas o alpargatas. <\/p>\n<div class=\"voc-detail-photo-zoom\"> <picture data-toggle=\"modal\" data-target=\"#photoZoomModal-392\" target=\"modal\">\n<div class=\"voc-img-icon-link\"> <img loading=\"lazy\" src=\"http:\/\/hoycordobaweb.com\/wp-content\/uploads\/2025\/04\/vestidos-de-manga-corta-elegantes-versatiles-y-perfectos-para-el-entretiempo-combinan-con-todo-5.jpg\" width=\"650\" height=\"900\" alt=\"Vestido azul camisero de Ralph Lauren, 249,95 euros.\"> <noscript> <img src=\"http:\/\/hoycordobaweb.com\/wp-content\/uploads\/2025\/04\/vestidos-de-manga-corta-elegantes-versatiles-y-perfectos-para-el-entretiempo-combinan-con-todo-5.jpg\" alt=\"Vestido azul camisero de Ralph Lauren, 249,95 euros.\"> <\/noscript> <i class=\"voc-icons zoom voc-multimedia-box voc-ico-l\"><\/i> <\/div><figcaption class=\"figure-caption\">Vestido azul camisero de Ralph Lauren, 249,95 euros.<\/figcaption><\/picture>\n<\/div>\n<div id=\"photoZoomModal-392\" class=\"voc-lightbox modal fade voc-lightbox--photo-zoom\" role=\"dialog\" data-voc-photozoom-lightbox>\n<div class=\"voc-lightbox__dialog\" role=\"document\">\n<div class=\"voc-lightbox__content\"> <!-- Modal header --> <!-- Modal content --> <\/p>\n<div class=\"voc-lightbox__photo-container\"> <picture class> <img loading=\"lazy\" src=\"http:\/\/hoycordobaweb.com\/wp-content\/uploads\/2025\/04\/vestidos-de-manga-corta-elegantes-versatiles-y-perfectos-para-el-entretiempo-combinan-con-todo-5.jpg\" alt=\"Vestido azul camisero de Ralph Lauren, 249,95 euros.\"> <noscript> <img src=\"http:\/\/hoycordobaweb.com\/wp-content\/uploads\/2025\/04\/vestidos-de-manga-corta-elegantes-versatiles-y-perfectos-para-el-entretiempo-combinan-con-todo-5.jpg\" alt=\"Vestido azul camisero de Ralph Lauren, 249,95 euros.\"> <\/noscript> <\/picture> <\/div><\/div><\/div>\n<\/div>\n<p class=\"voc-paragraph\" data-mrf-recirculation=\"Link art\u00edculo\"><strong>Vestido verde de Love&amp;Roses, a la venta en Zalando, 98 euros<\/strong>. Es un tono que resalta si est\u00e1s bronceada, por lo que es perfecto para esos d\u00edas m\u00e1s estivales. Combina a la perfecci\u00f3n con tonos como el marr\u00f3n o el dorado. <\/p>\n<div class=\"voc-detail-photo-zoom\"> <picture data-toggle=\"modal\" data-target=\"#photoZoomModal-250\" target=\"modal\">\n<div class=\"voc-img-icon-link\"> <img loading=\"lazy\" src=\"http:\/\/hoycordobaweb.com\/wp-content\/uploads\/2025\/04\/vestidos-de-manga-corta-elegantes-versatiles-y-perfectos-para-el-entretiempo-combinan-con-todo-6.jpg\" width=\"650\" height=\"900\" alt=\"Vestido rojo de manga corta de New Look, 39,99 euros.\"> <noscript> <img src=\"http:\/\/hoycordobaweb.com\/wp-content\/uploads\/2025\/04\/vestidos-de-manga-corta-elegantes-versatiles-y-perfectos-para-el-entretiempo-combinan-con-todo-6.jpg\" alt=\"Vestido rojo de manga corta de New Look, 39,99 euros.\"> <\/noscript> <i class=\"voc-icons zoom voc-multimedia-box voc-ico-l\"><\/i> <\/div><figcaption class=\"figure-caption\">Vestido rojo de manga corta de New Look, 39,99 euros.<\/figcaption><\/picture>\n<\/div>\n<div id=\"photoZoomModal-250\" class=\"voc-lightbox modal fade voc-lightbox--photo-zoom\" role=\"dialog\" data-voc-photozoom-lightbox>\n<div class=\"voc-lightbox__dialog\" role=\"document\">\n<div class=\"voc-lightbox__content\"> <!-- Modal header --> <!-- Modal content --> <\/p>\n<div class=\"voc-lightbox__photo-container\"> <picture class> <img loading=\"lazy\" src=\"http:\/\/hoycordobaweb.com\/wp-content\/uploads\/2025\/04\/vestidos-de-manga-corta-elegantes-versatiles-y-perfectos-para-el-entretiempo-combinan-con-todo-6.jpg\" alt=\"Vestido rojo de manga corta de New Look, 39,99 euros.\"> <noscript> <img src=\"http:\/\/hoycordobaweb.com\/wp-content\/uploads\/2025\/04\/vestidos-de-manga-corta-elegantes-versatiles-y-perfectos-para-el-entretiempo-combinan-con-todo-6.jpg\" alt=\"Vestido rojo de manga corta de New Look, 39,99 euros.\"> <\/noscript> <\/picture> <\/div><\/div><\/div>\n<\/div>\n<p class=\"voc-paragraph\" data-mrf-recirculation=\"Link art\u00edculo\"><strong>Vestido rojo de manga corta de New Look, 39,99 euros<\/strong>. Es c\u00f3modo, amplio y con un tono ideal que sienta bien a cualquier edad, a cualquier tipo de cuerpo y que podr\u00e1s llevar con planos, con zapatillas y tambi\u00e9n con cu\u00f1as o alpargatas. <\/p>\n<p> <!-- TOPICS --> <\/p>\n","protected":false},"excerpt":{"rendered":"<p>Cuando los d\u00edas (y las temperaturas) juegan al despiste, los vestidos de manga corta se convierten en ese comod\u00edn infalible que toda mujer elegante guarda en su armario . No son tan frescos como para pasar fr\u00edo, ni tan abrigados como para resultar pesados: est\u00e1n justo en ese punto intermedio que siempre es buena opci\u00f3n. [&hellip;]<\/p>\n","protected":false},"author":1,"featured_media":102932,"comment_status":"closed","ping_status":"closed","sticky":false,"template":"","format":"standard","meta":[],"categories":[],"tags":[],"_links":{"self":[{"href":"http:\/\/hoycordobaweb.com\/index.php\/wp-json\/wp\/v2\/posts\/102931"}],"collection":[{"href":"http:\/\/hoycordobaweb.com\/index.php\/wp-json\/wp\/v2\/posts"}],"about":[{"href":"http:\/\/hoycordobaweb.com\/index.php\/wp-json\/wp\/v2\/types\/post"}],"author":[{"embeddable":true,"href":"http:\/\/hoycordobaweb.com\/index.php\/wp-json\/wp\/v2\/users\/1"}],"replies":[{"embeddable":true,"href":"http:\/\/hoycordobaweb.com\/index.php\/wp-json\/wp\/v2\/comments?post=102931"}],"version-history":[{"count":0,"href":"http:\/\/hoycordobaweb.com\/index.php\/wp-json\/wp\/v2\/posts\/102931\/revisions"}],"wp:featuredmedia":[{"embeddable":true,"href":"http:\/\/hoycordobaweb.com\/index.php\/wp-json\/wp\/v2\/media\/102932"}],"wp:attachment":[{"href":"http:\/\/hoycordobaweb.com\/index.php\/wp-json\/wp\/v2\/media?parent=102931"}],"wp:term":[{"taxonomy":"category","embeddable":true,"href":"http:\/\/hoycordobaweb.com\/index.php\/wp-json\/wp\/v2\/categories?post=102931"},{"taxonomy":"post_tag","embeddable":true,"href":"http:\/\/hoycordobaweb.com\/index.php\/wp-json\/wp\/v2\/tags?post=102931"}],"curies":[{"name":"wp","href":"https:\/\/api.w.org\/{rel}","templated":true}]}}