{"id":102929,"date":"2025-04-23T05:27:40","date_gmt":"2025-04-23T05:27:40","guid":{"rendered":"https:\/\/www.mujerhoy.com\/moda\/no-te-pierdas\/bailarinas-ideales-originales-primavera-20250423072641-nt.html"},"modified":"2025-04-23T05:27:40","modified_gmt":"2025-04-23T05:27:40","slug":"cinco-bailarinas-ideales-que-se-salen-de-lo-comun-y-son-perfectas-para-lucir-con-vaqueros-o-faldas","status":"publish","type":"post","link":"http:\/\/hoycordobaweb.com\/index.php\/2025\/04\/23\/cinco-bailarinas-ideales-que-se-salen-de-lo-comun-y-son-perfectas-para-lucir-con-vaqueros-o-faldas\/","title":{"rendered":"Cinco bailarinas ideales que se salen de lo com\u00fan y son perfectas para lucir con vaqueros o faldas"},"content":{"rendered":"<p><!-- AUTHOR --> <\/p>\n<div class=\"voc-author-timesocial \"> <!-- AUTHOR --> <\/p>\n<div class=\"voc-author-timesocial__signature \">\n<div class=\"voc-author-timesocial__img-c\"> <!-- IMAGE AUTHOR --> <picture class=\"voc-image-signature\"> <img class=\"voc-image-signature__img\" src=\"http:\/\/hoycordobaweb.com\/wp-content\/uploads\/2025\/04\/cinco-bailarinas-ideales-que-se-salen-de-lo-comun-y-son-perfectas-para-lucir-con-vaqueros-o-faldas.jpg\" alt=\"Carla Dom\u00ednguez\"> <\/picture> <\/div>\n<p> <!-- INFO AUTHOR --> <\/div><\/div>\n<p> <!-- COMPONENTS --> <\/p>\n<p class=\"voc-paragraph\" data-mrf-recirculation=\"Link art\u00edculo\">Despu\u00e9s de haberlas odiado durante pr\u00e1cticamente toda mi adolescencia, ahora tengo que confesar que me he vuelto adicta a <a data-voc-vtm-id=\"in-text-traffic\" href=\"https:\/\/www.mujerhoy.com\/moda\/no-te-pierdas\/bailarinas-especiales-originales-tendencia-primavera-20250311164252-nt.html\" data-mrf-link=\"https:\/\/www.mujerhoy.com\/moda\/no-te-pierdas\/bailarinas-especiales-originales-tendencia-primavera-20250311164252-nt.html\">las bailarinas.<\/a> Es uno de mis <a data-voc-vtm-id=\"in-text-traffic\" href=\"https:\/\/www.mujerhoy.com\/moda\/no-te-pierdas\/zapatos-primavera-tendencia-francesas-sezane-20250403133227-nt.html\" data-mrf-link=\"https:\/\/www.mujerhoy.com\/moda\/no-te-pierdas\/zapatos-primavera-tendencia-francesas-sezane-20250403133227-nt.html\">zapatos favorito de la primavera.<\/a> Es elegante, todoterreno y se adapta a multitud de planes.\n<\/p>\n<p class=\"voc-paragraph\" data-mrf-recirculation=\"Link art\u00edculo\">No obstante, tambi\u00e9n tengo que decir que me he vuelto a enamorarde la bailarina porque ha adquirido <strong>un look algo m\u00e1s original y moderno<\/strong>. Atr\u00e1s quedaron esas bailarinas con dise\u00f1os cl\u00e1sicos y algo aburridos. Ahora es el momento de <strong>darle la bienvenida a modelos rompedores<\/strong> y que se convierten en los protagonistas de un estilismo sencillo de camiseta blanca y vaqueros, o faldas b\u00e1sicas.\n<\/p>\n<p class=\"voc-paragraph\" data-mrf-recirculation=\"Link art\u00edculo\">Podr\u00edamos hablar largo y tendido de <strong>las bailarinas<\/strong>, pero en este caso m\u00e1s bien vamos a darte algunas ideas de modelos que nos gustan y que nos podr\u00edamos poner hoy mismo con cualquier vaquero u otra prenda del armario. Al contrario que otros zapatos, aporta mucha elegancia y adem\u00e1s, es comod\u00edsimo.\n<\/p>\n<p class=\"voc-paragraph\" data-mrf-recirculation=\"Link art\u00edculo\">Viendo las novedades de algunas firmas que han creado <strong>dise\u00f1os de bailarinas s\u00faper especiales<\/strong>, he querido seleccionar algunos de mis modelos favoritos que podr\u00eda recomendar a cualquier amiga que tenga pensado comprarse este zapato para primavera.\n<\/p>\n<p><h3 class=\"voc-detail__title\"> Cinco bailarinas originales<br \/>\n<\/h3>\n<\/p>\n<div class=\"voc-detail-photo-zoom\"> <picture data-toggle=\"modal\" data-target=\"#photoZoomModal-247\" target=\"modal\">\n<div class=\"voc-img-icon-link\"> <img loading=\"lazy\" src=\"http:\/\/hoycordobaweb.com\/wp-content\/uploads\/2025\/04\/cinco-bailarinas-ideales-que-se-salen-de-lo-comun-y-son-perfectas-para-lucir-con-vaqueros-o-faldas-1.jpg\" width=\"650\" height=\"900\" alt=\"Bailarina con doble hebilla en denim de Sophie &amp; Lucie en colaboraci\u00f3n con Flabelus (160 euros).\"> <noscript> <img src=\"http:\/\/hoycordobaweb.com\/wp-content\/uploads\/2025\/04\/cinco-bailarinas-ideales-que-se-salen-de-lo-comun-y-son-perfectas-para-lucir-con-vaqueros-o-faldas-1.jpg\" alt=\"Bailarina con doble hebilla en denim de Sophie &amp; Lucie en colaboraci\u00f3n con Flabelus (160 euros).\"> <\/noscript> <i class=\"voc-icons zoom voc-multimedia-box voc-ico-l\"><\/i> <\/div><figcaption class=\"figure-caption\">Bailarina con doble hebilla en denim de Sophie &amp; Lucie en colaboraci\u00f3n con Flabelus (160 euros).<\/figcaption><\/picture>\n<\/div>\n<div id=\"photoZoomModal-247\" class=\"voc-lightbox modal fade voc-lightbox--photo-zoom\" role=\"dialog\" data-voc-photozoom-lightbox>\n<div class=\"voc-lightbox__dialog\" role=\"document\">\n<div class=\"voc-lightbox__content\"> <!-- Modal header --> <!-- Modal content --> <\/p>\n<div class=\"voc-lightbox__photo-container\"> <picture class> <img loading=\"lazy\" src=\"http:\/\/hoycordobaweb.com\/wp-content\/uploads\/2025\/04\/cinco-bailarinas-ideales-que-se-salen-de-lo-comun-y-son-perfectas-para-lucir-con-vaqueros-o-faldas-1.jpg\" alt=\"Bailarina con doble hebilla en denim de Sophie &amp; Lucie en colaboraci\u00f3n con Flabelus (160 euros).\"> <noscript> <img src=\"http:\/\/hoycordobaweb.com\/wp-content\/uploads\/2025\/04\/cinco-bailarinas-ideales-que-se-salen-de-lo-comun-y-son-perfectas-para-lucir-con-vaqueros-o-faldas-1.jpg\" alt=\"Bailarina con doble hebilla en denim de Sophie &amp; Lucie en colaboraci\u00f3n con Flabelus (160 euros).\"> <\/noscript> <\/picture> <\/div><\/div><\/div>\n<\/div>\n<p class=\"voc-paragraph\" data-mrf-recirculation=\"Link art\u00edculo\"><strong>Bailarina con doble hebilla en denim de Sophie &amp; Lucie en colaboraci\u00f3n con Flabelus.<\/strong> Una de nuestras recomendaciones para las amantes de los total looks en denim es esta bailarina. Es el nuevo lanzamiento de la firma espa\u00f1ola Sophie and Lucie en colaboraci\u00f3n con Flabelus. Un dise\u00f1o en denim con hebilla del mismo tejido y detalle de perlas. Precio: 160 euros.\n<\/p>\n<div class=\"voc-detail-photo-zoom\"> <picture data-toggle=\"modal\" data-target=\"#photoZoomModal-103\" target=\"modal\">\n<div class=\"voc-img-icon-link\"> <img loading=\"lazy\" src=\"http:\/\/hoycordobaweb.com\/wp-content\/uploads\/2025\/04\/cinco-bailarinas-ideales-que-se-salen-de-lo-comun-y-son-perfectas-para-lucir-con-vaqueros-o-faldas-2.jpg\" width=\"650\" height=\"900\" alt=\"Bailarinas en verde con detalle de tachuelas de Micuir.\"> <noscript> <img src=\"http:\/\/hoycordobaweb.com\/wp-content\/uploads\/2025\/04\/cinco-bailarinas-ideales-que-se-salen-de-lo-comun-y-son-perfectas-para-lucir-con-vaqueros-o-faldas-2.jpg\" alt=\"Bailarinas en verde con detalle de tachuelas de Micuir.\"> <\/noscript> <i class=\"voc-icons zoom voc-multimedia-box voc-ico-l\"><\/i> <\/div><figcaption class=\"figure-caption\">Bailarinas en verde con detalle de tachuelas de Micuir.<\/figcaption><\/picture>\n<\/div>\n<div id=\"photoZoomModal-103\" class=\"voc-lightbox modal fade voc-lightbox--photo-zoom\" role=\"dialog\" data-voc-photozoom-lightbox>\n<div class=\"voc-lightbox__dialog\" role=\"document\">\n<div class=\"voc-lightbox__content\"> <!-- Modal header --> <!-- Modal content --> <\/p>\n<div class=\"voc-lightbox__photo-container\"> <picture class> <img loading=\"lazy\" src=\"http:\/\/hoycordobaweb.com\/wp-content\/uploads\/2025\/04\/cinco-bailarinas-ideales-que-se-salen-de-lo-comun-y-son-perfectas-para-lucir-con-vaqueros-o-faldas-2.jpg\" alt=\"Bailarinas en verde con detalle de tachuelas de Micuir.\"> <noscript> <img src=\"http:\/\/hoycordobaweb.com\/wp-content\/uploads\/2025\/04\/cinco-bailarinas-ideales-que-se-salen-de-lo-comun-y-son-perfectas-para-lucir-con-vaqueros-o-faldas-2.jpg\" alt=\"Bailarinas en verde con detalle de tachuelas de Micuir.\"> <\/noscript> <\/picture> <\/div><\/div><\/div>\n<\/div>\n<p class=\"voc-paragraph\" data-mrf-recirculation=\"Link art\u00edculo\"><strong>Bailarinas en verde con detalle de tachuelas de Micuir.<\/strong> El verde es un tono alegre e ideal para la primavera. Un dise\u00f1o que nos ha gustado es este model con detalle de hebillas dobles cruzadas y tejido 100% de piel. Cuenta cno puntera redonda y tachas doradas. Precio: 219,95 euros.\n<\/p>\n<div class=\"voc-detail-photo-zoom\"> <picture data-toggle=\"modal\" data-target=\"#photoZoomModal-853\" target=\"modal\">\n<div class=\"voc-img-icon-link\"> <img loading=\"lazy\" src=\"http:\/\/hoycordobaweb.com\/wp-content\/uploads\/2025\/04\/cinco-bailarinas-ideales-que-se-salen-de-lo-comun-y-son-perfectas-para-lucir-con-vaqueros-o-faldas-3.jpg\" width=\"650\" height=\"900\" alt=\"Bailarinas en rosa con detalle joya en dorado de Adeba Madrid.\"> <noscript> <img src=\"http:\/\/hoycordobaweb.com\/wp-content\/uploads\/2025\/04\/cinco-bailarinas-ideales-que-se-salen-de-lo-comun-y-son-perfectas-para-lucir-con-vaqueros-o-faldas-3.jpg\" alt=\"Bailarinas en rosa con detalle joya en dorado de Adeba Madrid.\"> <\/noscript> <i class=\"voc-icons zoom voc-multimedia-box voc-ico-l\"><\/i> <\/div><figcaption class=\"figure-caption\">Bailarinas en rosa con detalle joya en dorado de Adeba Madrid.<\/figcaption><\/picture>\n<\/div>\n<div id=\"photoZoomModal-853\" class=\"voc-lightbox modal fade voc-lightbox--photo-zoom\" role=\"dialog\" data-voc-photozoom-lightbox>\n<div class=\"voc-lightbox__dialog\" role=\"document\">\n<div class=\"voc-lightbox__content\"> <!-- Modal header --> <!-- Modal content --> <\/p>\n<div class=\"voc-lightbox__photo-container\"> <picture class> <img loading=\"lazy\" src=\"http:\/\/hoycordobaweb.com\/wp-content\/uploads\/2025\/04\/cinco-bailarinas-ideales-que-se-salen-de-lo-comun-y-son-perfectas-para-lucir-con-vaqueros-o-faldas-3.jpg\" alt=\"Bailarinas en rosa con detalle joya en dorado de Adeba Madrid.\"> <noscript> <img src=\"http:\/\/hoycordobaweb.com\/wp-content\/uploads\/2025\/04\/cinco-bailarinas-ideales-que-se-salen-de-lo-comun-y-son-perfectas-para-lucir-con-vaqueros-o-faldas-3.jpg\" alt=\"Bailarinas en rosa con detalle joya en dorado de Adeba Madrid.\"> <\/noscript> <\/picture> <\/div><\/div><\/div>\n<\/div>\n<p class=\"voc-paragraph\" data-mrf-recirculation=\"Link art\u00edculo\"><strong>Bailarinas en rosa con detalle joya en dorado de Adeba Madrid.<\/strong> Unas bailarinas muy elegantes y perfectas para la primavera son estas de una marca espa\u00f1ola. Se trata de unas bailarinas con dise\u00f1o en punta, color rosado y detalle dorado. Precio: 205 euros.\n<\/p>\n<div class=\"voc-detail-photo-zoom\"> <picture data-toggle=\"modal\" data-target=\"#photoZoomModal-981\" target=\"modal\">\n<div class=\"voc-img-icon-link\"> <img loading=\"lazy\" src=\"http:\/\/hoycordobaweb.com\/wp-content\/uploads\/2025\/04\/cinco-bailarinas-ideales-que-se-salen-de-lo-comun-y-son-perfectas-para-lucir-con-vaqueros-o-faldas-4.jpg\" width=\"650\" height=\"900\" alt=\"Bailarinas con detalle de flores bordadas de Pretty Ballerinas (349 euros).\"> <noscript> <img src=\"http:\/\/hoycordobaweb.com\/wp-content\/uploads\/2025\/04\/cinco-bailarinas-ideales-que-se-salen-de-lo-comun-y-son-perfectas-para-lucir-con-vaqueros-o-faldas-4.jpg\" alt=\"Bailarinas con detalle de flores bordadas de Pretty Ballerinas (349 euros).\"> <\/noscript> <i class=\"voc-icons zoom voc-multimedia-box voc-ico-l\"><\/i> <\/div><figcaption class=\"figure-caption\">Bailarinas con detalle de flores bordadas de Pretty Ballerinas (349 euros).<\/figcaption><\/picture>\n<\/div>\n<div id=\"photoZoomModal-981\" class=\"voc-lightbox modal fade voc-lightbox--photo-zoom\" role=\"dialog\" data-voc-photozoom-lightbox>\n<div class=\"voc-lightbox__dialog\" role=\"document\">\n<div class=\"voc-lightbox__content\"> <!-- Modal header --> <!-- Modal content --> <\/p>\n<div class=\"voc-lightbox__photo-container\"> <picture class> <img loading=\"lazy\" src=\"http:\/\/hoycordobaweb.com\/wp-content\/uploads\/2025\/04\/cinco-bailarinas-ideales-que-se-salen-de-lo-comun-y-son-perfectas-para-lucir-con-vaqueros-o-faldas-4.jpg\" alt=\"Bailarinas con detalle de flores bordadas de Pretty Ballerinas (349 euros).\"> <noscript> <img src=\"http:\/\/hoycordobaweb.com\/wp-content\/uploads\/2025\/04\/cinco-bailarinas-ideales-que-se-salen-de-lo-comun-y-son-perfectas-para-lucir-con-vaqueros-o-faldas-4.jpg\" alt=\"Bailarinas con detalle de flores bordadas de Pretty Ballerinas (349 euros).\"> <\/noscript> <\/picture> <\/div><\/div><\/div>\n<\/div>\n<p class=\"voc-paragraph\" data-mrf-recirculation=\"Link art\u00edculo\"><strong>Bailarinas con detalle de flores bordadas de Pretty Ballerinas.<\/strong> Se trata de un dise\u00f1o muy original con detalle de bordado de flores. Tiene una tira finita en la zona del empeine para dar mayor confort. Cuenta con suela de goma y plantilla de piel. Precio: 349 euros.\n<\/p>\n<div class=\"voc-detail-photo-zoom\"> <picture data-toggle=\"modal\" data-target=\"#photoZoomModal-832\" target=\"modal\">\n<div class=\"voc-img-icon-link\"> <img loading=\"lazy\" src=\"http:\/\/hoycordobaweb.com\/wp-content\/uploads\/2025\/04\/cinco-bailarinas-ideales-que-se-salen-de-lo-comun-y-son-perfectas-para-lucir-con-vaqueros-o-faldas-5.jpg\" width=\"650\" height=\"900\" alt=\"Bailarina de lino de Flabelus.\"> <noscript> <img src=\"http:\/\/hoycordobaweb.com\/wp-content\/uploads\/2025\/04\/cinco-bailarinas-ideales-que-se-salen-de-lo-comun-y-son-perfectas-para-lucir-con-vaqueros-o-faldas-5.jpg\" alt=\"Bailarina de lino de Flabelus.\"> <\/noscript> <i class=\"voc-icons zoom voc-multimedia-box voc-ico-l\"><\/i> <\/div><figcaption class=\"figure-caption\">Bailarina de lino de Flabelus.<\/figcaption><\/picture>\n<\/div>\n<div id=\"photoZoomModal-832\" class=\"voc-lightbox modal fade voc-lightbox--photo-zoom\" role=\"dialog\" data-voc-photozoom-lightbox>\n<div class=\"voc-lightbox__dialog\" role=\"document\">\n<div class=\"voc-lightbox__content\"> <!-- Modal header --> <!-- Modal content --> <\/p>\n<div class=\"voc-lightbox__photo-container\"> <picture class> <img loading=\"lazy\" src=\"http:\/\/hoycordobaweb.com\/wp-content\/uploads\/2025\/04\/cinco-bailarinas-ideales-que-se-salen-de-lo-comun-y-son-perfectas-para-lucir-con-vaqueros-o-faldas-5.jpg\" alt=\"Bailarina de lino de Flabelus.\"> <noscript> <img src=\"http:\/\/hoycordobaweb.com\/wp-content\/uploads\/2025\/04\/cinco-bailarinas-ideales-que-se-salen-de-lo-comun-y-son-perfectas-para-lucir-con-vaqueros-o-faldas-5.jpg\" alt=\"Bailarina de lino de Flabelus.\"> <\/noscript> <\/picture> <\/div><\/div><\/div>\n<\/div>\n<p class=\"voc-paragraph\" data-mrf-recirculation=\"Link art\u00edculo\"><strong>Bailarina de lino de Flabelus.<\/strong> La firma espa\u00f1ola tambi\u00e9n cuenta co dise\u00f1os ideales para el verano como esta bailarina de lino en color roa con ribetes claros. Es un zapato 100% de algod\u00f3n org\u00e1nico y con suela elaborada en caucho. Cuenta con una lazada para sujetar mejor el tobillo. Precio: 165 euros.\n<\/p>\n<p> <!-- TOPICS --> <\/p>\n","protected":false},"excerpt":{"rendered":"<p>Despu\u00e9s de haberlas odiado durante pr\u00e1cticamente toda mi adolescencia, ahora tengo que confesar que me he vuelto adicta a las bailarinas. Es uno de mis zapatos favorito de la primavera. Es elegante, todoterreno y se adapta a multitud de planes. No obstante, tambi\u00e9n tengo que decir que me he vuelto a enamorarde la bailarina porque [&hellip;]<\/p>\n","protected":false},"author":1,"featured_media":102930,"comment_status":"closed","ping_status":"closed","sticky":false,"template":"","format":"standard","meta":[],"categories":[],"tags":[],"_links":{"self":[{"href":"http:\/\/hoycordobaweb.com\/index.php\/wp-json\/wp\/v2\/posts\/102929"}],"collection":[{"href":"http:\/\/hoycordobaweb.com\/index.php\/wp-json\/wp\/v2\/posts"}],"about":[{"href":"http:\/\/hoycordobaweb.com\/index.php\/wp-json\/wp\/v2\/types\/post"}],"author":[{"embeddable":true,"href":"http:\/\/hoycordobaweb.com\/index.php\/wp-json\/wp\/v2\/users\/1"}],"replies":[{"embeddable":true,"href":"http:\/\/hoycordobaweb.com\/index.php\/wp-json\/wp\/v2\/comments?post=102929"}],"version-history":[{"count":0,"href":"http:\/\/hoycordobaweb.com\/index.php\/wp-json\/wp\/v2\/posts\/102929\/revisions"}],"wp:featuredmedia":[{"embeddable":true,"href":"http:\/\/hoycordobaweb.com\/index.php\/wp-json\/wp\/v2\/media\/102930"}],"wp:attachment":[{"href":"http:\/\/hoycordobaweb.com\/index.php\/wp-json\/wp\/v2\/media?parent=102929"}],"wp:term":[{"taxonomy":"category","embeddable":true,"href":"http:\/\/hoycordobaweb.com\/index.php\/wp-json\/wp\/v2\/categories?post=102929"},{"taxonomy":"post_tag","embeddable":true,"href":"http:\/\/hoycordobaweb.com\/index.php\/wp-json\/wp\/v2\/tags?post=102929"}],"curies":[{"name":"wp","href":"https:\/\/api.w.org\/{rel}","templated":true}]}}