{"id":102927,"date":"2025-04-22T14:44:04","date_gmt":"2025-04-22T14:44:04","guid":{"rendered":"https:\/\/www.ole.com.ar\/river-plate\/richard-schunke-capitan-independiente-valle-river-copa-libertadores_0_hCBvEYRdZO.html"},"modified":"2025-04-22T14:44:04","modified_gmt":"2025-04-22T14:44:04","slug":"richard-schunke-capitan-de-ind-del-valle-esperemos-que-river-no-despierte","status":"publish","type":"post","link":"http:\/\/hoycordobaweb.com\/index.php\/2025\/04\/22\/richard-schunke-capitan-de-ind-del-valle-esperemos-que-river-no-despierte\/","title":{"rendered":"Richard Schunke, capit\u00e1n de Ind. del Valle: \u00abEsperemos que River no despierte\u00bb"},"content":{"rendered":"<p><img src=\"http:\/\/hoycordobaweb.com\/wp-content\/uploads\/2025\/04\/richard-schunke-capitan-de-ind-del-valle-esperemos-que-river-no-despierte.jpg\"><\/p>\n<p><span class=\"createDate\">22\/04\/2025 11:44hs.<\/span><time class=\"modificatedDate\" datetime=\"2025-04-22T12:04:51-03:00\"> Actualizado al 22\/04\/2025 12:04hs.<\/time><\/p>\n<div id=\"storyBody\">\n<div class=\"custom-text \" readability=\"39.982847341338\">\n<p>Es un buen momento para enfrentar a <strong><a href=\"https:\/\/www.ole.com.ar\/tema\/river-plate.html\" title=\"River Plate\" alt=\"River Plate\" class=\"slug\">River<\/a><\/strong>, dado el presente que atraviesa. Podemos aspirar a un empate o, por qu\u00e9 no, so\u00f1ar con una victoria\u201d. <strong>Richard Schunke<\/strong>, defensor argentino oriundo de Misiones, formado en Almagro y actual capit\u00e1n y referente de <strong><a href=\"https:\/\/www.ole.com.ar\/tema\/independiente-del-valle.html\" title=\"Independiente del Valle\" alt=\"Independiente del Valle\" class=\"slug\">Independiente del Valle<\/a><\/strong>, se muestra tranquilo y relajado. Aunque su equipo est\u00e1 a pocas horas de un partido decisivo -necesita ganar para volver a ubicarse entre los clasificados a octavos de Copa-, su an\u00e1lisis del presente futbol\u00edstico de River parece suavizar la imagen de ese \u201crival siempre complicado\u201d que anticipan.<\/p>\n<\/div>\n<div class=\"custom-text \" readability=\"34\">\n<p><strong>-Antes de que arranque la Copa, dijiste \u201cRiver es el m\u00e1s dif\u00edcil del grupo\u201d: \u00bfMantenes la misma postura?<\/strong><\/p>\n<\/div>\n<div class=\"custom-text \" readability=\"34\">\n<p>-Viendo los primeros resultados que River sac\u00f3 en la Copa, considero que se le puede hacer partido.<\/p>\n<\/div>\n<div class=\"custom-text \" readability=\"32\">\n<p><strong>-\u00bfQu\u00e9 opinas del juego de River?<\/strong><\/p>\n<\/div>\n<div class=\"custom-text \" readability=\"40\">\n<p>-Es cierto que los resultados no se est\u00e1n dando, pero por lo que demostr\u00f3 contra Barcelona en el fue muy superior: si bien la pelota no entr\u00f3, atac\u00f3 por todos lados. Pero no nos podemos relajar, porque en cuanto a nivel de jugadores, por nombres, y en lo econ\u00f3mico, claramente es superior.<\/p>\n<\/div>\n<div class=\"sc-e7b891c4-0 ifHnQL image-embed\"><img alt=\"Schunke, figura de IDV (AP Photo\/Dolores Ochoa)\" loading=\"lazy\" width=\"720\" height=\"100\" decoding=\"async\" data-nimg=\"1\" src=\"http:\/\/hoycordobaweb.com\/wp-content\/uploads\/2025\/04\/richard-schunke-capitan-de-ind-del-valle-esperemos-que-river-no-despierte-2.jpg\"><span class=\"epigraphe\">Schunke, figura de IDV (AP Photo\/Dolores Ochoa)<\/span><\/div>\n<div class=\"custom-text \" readability=\"32\">\n<p><strong>-\u00bfY c\u00f3mo se prepara el partido ante un \u201cplantel superior\u201d?<\/strong><\/p>\n<\/div>\n<div class=\"custom-text \" readability=\"34\">\n<p>-Si bien uno no trabaja para este partido en espec\u00edfico, desde que se sorte\u00f3 la Copa tenemos una idea de lo que puede llegar a ser este cruce.<\/p>\n<\/div>\n<div class=\"custom-text \" readability=\"32\">\n<p><strong>-\u00bfA qu\u00e9 jugador hay que prestarle atenci\u00f3n?<\/strong><\/p>\n<\/div>\n<div class=\"custom-text \" readability=\"38\">\n<p>-En mi caso, como soy defensor, creo que Franco Mastantuono. Es un chico que, por lo que se ve, se pasa muy f\u00e1cil a los jugadores. Despu\u00e9s creo que Borja tambi\u00e9n va a ser un jugador dif\u00edcil de marcar.<\/p>\n<\/div>\n<div class=\"custom-text \" readability=\"32\">\n<p><strong>-Igual Borja es cuestionado por rendimiento\u2026<\/strong><\/p>\n<\/div>\n<div class=\"custom-text \" readability=\"34\">\n<p>-No importa, actualmente es uno de los goleadores de River y juegue quien juegue va a ser complicado.<\/p>\n<\/div>\n<div class=\"sc-e7b891c4-0 ifHnQL image-embed\"><img alt=\"Richard Schunke, jugador de IDV. EFE\/ Jonathan Miranda\" loading=\"lazy\" width=\"720\" height=\"100\" decoding=\"async\" data-nimg=\"1\" src=\"http:\/\/hoycordobaweb.com\/wp-content\/uploads\/2025\/04\/richard-schunke-capitan-de-ind-del-valle-esperemos-que-river-no-despierte-3.jpg\"><span class=\"epigraphe\">Richard Schunke, jugador de IDV. EFE\/ Jonathan Miranda<\/span><\/div>\n<div class=\"custom-text \" readability=\"32\">\n<p><strong>-\u00bfEst\u00e1s al tanto del d\u00e9ficit de gol que de River?<\/strong><\/p>\n<\/div>\n<div class=\"custom-text \" readability=\"35\">\n<p>-S\u00ed, claro. Esperemos que sigan as\u00ed, sin convertir, al menos contra nosotros ja.<\/p>\n<\/div>\n<div class=\"custom-text \" readability=\"32\">\n<p><strong>-\u00bfQu\u00e9 opinas de los silbidos de los hinchas al equipo?<\/strong><\/p>\n<\/div>\n<div class=\"custom-text \" readability=\"33\">\n<p>-Y&#8230; el hincha es hincha en todos lados. Pero puntualmente el hincha de River le va a tener paciencia a Gallardo.<\/p>\n<\/div>\n<div class=\"sc-e7b891c4-0 ifHnQL image-embed\"><img alt=\"Richard Schunke en Almagro (Foto: Internet)\" loading=\"lazy\" width=\"720\" height=\"100\" decoding=\"async\" data-nimg=\"1\" src=\"http:\/\/hoycordobaweb.com\/wp-content\/uploads\/2025\/04\/richard-schunke-capitan-de-ind-del-valle-esperemos-que-river-no-despierte-4.jpg\"><span class=\"epigraphe\">Richard Schunke en Almagro (Foto: Internet)<\/span><\/div>\n<div class=\"custom-text \">\n<p><strong>-\u00bfPor qu\u00e9?<\/strong><\/p>\n<\/div>\n<div class=\"custom-text \" readability=\"34\">\n<p>-Lo aman por todo lo que le dio al club en su primer ciclo. A \u00e9l siempre le van a tener mucha m\u00e1s paciencia. La vara que se le puso a Mart\u00edn Demichelis era muy alta. El hincha de River siempre va a querer que su equipo gane.<\/p>\n<\/div>\n<div class=\"custom-text \" readability=\"38\">\n<p>Desde que lleg\u00f3 a Independiente en 2018, Schunke jug\u00f3 \u201cal f\u00fatbol que juega Independiente\u201d, y consigui\u00f3 meterse en la historia del club: en estos siete a\u00f1os, alz\u00f3 tres t\u00edtulos nacionales y tres internacionales (las Copas Sudamericana 2019 y 2022, y la Recopa 2023).<\/p>\n<\/div>\n<div class=\"custom-text \" readability=\"32\">\n<p><strong>-\u00bfEsta seguidilla copera convierte a IDV en potencia sudamericana?<\/strong><\/p>\n<\/div>\n<div class=\"custom-text \" readability=\"35\">\n<p>-Considero que no, porque a\u00fan no hemos llegado lejos en la Libertadores. Sin embargo, la Sudamericana es muy compleja. El a\u00f1o pasado nos toc\u00f3 enfrentar a Boca&#8230;<\/p>\n<\/div>\n<div class=\"custom-text \" readability=\"32\">\n<p><strong>-\u00bfIntimida m\u00e1s el Boca del a\u00f1o pasado o el River de ahora?<\/strong><\/p>\n<\/div>\n<div class=\"custom-text \" readability=\"35\">\n<p>-Est\u00e1n parejos, ja. El hecho de que Barcelona haya conseguido un empate en la cancha de River me hace pensar que s\u00ed se puede, podemos ganar.<\/p>\n<\/div>\n<div class=\"sc-e7b891c4-0 ifHnQL image-embed\"><img alt=\"Schunke jugando contra Boca (AP Photo\/Gustavo Garello)\" loading=\"lazy\" width=\"720\" height=\"100\" decoding=\"async\" data-nimg=\"1\" src=\"http:\/\/hoycordobaweb.com\/wp-content\/uploads\/2025\/04\/richard-schunke-capitan-de-ind-del-valle-esperemos-que-river-no-despierte-5.jpg\"><span class=\"epigraphe\">Schunke jugando contra Boca (AP Photo\/Gustavo Garello)<\/span><\/div>\n<div class=\"custom-text \" readability=\"32\">\n<p><strong>-\u00bfEste es el mejor momento para enfrentar a River?<\/strong><\/p>\n<\/div>\n<div class=\"custom-text \" readability=\"36\">\n<p>-Es un buen momento para enfrentar a River, dado el presente que atraviesa. Podemos aspirar a un empate o, por qu\u00e9 no, so\u00f1ar con una victoria.<\/p>\n<\/div>\n<div class=\"custom-text \" readability=\"33\">\n<p><strong>-Mira, justo el River de las figuras&#8230;<\/strong><\/p>\n<\/div>\n<div class=\"custom-text \" readability=\"39\">\n<p>-Es un gran equipo, eh. Invirtieron en grandes jugadores, entre ellos campeones del mundo, porque tambi\u00e9n se est\u00e1n preparando para hacer un buen papel en el Mundial de Clubes . Pero esperemos que sigan as\u00ed, que no se despierten, ja.<\/p>\n<\/div>\n<\/div>\n","protected":false},"excerpt":{"rendered":"<p>22\/04\/2025 11:44hs. Actualizado al 22\/04\/2025 12:04hs. Es un buen momento para enfrentar a River, dado el presente que atraviesa. Podemos aspirar a un empate o, por qu\u00e9 no, so\u00f1ar con una victoria\u201d. Richard Schunke, defensor argentino oriundo de Misiones, formado en Almagro y actual capit\u00e1n y referente de Independiente del Valle, se muestra tranquilo y [&hellip;]<\/p>\n","protected":false},"author":1,"featured_media":102928,"comment_status":"open","ping_status":"closed","sticky":false,"template":"","format":"standard","meta":[],"categories":[16],"tags":[],"_links":{"self":[{"href":"http:\/\/hoycordobaweb.com\/index.php\/wp-json\/wp\/v2\/posts\/102927"}],"collection":[{"href":"http:\/\/hoycordobaweb.com\/index.php\/wp-json\/wp\/v2\/posts"}],"about":[{"href":"http:\/\/hoycordobaweb.com\/index.php\/wp-json\/wp\/v2\/types\/post"}],"author":[{"embeddable":true,"href":"http:\/\/hoycordobaweb.com\/index.php\/wp-json\/wp\/v2\/users\/1"}],"replies":[{"embeddable":true,"href":"http:\/\/hoycordobaweb.com\/index.php\/wp-json\/wp\/v2\/comments?post=102927"}],"version-history":[{"count":0,"href":"http:\/\/hoycordobaweb.com\/index.php\/wp-json\/wp\/v2\/posts\/102927\/revisions"}],"wp:featuredmedia":[{"embeddable":true,"href":"http:\/\/hoycordobaweb.com\/index.php\/wp-json\/wp\/v2\/media\/102928"}],"wp:attachment":[{"href":"http:\/\/hoycordobaweb.com\/index.php\/wp-json\/wp\/v2\/media?parent=102927"}],"wp:term":[{"taxonomy":"category","embeddable":true,"href":"http:\/\/hoycordobaweb.com\/index.php\/wp-json\/wp\/v2\/categories?post=102927"},{"taxonomy":"post_tag","embeddable":true,"href":"http:\/\/hoycordobaweb.com\/index.php\/wp-json\/wp\/v2\/tags?post=102927"}],"curies":[{"name":"wp","href":"https:\/\/api.w.org\/{rel}","templated":true}]}}