{"id":102925,"date":"2025-04-22T14:49:20","date_gmt":"2025-04-22T14:49:20","guid":{"rendered":"https:\/\/www.ole.com.ar\/informacion-general\/marcelo-moretti-san-lorenzo-coima-video-medios-extranjeros_0_JsmqPR6xB9.html"},"modified":"2025-04-22T14:49:20","modified_gmt":"2025-04-22T14:49:20","slug":"que-dijeron-en-el-mundo-sobre-la-camara-oculta-que-le-hicieron-a-marcelo-moretti","status":"publish","type":"post","link":"http:\/\/hoycordobaweb.com\/index.php\/2025\/04\/22\/que-dijeron-en-el-mundo-sobre-la-camara-oculta-que-le-hicieron-a-marcelo-moretti\/","title":{"rendered":"Qu\u00e9 dijeron en el mundo sobre la c\u00e1mara oculta que le hicieron a Marcelo Moretti"},"content":{"rendered":"<p><img src=\"http:\/\/hoycordobaweb.com\/wp-content\/uploads\/2025\/04\/que-dijeron-en-el-mundo-sobre-la-camara-oculta-que-le-hicieron-a-marcelo-moretti.jpg\"><\/p>\n<p><time class=\"createDate\" datetime=\"2025-04-22T11:49:20-03:00\">22\/04\/2025 11:49hs.<\/time><\/p>\n<div id=\"storyBody\">\n<div class=\"custom-text \" readability=\"34.218905472637\">\n<p><strong><a href=\"https:\/\/www.ole.com.ar\/san-lorenzo\" target=\"_blank\" title=\"San Lorenzo\" alt=\"San Lorenzo\" rel=\"noopener noreferrer\">San Lorenzo<\/a><\/strong> vive horas de conmoci\u00f3n, no solo por la muerte del <strong><a href=\"https:\/\/www.ole.com.ar\/informacion-general\/coincidencia-papa-francisco-socio-san-lorenzo_0_XW22xjQEEc.html\" target=\"_blank\" title=\"Papa Francisco\" alt=\"Papa Francisco\" rel=\"noopener noreferrer\">Papa Francisco<\/a><\/strong> (quien era socio e hincha ferviente de la instituci\u00f3n) sino tambi\u00e9n por un comprometedor video que involucr\u00f3 de lleno a <strong><a href=\"https:\/\/www.ole.com.ar\/san-lorenzo\/san-lorenzo-denuncia-video-moretti-coima_0_xZ55gHP731.html\" target=\"_blank\" title=\"Marcelo Moretti\" alt=\"Marcelo Moretti\" rel=\"noopener noreferrer\">Marcelo Moretti<\/a><\/strong>, la m\u00e1xima autoridad del club. Con este panorama en puerta, los medios del exterior se hicieron eco de la noticia y replicaron la secuencia tanto en sus p\u00e1ginas como en sus portadas.<\/p>\n<\/div>\n<div class=\"custom-text \" readability=\"39\">\n<p>\u00ab<strong>Esc\u00e1ndalo: mir\u00e1 la c\u00e1mara oculta que le hicieron al presidente de San Lorenzo tras cobrar coimas para fichar a un juvenil<\/strong>\u00ab, titul\u00f3 el sitio <strong>Ovaci\u00f3n <\/strong>de Uruguay. Segundos despu\u00e9s, otro que llev\u00f3 el tema a su sitio fue <strong>BioBio<\/strong>, un reconocido portal de Chile. \u00ab<strong>Esc\u00e1ndalo en Argentina: una c\u00e1mara oculta habr\u00eda captado al presidente de San Lorenzo recibiendo coimas<\/strong>\u00ab, lanz\u00f3.<\/p>\n<\/div>\n<div class=\"sc-e7b891c4-0 ifHnQL image-embed\"><img alt=\"Los medios del extranjero reaccionaron a la c\u00e1mara oculta de Marcelo Moretti.\" loading=\"lazy\" width=\"720\" height=\"100\" decoding=\"async\" data-nimg=\"1\" src=\"http:\/\/hoycordobaweb.com\/wp-content\/uploads\/2025\/04\/que-dijeron-en-el-mundo-sobre-la-camara-oculta-que-le-hicieron-a-marcelo-moretti-2.jpg\"><span class=\"epigraphe\">Los medios del extranjero reaccionaron a la c\u00e1mara oculta de Marcelo Moretti.<\/span><\/div>\n<div class=\"custom-text \" readability=\"40\">\n<p>A su vez, <strong>Versus <\/strong>de Paraguay fue a fondo y apunt\u00f3 contra uno de sus compatriotas quien, actualmente, tiene un cargo en el Cicl\u00f3n. \u00ab<strong>Vinculan a N\u00e9stor Ortigoza con un presunto cobro de coimas para fichar juveniles<\/strong>\u00ab, subrayaron. Del mismo modo, <strong>F\u00fatbol Red<\/strong> de Colombia comunic\u00f3: \u00ab<strong>Esc\u00e1ndalo en San Lorenzo: \u00bfpresidente cobr\u00f3 para fichar a un jugador?<\/strong>\u00ab.<\/p>\n<\/div>\n<div class=\"custom-text \" readability=\"40\">\n<p>Luego, dio a conocer la situaci\u00f3n el sitio <strong>Sport <\/strong>de Espa\u00f1a. \u00ab<strong>Esc\u00e1ndalo en Argentina: acusan al presidente de San Lorenzo de cobrar un soborno para fichar a un jugador<\/strong>\u00ab, indic\u00f3. Siguiendo la misma l\u00ednea, tambi\u00e9n apareci\u00f3 el diario <strong>AS<\/strong>, oriundo del Viejo Continente. \u00ab<strong>Esc\u00e1ndalo en San Lorenzo: denuncian al presidente Moretti por cobrar primas por fichar jugadores<\/strong>\u00ab, recalc\u00f3.<\/p>\n<\/div>\n<div class=\"sc-e7b891c4-0 ifHnQL image-embed\"><img alt=\"Los medios del extranjero reaccionaron a la c\u00e1mara oculta de Marcelo Moretti.\" loading=\"lazy\" width=\"720\" height=\"100\" decoding=\"async\" data-nimg=\"1\" src=\"http:\/\/hoycordobaweb.com\/wp-content\/uploads\/2025\/04\/que-dijeron-en-el-mundo-sobre-la-camara-oculta-que-le-hicieron-a-marcelo-moretti-3.jpg\"><span class=\"epigraphe\">Los medios del extranjero reaccionaron a la c\u00e1mara oculta de Marcelo Moretti.<\/span><\/div>\n<p><h2>El video que compromete a Marcelo Moretti <\/h2>\n<\/p>\n<div class=\"custom-text \" readability=\"35\">\n<p>La investigaci\u00f3n publicada por Canal 9 mostr\u00f3 un video en el que se lo puede ver a <strong>Marcelo Moretti <\/strong>aceptando una importante cifra de dinero para, supuestamente, fichar al juvenil. <\/p>\n<\/div>\n<div class=\"custom-text \" readability=\"39\">\n<p>En cuanto al di\u00e1logo respecta, a lo largo de toda la c\u00e1mara oculta queda claro que la madre del futbolista le entrega una suma de 20 mil d\u00f3lares y, luego, otros cinco mil de la moneda estadounidense. De acuerdo a lo informado por el medio que dio a conocer las im\u00e1genes, el primer pago habr\u00eda sido en febrero de 2024 y el segundo en mayo del mismo a\u00f1o.<\/p>\n<\/div>\n<div class=\"custom-text \" readability=\"36.732558139535\">\n<p>Durante la secuencia, tambi\u00e9n aparece otro personaje: <strong><a href=\"https:\/\/www.ole.com.ar\/san-lorenzo\/san-lorenzo-denuncia-video-moretti-coima_0_xZ55gHP731.html\" target=\"_blank\" title=\"Francisco S\u00e1nchez Gamino\" alt=\"Francisco S\u00e1nchez Gamino\" rel=\"noopener noreferrer\">Francisco S\u00e1nchez Gamino<\/a> <\/strong>quien, de acuerdo a lo que se puede observar en el material audiovisual, habr\u00eda funcionado como nexo entre las partes. A esta persona no se lo conoce un cargo en el club pero s\u00ed en el Gobierno Nacional. De hecho, hasta este martes (porque fue separado de sus funciones a primera hora del d\u00eda) fue Director de Estudios para el Desarrollo Nacional.<\/p>\n<\/div>\n<div class=\"custom-text \" readability=\"36\">\n<p>Hasta el momento no hubo respuesta oficial. Ni la m\u00e1xima autoridad del Cicl\u00f3n ni su entorno m\u00e1s cercano dio una explicaci\u00f3n sobre los hechos. De hecho, <strong>Ol\u00e9 <\/strong>intent\u00f3 comunicarse con los involucrados, pero tampoco obtuvo respuesta.<\/p>\n<\/div>\n<div class=\"sc-734b4696-1 kFfZtB\" readability=\"6\">\n<div class=\"sc-d00d9e74-0 hnHYbk\" type=\"embed\">\n<div class=\"sc-d00d9e74-1 iKVbz videoText\" id=\"contentTitleembednJ0zfM3L\" type=\"embed\"><svg fill=\"#ffffff\"><symbol id=\"play\" viewBox=\"0 0 512 512\"><path d=\"M512 256C512 397.4 397.4 512 256 512C114.6 512 0 397.4 0 256C0 114.6 114.6 0 256 0C397.4 0 512 114.6 512 256zM176 168V344C176 352.7 180.7 360.7 188.3 364.9C195.8 369.2 205.1 369 212.5 364.5L356.5 276.5C363.6 272.1 368 264.4 368 256C368 247.6 363.6 239.9 356.5 235.5L212.5 147.5C205.1 142.1 195.8 142.8 188.3 147.1C180.7 151.3 176 159.3 176 168V168z\" \/><\/symbol><use xlink:href=\"#play\" \/><\/svg><\/p>\n<div class=\"right\">\n<p>Marcelo Moretti<!-- --> &#8211; <span>&nbsp;<\/span><\/p>\n<h2 class=\"title-vid\">El video de la c\u00e1mara oculta a Moretti<\/h2>\n<\/div>\n<\/div>\n<p><span class=\"back\" id=\"spanBackembednJ0zfM3L\"><\/span><\/div>\n<div class=\"JWvideoNota_title\" readability=\"7\">\n<p>La investigaci\u00f3n de Canal 9 contra el presidente de San Lorenzo.<\/p>\n<\/div>\n<\/div>\n<div class=\"sc-a7166897-0 eoLsBE\" readability=\"6\">\n<section readability=\"2\"><picture><img alt=\"Moretti y un video comprometedor: lo acusan de cobrar una coima\" loading=\"lazy\" width=\"290\" height=\"290\" decoding=\"async\" data-nimg=\"1\" src=\"http:\/\/hoycordobaweb.com\/wp-content\/uploads\/2025\/04\/que-dijeron-en-el-mundo-sobre-la-camara-oculta-que-le-hicieron-a-marcelo-moretti-4.jpg\"><\/picture>\n<p><span>Mir\u00e1 tambi\u00e9n<\/span><\/p>\n<hr>\n<h3>Moretti y un video comprometedor: lo acusan de cobrar una coima<\/h3>\n<\/p>\n<\/section>\n<\/div>\n<div class=\"sc-a7166897-0 eoLsBE\" readability=\"6.5\">\n<section readability=\"3\"><picture><img alt=\"La incre\u00edble coincidencia entre la muerte del Papa Francisco y su n\u00famero de socio en San Lorenzo\" loading=\"lazy\" width=\"290\" height=\"290\" decoding=\"async\" data-nimg=\"1\" src=\"http:\/\/hoycordobaweb.com\/wp-content\/uploads\/2025\/04\/que-dijeron-en-el-mundo-sobre-la-camara-oculta-que-le-hicieron-a-marcelo-moretti-5.jpg\"><\/picture>\n<p><span>Mir\u00e1 tambi\u00e9n<\/span><\/p>\n<hr>\n<h3>La incre\u00edble coincidencia entre la muerte del Papa Francisco y su n\u00famero de socio en San Lorenzo<\/h3>\n<\/p>\n<\/section>\n<\/div>\n<div class=\"sc-a7166897-0 eoLsBE\" readability=\"6\">\n<section readability=\"2\"><picture><img alt=\"Papa f\u00fatbol: de Argentina al cielo\" loading=\"lazy\" width=\"290\" height=\"290\" decoding=\"async\" data-nimg=\"1\" src=\"http:\/\/hoycordobaweb.com\/wp-content\/uploads\/2025\/04\/que-dijeron-en-el-mundo-sobre-la-camara-oculta-que-le-hicieron-a-marcelo-moretti-6.jpg\"><\/picture>\n<p><span>Mir\u00e1 tambi\u00e9n<\/span><\/p>\n<hr>\n<h3>Papa f\u00fatbol: de Argentina al cielo<\/h3>\n<\/p>\n<\/section>\n<\/div>\n<\/div>\n","protected":false},"excerpt":{"rendered":"<p>22\/04\/2025 11:49hs. San Lorenzo vive horas de conmoci\u00f3n, no solo por la muerte del Papa Francisco (quien era socio e hincha ferviente de la instituci\u00f3n) sino tambi\u00e9n por un comprometedor video que involucr\u00f3 de lleno a Marcelo Moretti, la m\u00e1xima autoridad del club. Con este panorama en puerta, los medios del exterior se hicieron eco [&hellip;]<\/p>\n","protected":false},"author":1,"featured_media":102926,"comment_status":"open","ping_status":"closed","sticky":false,"template":"","format":"standard","meta":[],"categories":[16],"tags":[],"_links":{"self":[{"href":"http:\/\/hoycordobaweb.com\/index.php\/wp-json\/wp\/v2\/posts\/102925"}],"collection":[{"href":"http:\/\/hoycordobaweb.com\/index.php\/wp-json\/wp\/v2\/posts"}],"about":[{"href":"http:\/\/hoycordobaweb.com\/index.php\/wp-json\/wp\/v2\/types\/post"}],"author":[{"embeddable":true,"href":"http:\/\/hoycordobaweb.com\/index.php\/wp-json\/wp\/v2\/users\/1"}],"replies":[{"embeddable":true,"href":"http:\/\/hoycordobaweb.com\/index.php\/wp-json\/wp\/v2\/comments?post=102925"}],"version-history":[{"count":0,"href":"http:\/\/hoycordobaweb.com\/index.php\/wp-json\/wp\/v2\/posts\/102925\/revisions"}],"wp:featuredmedia":[{"embeddable":true,"href":"http:\/\/hoycordobaweb.com\/index.php\/wp-json\/wp\/v2\/media\/102926"}],"wp:attachment":[{"href":"http:\/\/hoycordobaweb.com\/index.php\/wp-json\/wp\/v2\/media?parent=102925"}],"wp:term":[{"taxonomy":"category","embeddable":true,"href":"http:\/\/hoycordobaweb.com\/index.php\/wp-json\/wp\/v2\/categories?post=102925"},{"taxonomy":"post_tag","embeddable":true,"href":"http:\/\/hoycordobaweb.com\/index.php\/wp-json\/wp\/v2\/tags?post=102925"}],"curies":[{"name":"wp","href":"https:\/\/api.w.org\/{rel}","templated":true}]}}