{"id":102917,"date":"2025-04-22T17:11:06","date_gmt":"2025-04-22T17:11:06","guid":{"rendered":"https:\/\/www.ole.com.ar\/futbol-internacional\/di-maria-contrato-benfica-renovacion_0_vAbhpp60En.html"},"modified":"2025-04-22T17:11:06","modified_gmt":"2025-04-22T17:11:06","slug":"el-dt-del-benfica-hablo-sobre-la-renovacion-de-di-maria-llega-al-mundial-de-clubes","status":"publish","type":"post","link":"http:\/\/hoycordobaweb.com\/index.php\/2025\/04\/22\/el-dt-del-benfica-hablo-sobre-la-renovacion-de-di-maria-llega-al-mundial-de-clubes\/","title":{"rendered":"El DT del Benfica habl\u00f3 sobre la renovaci\u00f3n de Di Mar\u00eda: \u00bfllega al Mundial de Clubes?"},"content":{"rendered":"<p><img src=\"http:\/\/hoycordobaweb.com\/wp-content\/uploads\/2025\/04\/el-dt-del-benfica-hablo-sobre-la-renovacion-de-di-maria-llega-al-mundial-de-clubes.jpg\"><\/p>\n<p><time class=\"createDate\" datetime=\"2025-04-22T14:11:06-03:00\">22\/04\/2025 14:11hs.<\/time><\/p>\n<div id=\"storyBody\">\n<div class=\"custom-text \" readability=\"36.452328159645\">\n<p><strong>La continuidad de <a href=\"https:\/\/www.ole.com.ar\/tema\/angel-di-maria.html\" title=\"Angel DI Mar\u00eda\" alt=\"Angel DI Mar\u00eda\" class=\"slug\">\u00c1ngel Di Mar\u00eda<\/a> en el <a href=\"https:\/\/www.ole.com.ar\/tema\/benfica.html\" title=\"benfica\" alt=\"benfica\" class=\"slug\">Benfica<\/a><\/strong>, luego del 30 de junio de este 2025, <strong>es todav\u00eda una inc\u00f3gnita<\/strong>. Al argentino se le vence el contrato a mitad de a\u00f1o y a\u00fan no hubo una propuesta concreta del club para renovar el v\u00ednculo. Para colmo, el equipo portugu\u00e9s jugar\u00e1 el <strong><a href=\"https:\/\/www.ole.com.ar\/tema\/mundial-de-clubes.html\" title=\"Mundial de Clubes\" alt=\"Mundial de Clubes\" class=\"slug\">Mundial de Clubes<\/a><\/strong>, que finaliza posterior a dicha fecha, por lo que tambi\u00e9n estar\u00eda en duda la presencia de Fideo en el torneo si no se resuelve antes su situaci\u00f3n.<\/p>\n<\/div>\n<div class=\"custom-text \" readability=\"38\">\n<p>Este martes, en conferencia de prensa, habl\u00f3 Bruno Lage. Al entrenador de las \u00c1guilas le preguntaron sobre Di Mar\u00eda y respondi\u00f3 al respecto: <strong>\u00abLos n\u00fameros que tengo de \u00e9l son de un campe\u00f3n<\/strong>. Ha jugado 2.512 minutos este a\u00f1o, es el und\u00e9cimo jugador m\u00e1s utilizado del plantel y lleva 15 goles y 8 asistencias. <strong>No tomamos decisiones en este momento sobre el futuro<\/strong>. Hace dos o tres meses la pregunta era cu\u00e1nto tiempo tardar\u00eda el club en renovarle y ahora es si est\u00e1 en condiciones de jugar en el futuro\u00bb.<\/p>\n<\/div>\n<div class=\"custom-text \" readability=\"39.783105022831\">\n<p>Las dudas en torno a Di Mar\u00eda est\u00e1n puestas en su <strong>mala racha de lesiones en el \u00faltimo tiempo<\/strong>. De hecho, finaliz\u00f3 con una molestia el \u00faltimo partido, el s\u00e1bado pasado ante el Gimaraes, en el que debi\u00f3 ser reemplazado. Sin embargo, est\u00e1 disponible para el partido de este mi\u00e9rcoles ante el Tirsense por la vuelta de la semifinales de la <a href=\"https:\/\/www.ole.com.ar\/tema\/copa-de-portugal.html\" title=\"Copa de Portugal\" alt=\"Copa de Portugal\" class=\"slug\">Copa Portugal<\/a>. <strong>\u00abNo est\u00e1 lesionado, est\u00e1 f\u00edsicamente apto para jugar ma\u00f1ana\u00bb<\/strong>, afirm\u00f3 Lage.<\/p>\n<\/div>\n<div class=\"sc-e7b891c4-0 ifHnQL image-embed\"><img alt=\"Fideo Di Mar\u00eda, el crack del Benfica. (Foto: REUTER)\" loading=\"lazy\" width=\"720\" height=\"100\" decoding=\"async\" data-nimg=\"1\" src=\"http:\/\/hoycordobaweb.com\/wp-content\/uploads\/2025\/04\/el-dt-del-benfica-hablo-sobre-la-renovacion-de-di-maria-llega-al-mundial-de-clubes-2.jpg\"><span class=\"epigraphe\">Fideo Di Mar\u00eda, el crack del Benfica. (Foto: REUTER)<\/span><\/div>\n<div class=\"custom-text \" readability=\"38\">\n<p>A los 37 a\u00f1os, Di Mar\u00eda transita su temporada N\u00b020 en el f\u00fatbol profesional desde que debut\u00f3 en Rosario Central, a fines del 2005. En esta temporada en el Benfica, la segunda consecutiva en el club portugu\u00e9s, registra muy buenos n\u00fameros: un total de <strong>15 goles<\/strong> y <strong>8 asistencias<\/strong> en <strong>29 partidos<\/strong>.<\/p>\n<\/div>\n<p><h2><strong>El Benfica en el Mundial de Clubes<\/strong><\/h2>\n<\/p>\n<div class=\"custom-text \" readability=\"37.714285714286\">\n<p>Si finalmente contin\u00faa en las \u00c1guilas, Fideo jugar\u00e1 el nuevo Mundial de Clubes de la FIFA en Estados Unidos y <strong>enfrentar\u00e1 a <a href=\"https:\/\/www.ole.com.ar\/tema\/boca-juniors.html\" title=\"Boca Juniors\" alt=\"Boca Juniors\" class=\"slug\">Boca<\/a><\/strong> en el debut. Su equipo conforma el <strong>Grupo C<\/strong> junto a <a href=\"https:\/\/www.ole.com.ar\/tema\/auckland-city.html\" title=\"Auckland City\" alt=\"Auckland City\" class=\"slug\">Auckland City<\/a>, de Nueva Zelanda, <a href=\"https:\/\/www.ole.com.ar\/tema\/bayern-munich.html\" title=\"Bayern Munich\" alt=\"Bayern Munich\" class=\"slug\">Bayern Munich<\/a> y el Xeneize. Y en caso de avanzar a octavos de final, tiene como posibles rivales al <a href=\"https:\/\/www.ole.com.ar\/tema\/chelsea.html\" title=\"Chelsea\" alt=\"Chelsea\" class=\"slug\">Chelsea<\/a>, <a href=\"https:\/\/www.ole.com.ar\/tema\/flamengo.html\" title=\"Flamengo\" alt=\"Flamengo\" class=\"slug\">Flamengo<\/a>, Esp\u00e9rance de T\u00fanez y un cuarto a confirmar (puesto que le pertenec\u00eda al Club Le\u00f3n, pero fue excluido).<\/p>\n<\/div>\n<div class=\"sc-e7b891c4-0 ifHnQL image-embed\"><img alt=\"Benfica debutar\u00e1 ante Boca en el Mundial de Clubes 2025. (Foto: REUTER)\" loading=\"lazy\" width=\"720\" height=\"100\" decoding=\"async\" data-nimg=\"1\" src=\"http:\/\/hoycordobaweb.com\/wp-content\/uploads\/2025\/04\/el-dt-del-benfica-hablo-sobre-la-renovacion-de-di-maria-llega-al-mundial-de-clubes-3.jpg\"><span class=\"epigraphe\">Benfica debutar\u00e1 ante Boca en el Mundial de Clubes 2025. (Foto: REUTER)<\/span><\/div>\n<p><h2><strong>El fixture del Benfica en el Mundial de Clubes<\/strong><\/h2>\n<\/p>\n<div class=\"custom-text \">\n<ul>\n<li>Boca Juniors vs Benfica | lunes 16 de junio de 2025 | Hard Rock Stadium, Miami<\/li>\n<li>Benfica vs Auckland City | viernes 20 de junio de 2025 | Inter&amp;Co Stadium, Orlando<\/li>\n<li>Benfica vs Bayern M\u00fanich | martes 24 de junio | Bank of America Stadium, Carolina del Norte<\/li>\n<\/ul>\n<\/div>\n<div class=\"sc-a7166897-0 eoLsBE\" readability=\"6.5\">\n<section readability=\"3\"><picture><img alt=\"La prensa espa\u00f1ola asegura cu\u00e1l es el precio de salida de \u00c1ngel Correa del Atl\u00e9tico de Madrid \" loading=\"lazy\" width=\"290\" height=\"290\" decoding=\"async\" data-nimg=\"1\" src=\"http:\/\/hoycordobaweb.com\/wp-content\/uploads\/2025\/04\/el-dt-del-benfica-hablo-sobre-la-renovacion-de-di-maria-llega-al-mundial-de-clubes-4.jpg\"><\/picture>\n<p><span>Mir\u00e1 tambi\u00e9n<\/span><\/p>\n<hr>\n<h3>La prensa espa\u00f1ola asegura cu\u00e1l es el precio de salida de \u00c1ngel Correa del Atl\u00e9tico de Madrid <\/h3>\n<\/p>\n<\/section>\n<\/div>\n<div class=\"sc-a7166897-0 eoLsBE\" readability=\"6.5\">\n<section readability=\"3\"><picture><img alt=\"Ascendi\u00f3 Burnley, el equipo defensivo que lleg\u00f3 &quot;aburriendo&quot; a la Premier League\" loading=\"lazy\" width=\"290\" height=\"290\" decoding=\"async\" data-nimg=\"1\" src=\"http:\/\/hoycordobaweb.com\/wp-content\/uploads\/2025\/04\/el-dt-del-benfica-hablo-sobre-la-renovacion-de-di-maria-llega-al-mundial-de-clubes-5.jpg\"><\/picture>\n<p><span>Mir\u00e1 tambi\u00e9n<\/span><\/p>\n<hr>\n<h3>Ascendi\u00f3 Burnley, el equipo defensivo que lleg\u00f3 \u00ababurriendo\u00bb a la Premier League<\/h3>\n<\/p>\n<\/section>\n<\/div>\n<div class=\"sc-a7166897-0 eoLsBE\" readability=\"6.5\">\n<section readability=\"3\"><picture><img alt=\"Las hinchadas de Celtic y Rangers, peleadas por la muerte del Papa Francisco\" loading=\"lazy\" width=\"290\" height=\"290\" decoding=\"async\" data-nimg=\"1\" src=\"http:\/\/hoycordobaweb.com\/wp-content\/uploads\/2025\/04\/el-dt-del-benfica-hablo-sobre-la-renovacion-de-di-maria-llega-al-mundial-de-clubes-6.jpg\"><\/picture>\n<p><span>Mir\u00e1 tambi\u00e9n<\/span><\/p>\n<hr>\n<h3>Las hinchadas de Celtic y Rangers, peleadas por la muerte del Papa Francisco<\/h3>\n<\/p>\n<\/section>\n<\/div>\n<\/div>\n","protected":false},"excerpt":{"rendered":"<p>22\/04\/2025 14:11hs. La continuidad de \u00c1ngel Di Mar\u00eda en el Benfica, luego del 30 de junio de este 2025, es todav\u00eda una inc\u00f3gnita. Al argentino se le vence el contrato a mitad de a\u00f1o y a\u00fan no hubo una propuesta concreta del club para renovar el v\u00ednculo. Para colmo, el equipo portugu\u00e9s jugar\u00e1 el Mundial [&hellip;]<\/p>\n","protected":false},"author":1,"featured_media":102918,"comment_status":"open","ping_status":"closed","sticky":false,"template":"","format":"standard","meta":[],"categories":[16],"tags":[],"_links":{"self":[{"href":"http:\/\/hoycordobaweb.com\/index.php\/wp-json\/wp\/v2\/posts\/102917"}],"collection":[{"href":"http:\/\/hoycordobaweb.com\/index.php\/wp-json\/wp\/v2\/posts"}],"about":[{"href":"http:\/\/hoycordobaweb.com\/index.php\/wp-json\/wp\/v2\/types\/post"}],"author":[{"embeddable":true,"href":"http:\/\/hoycordobaweb.com\/index.php\/wp-json\/wp\/v2\/users\/1"}],"replies":[{"embeddable":true,"href":"http:\/\/hoycordobaweb.com\/index.php\/wp-json\/wp\/v2\/comments?post=102917"}],"version-history":[{"count":0,"href":"http:\/\/hoycordobaweb.com\/index.php\/wp-json\/wp\/v2\/posts\/102917\/revisions"}],"wp:featuredmedia":[{"embeddable":true,"href":"http:\/\/hoycordobaweb.com\/index.php\/wp-json\/wp\/v2\/media\/102918"}],"wp:attachment":[{"href":"http:\/\/hoycordobaweb.com\/index.php\/wp-json\/wp\/v2\/media?parent=102917"}],"wp:term":[{"taxonomy":"category","embeddable":true,"href":"http:\/\/hoycordobaweb.com\/index.php\/wp-json\/wp\/v2\/categories?post=102917"},{"taxonomy":"post_tag","embeddable":true,"href":"http:\/\/hoycordobaweb.com\/index.php\/wp-json\/wp\/v2\/tags?post=102917"}],"curies":[{"name":"wp","href":"https:\/\/api.w.org\/{rel}","templated":true}]}}