{"id":102914,"date":"2025-04-22T13:35:10","date_gmt":"2025-04-22T13:35:10","guid":{"rendered":"https:\/\/ladecimaweb.com\/?p=31706"},"modified":"2025-04-22T13:35:10","modified_gmt":"2025-04-22T13:35:10","slug":"recuperan-dos-vehiculos-judicializados-ocultos-en-un-taller-y-detienen-al-dueno","status":"publish","type":"post","link":"http:\/\/hoycordobaweb.com\/index.php\/2025\/04\/22\/recuperan-dos-vehiculos-judicializados-ocultos-en-un-taller-y-detienen-al-dueno\/","title":{"rendered":"Recuperan dos veh\u00edculos judicializados ocultos en un taller y detienen al due\u00f1o"},"content":{"rendered":"<div class=\"boldgrid-section\">\n<div class=\"container\">\n<div class=\"row\">\n<div class=\"col-md-12 col-xs-12 col-sm-12\">\n<p class=\"\">En Pje. Dionisio del Puch al 3500 de&nbsp;<strong> B\u00b0 Gral. Mosconi<\/strong>, personal policial logr\u00f3 <strong>recuperar dos veh\u00edculos (Jeep Renegade y Fiat Argo) que registran pedidos de distintas unidades judiciales<\/strong>, los cuales se hallaban en la parte trasera de una vivienda, donde funcionaba aparentemente un taller.<\/p>\n<p class=\"\"><img loading=\"lazy\" class=\"wp-image-31707 alignleft\" src=\"http:\/\/hoycordobaweb.com\/wp-content\/uploads\/2025\/04\/recuperan-dos-vehiculos-judicializados-ocultos-en-un-taller-y-detienen-al-dueno.jpg\" alt=\"\" width=\"147\" height=\"262\" srcset=\"http:\/\/hoycordobaweb.com\/wp-content\/uploads\/2025\/04\/recuperan-dos-vehiculos-judicializados-ocultos-en-un-taller-y-detienen-al-dueno.jpg 899w, http:\/\/hoycordobaweb.com\/wp-content\/uploads\/2025\/04\/recuperan-dos-vehiculos-judicializados-ocultos-en-un-taller-y-detienen-al-dueno-1.jpg 250w, http:\/\/hoycordobaweb.com\/wp-content\/uploads\/2025\/04\/recuperan-dos-vehiculos-judicializados-ocultos-en-un-taller-y-detienen-al-dueno-2.jpg 768w, http:\/\/hoycordobaweb.com\/wp-content\/uploads\/2025\/04\/recuperan-dos-vehiculos-judicializados-ocultos-en-un-taller-y-detienen-al-dueno-3.jpg 864w\" sizes=\"(max-width: 147px) 100vw, 147px\" \/><\/p>\n<p class=\"\">Instantes previos, mientras los efectivos realizaban un operativo en la zona en procura de dar con un autom\u00f3vil sustra\u00eddo,<strong> lograron divisar que un rodado ingresaba r\u00e1pidamente al domicilio se\u00f1alado. <\/strong><\/p>\n<p class=\"\">Seguidamente, se procedi\u00f3 a la <strong>aprehensi\u00f3n de un hombre de 60 a\u00f1os,<\/strong> propietario del inmueble, quien fue puesto a disposici\u00f3n de la justicia junto a los veh\u00edculos secuestrados.<\/p>\n<p class=\"\">&nbsp;<\/p>\n<p>&nbsp;<\/p>\n<p>&nbsp;<\/p>\n<p>&nbsp;<\/p>\n<p>&nbsp;<\/p>\n<p class=\"\">\n<div class=\"ubm_banner\"><a href=\"https:\/\/youtu.be\/h2J_ZdbxYVc\" target=\"_blank\" rel=\"dofollow noopener noreferrer\"><img src=\"http:\/\/hoycordobaweb.com\/wp-content\/uploads\/2025\/04\/recuperan-dos-vehiculos-judicializados-ocultos-en-un-taller-y-detienen-al-dueno.gif\" alt=\"\"><\/a><\/div>\n<\/div>\n<\/div>\n<\/div>\n<\/div>\n<p>La entrada <a rel=\"nofollow\" href=\"https:\/\/ladecimaweb.com\/recuperan-dos-vehiculos-judicializados-ocultos-en-un-taller-y-detienen-al-dueno\/\">Recuperan dos veh\u00edculos judicializados ocultos en un taller y detienen al due\u00f1o<\/a> se public\u00f3 primero en <a rel=\"nofollow\" href=\"https:\/\/ladecimaweb.com\">LaDecima<\/a>.<\/p>\n","protected":false},"excerpt":{"rendered":"<p>En Pje. Dionisio del Puch al 3500 de&nbsp; B\u00b0 Gral. Mosconi, personal policial logr\u00f3 recuperar dos veh\u00edculos (Jeep Renegade y Fiat Argo) que registran pedidos de distintas unidades judiciales, los cuales se hallaban en la parte trasera de una vivienda, donde funcionaba aparentemente un taller. Instantes previos, mientras los efectivos realizaban un operativo en la [&hellip;]<\/p>\n","protected":false},"author":1,"featured_media":0,"comment_status":"closed","ping_status":"closed","sticky":false,"template":"","format":"standard","meta":[],"categories":[32],"tags":[],"_links":{"self":[{"href":"http:\/\/hoycordobaweb.com\/index.php\/wp-json\/wp\/v2\/posts\/102914"}],"collection":[{"href":"http:\/\/hoycordobaweb.com\/index.php\/wp-json\/wp\/v2\/posts"}],"about":[{"href":"http:\/\/hoycordobaweb.com\/index.php\/wp-json\/wp\/v2\/types\/post"}],"author":[{"embeddable":true,"href":"http:\/\/hoycordobaweb.com\/index.php\/wp-json\/wp\/v2\/users\/1"}],"replies":[{"embeddable":true,"href":"http:\/\/hoycordobaweb.com\/index.php\/wp-json\/wp\/v2\/comments?post=102914"}],"version-history":[{"count":0,"href":"http:\/\/hoycordobaweb.com\/index.php\/wp-json\/wp\/v2\/posts\/102914\/revisions"}],"wp:attachment":[{"href":"http:\/\/hoycordobaweb.com\/index.php\/wp-json\/wp\/v2\/media?parent=102914"}],"wp:term":[{"taxonomy":"category","embeddable":true,"href":"http:\/\/hoycordobaweb.com\/index.php\/wp-json\/wp\/v2\/categories?post=102914"},{"taxonomy":"post_tag","embeddable":true,"href":"http:\/\/hoycordobaweb.com\/index.php\/wp-json\/wp\/v2\/tags?post=102914"}],"curies":[{"name":"wp","href":"https:\/\/api.w.org\/{rel}","templated":true}]}}