{"id":1029,"date":"2020-09-03T18:00:41","date_gmt":"2020-09-03T18:00:41","guid":{"rendered":"https:\/\/www.trendencias.com\/salud\/enfermedad-lyme-esto-que-sabemos-afeccion-que-sufre-bella-hadid"},"modified":"2020-09-03T18:00:41","modified_gmt":"2020-09-03T18:00:41","slug":"enfermedad-de-lyme-esto-es-lo-que-sabemos-sobre-la-afeccion-que-sufre-bella-hadid","status":"publish","type":"post","link":"http:\/\/hoycordobaweb.com\/index.php\/2020\/09\/03\/enfermedad-de-lyme-esto-es-lo-que-sabemos-sobre-la-afeccion-que-sufre-bella-hadid\/","title":{"rendered":"Enfermedad de Lyme: esto es lo que sabemos sobre la afecci\u00f3n que sufre Bella Hadid"},"content":{"rendered":"<div readability=\"83.893469756244\">\n<p>No es la primera vez que una celebritie cuenta abiertamente el hecho de padecer una enfermedad. <a href=\"https:\/\/www.trendencias.com\/belleza\/confirmado-el-mal-aspecto-de-selena-gomez-se-debe-a-que-tiene-lupus\">Desde Selena G\u00f3mez con el lupus<\/a>, <a href=\"https:\/\/www.trendencias.com\/celebrities-2\/sarah-hyland-se-sincera-multiples-problemas-salud-que-llevaron-a-plantearse-suicidio\">Sarah Hyland con la displasia renal multiqu\u00edstica<\/a> o Justin Bieber y la enfermedad de Lyme. Esta es, precisamente, la enfermedad que tambi\u00e9n padece <a href=\"https:\/\/www.trendencias.com\/moda-famosas\/camisas-masculinas-manga-corta-se-llevan-abiertas-palabra-bella-hadid\">Bella Hadid<\/a> y de la que ha hablado en numerosas ocasiones.<\/p>\n<p><!-- BREAK 1 --><\/p>\n<p>Recientemente utiliz\u00f3 sus stories de Instagram para compartir los s\u00edntomas que sol\u00eda padecer por causa de esta enfermedad. Y es que se trata de una gran desconocida que resulta algo complicada de diagnosticar. <strong>Esto es lo que sabemos sobre la enfermedad de Lyme<\/strong>.<\/p>\n<p><!-- BREAK 2 --> <\/p>\n<div class=\"article-asset article-asset-normal article-asset-center\">\n<div class=\"desvio-container\">\n<div class=\"desvio\">\n<div class=\"desvio-figure js-desvio-figure\"> <a href=\"https:\/\/www.trendencias.com\/moda-famosas\/gigi-hadid-acalla-a-los-haters-explicando-en-twitter-las-tristes-razones-de-su-peso\"> <img alt=\"Gigi Hadid acalla a los haters explicando en Twitter las (tristes) razones de su peso \" src=\"http:\/\/hoycordobaweb.com\/wp-content\/uploads\/2020\/09\/enfermedad-de-lyme-esto-es-lo-que-sabemos-sobre-la-afeccion-que-sufre-bella-hadid.jpg\"> <\/a> <\/div><\/div><\/div>\n<\/div>\n<h2>Qu\u00e9 es la enfermedad de Lyme<\/h2>\n<p>Se trata de una enfermedad transmitida a los humanos a trav\u00e9s de <strong>la mordedura de una garrapata<\/strong> concreta, conocida como <em>Ixodes. <\/em>Esta garrapata, que es especialmente habitual en zonas de Estados Unidos como a lo largo de la costa noreste o en los estados del medioeste, nos transmitir\u00eda la bacteria Borrelia burgdorferi que causa la enfermedad.<\/p>\n<p><!-- BREAK 3 --><\/p>\n<p>Lo habitual cuando nos pica una garrapata es que no ocurra nada, adem\u00e1s de la molestia de tener que retirarla, pero en casos concretos en los que notamos dolor, hinchaz\u00f3n en una extremidad o <a href=\"https:\/\/www.vitonica.com\/prevencion\/siete-picaduras-diferentes-insectos-asi-podemos-reconocer-tratar-para-aliviarlas\">si hemos sido picados en una zona rural, necesitar\u00edamos consulta m\u00e9dica<\/a>.<\/p>\n<p><!-- BREAK 4 --><\/p>\n<div class=\"article-asset-image article-asset-normal article-asset-center\">\n<div class=\"asset-content\"> <img class=\"sf-lazy centro_sinmarco\" data-sf-srcset=\"http:\/\/hoycordobaweb.com\/wp-content\/uploads\/2020\/09\/enfermedad-de-lyme-esto-es-lo-que-sabemos-sobre-la-afeccion-que-sufre-bella-hadid-1.jpg 450w, http:\/\/hoycordobaweb.com\/wp-content\/uploads\/2020\/09\/enfermedad-de-lyme-esto-es-lo-que-sabemos-sobre-la-afeccion-que-sufre-bella-hadid-5.jpg 681w,http:\/\/hoycordobaweb.com\/wp-content\/uploads\/2020\/09\/enfermedad-de-lyme-esto-es-lo-que-sabemos-sobre-la-afeccion-que-sufre-bella-hadid-6.jpg 1024w, http:\/\/hoycordobaweb.com\/wp-content\/uploads\/2020\/09\/enfermedad-de-lyme-esto-es-lo-que-sabemos-sobre-la-afeccion-que-sufre-bella-hadid-7.jpg 1366w,\" data-sf-src=\"http:\/\/hoycordobaweb.com\/wp-content\/uploads\/2020\/09\/enfermedad-de-lyme-esto-es-lo-que-sabemos-sobre-la-afeccion-que-sufre-bella-hadid-1.jpg\" alt=\"Dl U461080 001\"> <noscript><img alt=\"Dl U461080 001\" class=\"centro_sinmarco\" src=\"http:\/\/hoycordobaweb.com\/wp-content\/uploads\/2020\/09\/enfermedad-de-lyme-esto-es-lo-que-sabemos-sobre-la-afeccion-que-sufre-bella-hadid-1.jpg\"><\/noscript> <\/div>\n<\/div>\n<p>La enfermedad de Lyme puede ser dif\u00edcil de diagnosticar. En parte porque a veces la garrapata ni siquiera deja marca y en parte porque los s\u00edntomas cuando aparecen son similares a los de algunas infecciones <a href=\"https:\/\/www.trendencias.com\/propuestas-y-consejos\/ropa-joyas-coronavirus-como-limpiar-desinfectar-virus-cada-material\">causadas por virus<\/a>. Lo que s\u00ed debemos saber es que para que la enfermedad se desarrolle la garrapata tendr\u00eda que estar adherida a la piel para poder transmitir la enfermedad.<\/p>\n<p><!-- BREAK 5 --><\/p>\n<h2>Qu\u00e9 sintomas tienen las personas que, como Bella Hadid, padecen la enfermedad<\/h2>\n<p><a href=\"https:\/\/www.trendencias.com\/moda-famosas\/bella-hadid-hace-arder-instagram-body-semitransparente-aplicaciones-brillantes-firmado-burberry\">Como comentaba la modelo en sus stories<\/a>, la enfermedad de Lyme puede provocar numerosos s\u00edntomas. Lo m\u00e1s habitual es que empecemos viendo <strong>una especie de erupci\u00f3n de color rojo en la piel<\/strong>. Adem\u00e1s, pueden aparecer s\u00edntomas como el dolor de cabeza, la fatiga, fiebre o, incluso, dolores musculares.<\/p>\n<p><!-- BREAK 6 --><\/p>\n<div class=\"article-asset article-asset-normal article-asset-center\">\n<div class=\"desvio-container\">\n<div class=\"desvio\">\n<div class=\"desvio-figure js-desvio-figure\"> <a href=\"https:\/\/www.trendencias.com\/moda-famosas\/bella-hadid-sabe-como-sacar-partido-a-todo-su-falda-uniforme-colegio-se-vuelve-opcion-moderna\"> <img alt=\"Bella Hadid sabe c\u00f3mo sacar partido a todo: hasta su falda del uniforme de colegio se vuelve una opci\u00f3n moderna \" src=\"http:\/\/hoycordobaweb.com\/wp-content\/uploads\/2020\/09\/enfermedad-de-lyme-esto-es-lo-que-sabemos-sobre-la-afeccion-que-sufre-bella-hadid-2.jpg\"> <\/a> <\/div><\/div><\/div>\n<\/div>\n<p>Posteriormente, si no localizamos la enfermedad en las primeras fases y no se diagnostica, esta puede ir avanzando. En esos casos aparecer\u00e1n s\u00edntomas como problemas en la piel, <strong>afecciones en el sistema nervioso<\/strong>, problemas en el coraz\u00f3n y, en los casos m\u00e1s graves, trastornos esquel\u00e9ticos, artritis o problemas neurol\u00f3gicos.<\/p>\n<p><!-- BREAK 7 --><\/p>\n<div class=\"article-asset-image article-asset-normal article-asset-center\">\n<div class=\"asset-content\"> <img class=\"sf-lazy centro_sinmarco\" data-sf-srcset=\"http:\/\/hoycordobaweb.com\/wp-content\/uploads\/2020\/09\/enfermedad-de-lyme-esto-es-lo-que-sabemos-sobre-la-afeccion-que-sufre-bella-hadid-3.jpg 450w, http:\/\/hoycordobaweb.com\/wp-content\/uploads\/2020\/09\/enfermedad-de-lyme-esto-es-lo-que-sabemos-sobre-la-afeccion-que-sufre-bella-hadid-8.jpg 681w,http:\/\/hoycordobaweb.com\/wp-content\/uploads\/2020\/09\/enfermedad-de-lyme-esto-es-lo-que-sabemos-sobre-la-afeccion-que-sufre-bella-hadid-9.jpg 1024w, http:\/\/hoycordobaweb.com\/wp-content\/uploads\/2020\/09\/enfermedad-de-lyme-esto-es-lo-que-sabemos-sobre-la-afeccion-que-sufre-bella-hadid-10.jpg 1366w,\" data-sf-src=\"http:\/\/hoycordobaweb.com\/wp-content\/uploads\/2020\/09\/enfermedad-de-lyme-esto-es-lo-que-sabemos-sobre-la-afeccion-que-sufre-bella-hadid-3.jpg\" alt=\"Dl U453033 002\"> <noscript><img alt=\"Dl U453033 002\" class=\"centro_sinmarco\" src=\"http:\/\/hoycordobaweb.com\/wp-content\/uploads\/2020\/09\/enfermedad-de-lyme-esto-es-lo-que-sabemos-sobre-la-afeccion-que-sufre-bella-hadid-3.jpg\"><\/noscript> <\/div>\n<\/div>\n<p>Si la enfermedad se detecta pronto los m\u00e1s habitual es que se recuperen por completo con el uso de antibi\u00f3ticos en poco tiempo. Por lo que <strong>una detecci\u00f3n temprana es muy importante<\/strong>. En casos de detecci\u00f3n m\u00e1s tard\u00eda, los antibi\u00f3ticos orales o intravenosos son tambi\u00e9n el tratamiento de elecci\u00f3n. Lo habitual es recuperarse, pero algunas personas pueden seguir mostrando s\u00edntomas como dolores musculares o cansancio tiempo despu\u00e9s.<\/p>\n<p><!-- BREAK 8 --><\/p>\n<p>Si nos encontramos en zonas h\u00famedas de gran vegetaci\u00f3n donde puedan encontrarse estas garrapatas <strong>es interesante que nos revisemos bien el cuerpo <\/strong>para asegurarnos de que no tengamos ninguna en nuestra piel. Usar un repelente de insectos si vamos a estar en estas zonas tambi\u00e9n es importante.<\/p>\n<p><!-- BREAK 9 --><\/p>\n<p>Im\u00e1genes | Gtres<\/p>\n<\/p><\/div>\n<div readability=\"19.744047619048\">\n<div class=\"article-social-share js-article-social-share m-in-links\" readability=\"24.44094488189\">\n<p> Compartir <q class=\"article-social-share-meta\"> Enfermedad de Lyme: esto es lo que sabemos sobre la afecci\u00f3n que sufre Bella Hadid <\/q> <\/p>\n<\/p><\/div><\/div>\n","protected":false},"excerpt":{"rendered":"<p>No es la primera vez que una celebritie cuenta abiertamente el hecho de padecer una enfermedad. Desde Selena G\u00f3mez con el lupus, Sarah Hyland con la displasia renal multiqu\u00edstica o Justin Bieber y la enfermedad de Lyme. Esta es, precisamente, la enfermedad que tambi\u00e9n padece Bella Hadid y de la que ha hablado en numerosas [&hellip;]<\/p>\n","protected":false},"author":1,"featured_media":1030,"comment_status":"closed","ping_status":"closed","sticky":false,"template":"","format":"standard","meta":[],"categories":[1],"tags":[],"_links":{"self":[{"href":"http:\/\/hoycordobaweb.com\/index.php\/wp-json\/wp\/v2\/posts\/1029"}],"collection":[{"href":"http:\/\/hoycordobaweb.com\/index.php\/wp-json\/wp\/v2\/posts"}],"about":[{"href":"http:\/\/hoycordobaweb.com\/index.php\/wp-json\/wp\/v2\/types\/post"}],"author":[{"embeddable":true,"href":"http:\/\/hoycordobaweb.com\/index.php\/wp-json\/wp\/v2\/users\/1"}],"replies":[{"embeddable":true,"href":"http:\/\/hoycordobaweb.com\/index.php\/wp-json\/wp\/v2\/comments?post=1029"}],"version-history":[{"count":0,"href":"http:\/\/hoycordobaweb.com\/index.php\/wp-json\/wp\/v2\/posts\/1029\/revisions"}],"wp:featuredmedia":[{"embeddable":true,"href":"http:\/\/hoycordobaweb.com\/index.php\/wp-json\/wp\/v2\/media\/1030"}],"wp:attachment":[{"href":"http:\/\/hoycordobaweb.com\/index.php\/wp-json\/wp\/v2\/media?parent=1029"}],"wp:term":[{"taxonomy":"category","embeddable":true,"href":"http:\/\/hoycordobaweb.com\/index.php\/wp-json\/wp\/v2\/categories?post=1029"},{"taxonomy":"post_tag","embeddable":true,"href":"http:\/\/hoycordobaweb.com\/index.php\/wp-json\/wp\/v2\/tags?post=1029"}],"curies":[{"name":"wp","href":"https:\/\/api.w.org\/{rel}","templated":true}]}}