{"id":102826,"date":"2025-04-21T16:39:56","date_gmt":"2025-04-21T16:39:56","guid":{"rendered":"https:\/\/www.ole.com.ar\/informacion-general\/emotivo-mensaje-franco-colapinto-despedir-papa-francisco_0_2nj0Up12cp.html"},"modified":"2025-04-21T16:39:56","modified_gmt":"2025-04-21T16:39:56","slug":"el-emotivo-mensaje-de-franco-colapinto-para-despedir-al-papa-francisco-nos-inspiro-a-ser-mejores-personas","status":"publish","type":"post","link":"http:\/\/hoycordobaweb.com\/index.php\/2025\/04\/21\/el-emotivo-mensaje-de-franco-colapinto-para-despedir-al-papa-francisco-nos-inspiro-a-ser-mejores-personas\/","title":{"rendered":"El emotivo mensaje de Franco Colapinto para despedir al Papa Francisco: \u00abNos inspir\u00f3 a ser mejores personas\u00bb"},"content":{"rendered":"<p><img src=\"http:\/\/hoycordobaweb.com\/wp-content\/uploads\/2025\/04\/el-emotivo-mensaje-de-franco-colapinto-para-despedir-al-papa-francisco-nos-inspiro-a-ser-mejores-personas.jpg\"><\/p>\n<p><time class=\"createDate\" datetime=\"2025-04-21T13:39:56-03:00\">21\/04\/2025 13:39hs.<\/time><\/p>\n<div id=\"storyBody\">\n<div class=\"custom-text \" readability=\"25.882352941176\">\n<p>Desde que se conoci\u00f3 la noticia del fallecimiento del <strong><a href=\"https:\/\/www.ole.com.ar\/tema\/papa-francisco.html\" title=\"Papa Francisco\" alt=\"Papa Francisco\" class=\"slug\">Papa Francisco<\/a><\/strong>, <strong><a href=\"https:\/\/www.ole.com.ar\/fuera-de-juego\/fallecio-papa-francisco_0_HI5rr2lD4c.html\" target=\"_self\" title=\"quien muri\u00f3 este lunes por la ma\u00f1ana en su residencia de la Casa Santa Marta,\" alt=\"quien muri\u00f3 este lunes por la ma\u00f1ana en su residencia de la Casa Santa Marta,\" rel=\"noopener noreferrer\">quien muri\u00f3 este lunes por la ma\u00f1ana en su residencia de la Casa Santa Marta,<\/a><\/strong> distintas figuras del deporte mundial se volcaron a las redes sociales para despedir al Sumo Pont\u00edfice argentino. A los miles de mensajes de afecto, <a href=\"https:\/\/www.ole.com.ar\/informacion-general\/messi-mensaje-papa-muerte_0_RrEuq7LsaC.html\" target=\"_self\" title=\"entre los que no falt\u00f3\" alt=\"entre los que no falt\u00f3\" rel=\"noopener noreferrer\">entre los que no falt\u00f3<\/a> el de <strong><a href=\"https:\/\/www.ole.com.ar\/tema\/lionel-messi.html\" title=\"Lionel Messi\" alt=\"Lionel Messi\" class=\"slug\">Lionel Messi<\/a><\/strong>, tambi\u00e9n se sum\u00f3 <strong><a href=\"https:\/\/www.ole.com.ar\/tema\/franco-colapinto.html\" title=\"Franco Colapinto\" alt=\"Franco Colapinto\" class=\"slug\">Franco Colapinto<\/a>, con unas sentidas palabras. <\/strong><\/p>\n<\/div>\n<div class=\"custom-text \" readability=\"37\">\n<p>\u00ab<strong>Un l\u00edder que nos inspir\u00f3 a ser mejores personas, con su humildad y su forma de ser. Nos record\u00f3 que tenemos cerca a Dios\u00bb<\/strong>, escribi\u00f3 el piloto argentino de Alpine, en una historia que comparti\u00f3 en Instagram. <\/p>\n<\/div>\n<div class=\"sc-e7b891c4-0 ifHnQL image-embed\"><img alt=\"El sentido mensaje de Franco Colapinto por el fallecimiento del Papa Francisco.\" loading=\"lazy\" width=\"720\" height=\"100\" decoding=\"async\" data-nimg=\"1\" src=\"http:\/\/hoycordobaweb.com\/wp-content\/uploads\/2025\/04\/el-emotivo-mensaje-de-franco-colapinto-para-despedir-al-papa-francisco-nos-inspiro-a-ser-mejores-personas-2.jpg\"><span class=\"epigraphe\">El sentido mensaje de Franco Colapinto por el fallecimiento del Papa Francisco.<\/span><\/div>\n<div class=\"custom-text \" readability=\"37\">\n<p>Adem\u00e1s, en su publicaci\u00f3n, Franco quien contin\u00faa trabajando a la espera de una posibilidad para subirse al segundo auto de la escuder\u00eda francesa en la F\u00f3rmula 1, agreg\u00f3: <strong>\u00abGracias por ayudarnos a encontrar la fuerza y la inspiraci\u00f3n\u201d.<\/strong><\/p>\n<\/div>\n<p><h2><strong>El sentido mensaje de Messi tras la muerte del Papa<\/strong><\/h2>\n<\/p>\n<div class=\"custom-text \" readability=\"36\">\n<p>De un \u00edcono a otro. D<strong>e Lionel Messi a Jorge Bergoglio en un mensaje concreto, contundente y sentido.<\/strong> Horas despu\u00e9s del fallecimiento del Papa Francisco en el Vaticano, Leo dej\u00f3 un mensaje sencillo y sentido en sus redes sociales. Fiel a su estilo y con una imagen juntos.<\/p>\n<\/div>\n<div class=\"custom-text \" readability=\"37\">\n<p>\u00ab<strong>Un Papa distinto, cercano, argentino&#8230; QEPD Papa Francisco. Gracias por hacer del mundo un lugar mejor. Te vamos a extra\u00f1ar\u00bb, <\/strong>escribi\u00f3 Messi en su cuenta de Instagram para despedir al Sumo Pont\u00edfice.<\/p>\n<\/div>\n<div class=\"custom-text \" readability=\"41\">\n<p>Leo conoci\u00f3 a Francisco en el 2013, cuando Argentina e Italia se enfrentaron en un amistoso y los planteles visitaron el Vaticano. <strong>\u00abHa sido una jornada especial. Estoy orgulloso de haber estado aqu\u00ed para ver al Papa,<\/strong> tambi\u00e9n porque es argentino. El f\u00fatbol me ha llevado por todo el mundo, en los lugares m\u00e1s incre\u00edbles, pero la de hoy ha sido de verdad una jornada especial, inolvidable\u201c, dijo Leo en aquel momento.<\/p>\n<\/div>\n<div class=\"sc-e7b891c4-0 ifHnQL image-embed\"><img alt=\"Messi y el Papa Francisco. Un mensaje sentido de Leo.\" loading=\"lazy\" width=\"720\" height=\"100\" decoding=\"async\" data-nimg=\"1\" src=\"http:\/\/hoycordobaweb.com\/wp-content\/uploads\/2025\/04\/el-emotivo-mensaje-de-franco-colapinto-para-despedir-al-papa-francisco-nos-inspiro-a-ser-mejores-personas-3.jpg\"><span class=\"epigraphe\">Messi y el Papa Francisco. Un mensaje sentido de Leo.<\/span><\/div>\n<div class=\"custom-text \" readability=\"40\">\n<p>En aquella oportunidad, el Papa hab\u00eda tenido un comentario general muy ocurrente: \u00ab<strong>Ustedes vieron c\u00f3mo se comportaron los integrantes de la delegaci\u00f3n de Italia y c\u00f3mo lo hicieron los argentinos\u2026 Vieron que unos fueron obedientes y ordenados (italianos) y otros desordenados y desprolijos (argentinos). Bueno, yo soy uno de ellos;<\/strong> ahora saben de d\u00f3nde vengo, se los digo a los que me cuidan, que me rezongan cuando salgo del protocolo, cosa que seguir\u00e9 haciendo\u00bb.<\/p>\n<\/div>\n<div class=\"sc-a7166897-0 eoLsBE\" readability=\"6\">\n<section readability=\"2\"><picture><img alt=\"El sentido mensaje de Messi tras la muerte del Papa\" loading=\"lazy\" width=\"290\" height=\"290\" decoding=\"async\" data-nimg=\"1\" src=\"http:\/\/hoycordobaweb.com\/wp-content\/uploads\/2025\/04\/el-emotivo-mensaje-de-franco-colapinto-para-despedir-al-papa-francisco-nos-inspiro-a-ser-mejores-personas-4.jpg\"><\/picture>\n<p><span>Mir\u00e1 tambi\u00e9n<\/span><\/p>\n<hr>\n<h3>El sentido mensaje de Messi tras la muerte del Papa<\/h3>\n<\/p>\n<\/section>\n<\/div>\n<div class=\"sc-a7166897-0 eoLsBE\" readability=\"6\">\n<section readability=\"2\"><picture><img alt=\"Conmoci\u00f3n mundial: muri\u00f3 el Papa Francisco \" loading=\"lazy\" width=\"290\" height=\"290\" decoding=\"async\" data-nimg=\"1\" src=\"http:\/\/hoycordobaweb.com\/wp-content\/uploads\/2025\/04\/el-emotivo-mensaje-de-franco-colapinto-para-despedir-al-papa-francisco-nos-inspiro-a-ser-mejores-personas-5.jpg\"><\/picture>\n<p><span>Mir\u00e1 tambi\u00e9n<\/span><\/p>\n<hr>\n<h3>Conmoci\u00f3n mundial: muri\u00f3 el Papa Francisco <\/h3>\n<\/p>\n<\/section>\n<\/div>\n<div class=\"sc-a7166897-0 eoLsBE\" readability=\"7.5\">\n<section readability=\"5\"><picture><img alt=\"Desde la de San Lorenzo hasta las de Messi, Maradona, Colegiales y Almirante Brown: la infinita colecci\u00f3n de camisetas con las que pos\u00f3 el Papa Francisco \" loading=\"lazy\" width=\"290\" height=\"290\" decoding=\"async\" data-nimg=\"1\" src=\"http:\/\/hoycordobaweb.com\/wp-content\/uploads\/2025\/04\/el-emotivo-mensaje-de-franco-colapinto-para-despedir-al-papa-francisco-nos-inspiro-a-ser-mejores-personas-6.jpg\"><\/picture>\n<p><span>Mir\u00e1 tambi\u00e9n<\/span><\/p>\n<hr>\n<h3>Desde la de San Lorenzo hasta las de Messi, Maradona, Colegiales y Almirante Brown: la infinita colecci\u00f3n de camisetas con las que pos\u00f3 el Papa Francisco <\/h3>\n<\/p>\n<\/section>\n<\/div>\n<\/div>\n","protected":false},"excerpt":{"rendered":"<p>21\/04\/2025 13:39hs. Desde que se conoci\u00f3 la noticia del fallecimiento del Papa Francisco, quien muri\u00f3 este lunes por la ma\u00f1ana en su residencia de la Casa Santa Marta, distintas figuras del deporte mundial se volcaron a las redes sociales para despedir al Sumo Pont\u00edfice argentino. A los miles de mensajes de afecto, entre los que [&hellip;]<\/p>\n","protected":false},"author":1,"featured_media":102827,"comment_status":"open","ping_status":"closed","sticky":false,"template":"","format":"standard","meta":[],"categories":[16],"tags":[],"_links":{"self":[{"href":"http:\/\/hoycordobaweb.com\/index.php\/wp-json\/wp\/v2\/posts\/102826"}],"collection":[{"href":"http:\/\/hoycordobaweb.com\/index.php\/wp-json\/wp\/v2\/posts"}],"about":[{"href":"http:\/\/hoycordobaweb.com\/index.php\/wp-json\/wp\/v2\/types\/post"}],"author":[{"embeddable":true,"href":"http:\/\/hoycordobaweb.com\/index.php\/wp-json\/wp\/v2\/users\/1"}],"replies":[{"embeddable":true,"href":"http:\/\/hoycordobaweb.com\/index.php\/wp-json\/wp\/v2\/comments?post=102826"}],"version-history":[{"count":0,"href":"http:\/\/hoycordobaweb.com\/index.php\/wp-json\/wp\/v2\/posts\/102826\/revisions"}],"wp:featuredmedia":[{"embeddable":true,"href":"http:\/\/hoycordobaweb.com\/index.php\/wp-json\/wp\/v2\/media\/102827"}],"wp:attachment":[{"href":"http:\/\/hoycordobaweb.com\/index.php\/wp-json\/wp\/v2\/media?parent=102826"}],"wp:term":[{"taxonomy":"category","embeddable":true,"href":"http:\/\/hoycordobaweb.com\/index.php\/wp-json\/wp\/v2\/categories?post=102826"},{"taxonomy":"post_tag","embeddable":true,"href":"http:\/\/hoycordobaweb.com\/index.php\/wp-json\/wp\/v2\/tags?post=102826"}],"curies":[{"name":"wp","href":"https:\/\/api.w.org\/{rel}","templated":true}]}}