{"id":102816,"date":"2025-04-21T16:20:50","date_gmt":"2025-04-21T16:20:50","guid":{"rendered":"http:\/\/hoycordobaweb.com\/index.php\/2025\/04\/21\/murio-el-papa-francisco-el-mundo-del-futbol-reacciono-ante-la-partida-de-jorge-bergoglio\/"},"modified":"2025-04-21T16:20:50","modified_gmt":"2025-04-21T16:20:50","slug":"murio-el-papa-francisco-el-mundo-del-futbol-reacciono-ante-la-partida-de-jorge-bergoglio","status":"publish","type":"post","link":"http:\/\/hoycordobaweb.com\/index.php\/2025\/04\/21\/murio-el-papa-francisco-el-mundo-del-futbol-reacciono-ante-la-partida-de-jorge-bergoglio\/","title":{"rendered":"Muri\u00f3 el papa Francisco: el mundo del <b>f\u00fatbol<\/b> reaccion\u00f3 ante la partida de Jorge Bergoglio"},"content":{"rendered":"<p>La Asociaci\u00f3n del <b>F\u00fatbol Argentino<\/b> (AFA) expres\u00f3 &quot;su m\u00e1s sentido dolor por el fallecimiento del papa Francisco, Jorge Mario Bergoglio, quien en&nbsp;&#8230; <\/p>\n","protected":false},"excerpt":{"rendered":"<p>La Asociaci\u00f3n del F\u00fatbol Argentino (AFA) expres\u00f3 &quot;su m\u00e1s sentido dolor por el fallecimiento del papa Francisco, Jorge Mario Bergoglio, quien en&nbsp;&#8230;<\/p>\n","protected":false},"author":1,"featured_media":0,"comment_status":"closed","ping_status":"closed","sticky":false,"template":"","format":"standard","meta":[],"categories":[22],"tags":[],"_links":{"self":[{"href":"http:\/\/hoycordobaweb.com\/index.php\/wp-json\/wp\/v2\/posts\/102816"}],"collection":[{"href":"http:\/\/hoycordobaweb.com\/index.php\/wp-json\/wp\/v2\/posts"}],"about":[{"href":"http:\/\/hoycordobaweb.com\/index.php\/wp-json\/wp\/v2\/types\/post"}],"author":[{"embeddable":true,"href":"http:\/\/hoycordobaweb.com\/index.php\/wp-json\/wp\/v2\/users\/1"}],"replies":[{"embeddable":true,"href":"http:\/\/hoycordobaweb.com\/index.php\/wp-json\/wp\/v2\/comments?post=102816"}],"version-history":[{"count":0,"href":"http:\/\/hoycordobaweb.com\/index.php\/wp-json\/wp\/v2\/posts\/102816\/revisions"}],"wp:attachment":[{"href":"http:\/\/hoycordobaweb.com\/index.php\/wp-json\/wp\/v2\/media?parent=102816"}],"wp:term":[{"taxonomy":"category","embeddable":true,"href":"http:\/\/hoycordobaweb.com\/index.php\/wp-json\/wp\/v2\/categories?post=102816"},{"taxonomy":"post_tag","embeddable":true,"href":"http:\/\/hoycordobaweb.com\/index.php\/wp-json\/wp\/v2\/tags?post=102816"}],"curies":[{"name":"wp","href":"https:\/\/api.w.org\/{rel}","templated":true}]}}