{"id":102743,"date":"2025-04-20T14:23:51","date_gmt":"2025-04-20T14:23:51","guid":{"rendered":"https:\/\/www.mujerhoy.com\/moda\/no-te-pierdas\/como-lucir-falda-blanca-primavera-inspiracion-influencers-portuguesas-20250420172357-nt.html"},"modified":"2025-04-20T14:23:51","modified_gmt":"2025-04-20T14:23:51","slug":"como-lucir-una-falda-blanca-en-primavera-segun-las-portuguesas","status":"publish","type":"post","link":"http:\/\/hoycordobaweb.com\/index.php\/2025\/04\/20\/como-lucir-una-falda-blanca-en-primavera-segun-las-portuguesas\/","title":{"rendered":"C\u00f3mo lucir una falda blanca en primavera seg\u00fan las portuguesas"},"content":{"rendered":"<p><!-- AUTHOR --> <\/p>\n<div class=\"voc-author-timesocial \"> <!-- AUTHOR --> <\/p>\n<div class=\"voc-author-timesocial__signature \">\n<div class=\"voc-author-timesocial__img-c\"> <!-- IMAGE AUTHOR --> <picture class=\"voc-image-signature\"> <img class=\"voc-image-signature__img\" src=\"http:\/\/hoycordobaweb.com\/wp-content\/uploads\/2025\/04\/como-lucir-una-falda-blanca-en-primavera-segun-las-portuguesas.jpg\" alt=\"Carla Dom\u00ednguez\"> <\/picture> <\/div>\n<p> <!-- INFO AUTHOR --> <\/div><\/div>\n<p> <!-- COMPONENTS --> <\/p>\n<p class=\"voc-paragraph\" data-mrf-recirculation=\"Link art\u00edculo\"><a data-voc-vtm-id=\"in-text-traffic\" href=\"https:\/\/www.mujerhoy.com\/moda\/no-te-pierdas\/blusas-estampado-vichy-primavera-efecto-rejuvenecedor-20250301103608-nt.html\" data-mrf-link=\"https:\/\/www.mujerhoy.com\/moda\/no-te-pierdas\/blusas-estampado-vichy-primavera-efecto-rejuvenecedor-20250301103608-nt.html\">Las portuguesas<\/a> se han convertido en las <i>influencers<\/i> del momento. Sus <i>looks<\/i> llamativos est\u00e1n dando la vuelta al mundo. Inspirado en el estilismo que llevaron hace a\u00f1os las danesas, ahora las portuguesas son las protagonistas de las redes sociales y, en general, del <i>street style.<\/i><\/p>\n<p class=\"voc-paragraph\" data-mrf-recirculation=\"Link art\u00edculo\">Muchas de ellas ense\u00f1an en sus perfiles c\u00f3mo combinar looks b\u00e1sicos con prendas algo m\u00e1s llamativas. Entre esas prendas se encuentra <a data-voc-vtm-id=\"in-text-traffic\" href=\"https:\/\/www.mujerhoy.com\/moda\/no-te-pierdas\/faldas-tendencia-primavera-2025-mango-20250217133505-nt.html\" data-mrf-link=\"https:\/\/www.mujerhoy.com\/moda\/no-te-pierdas\/faldas-tendencia-primavera-2025-mango-20250217133505-nt.html\">la cl\u00e1sica falda de color blanco. <\/a><br \/>\nUna prenda algo aburrida que las portuguesas han sabido darle un efecto m\u00e1s divertido.\n<\/p>\n<p class=\"voc-paragraph\" data-mrf-recirculation=\"Link art\u00edculo\">Todas tenemos (o la gran mayor\u00eda) <strong>una falda blanca en el armario.<\/strong> Cuando llega el buen tiempo es hora de sacar esta prenda del armario. Incluso \u00faltimamente nos hemos animado a llevar esta falda en invierno con botas altas y jersey de punto grueso.\n<\/p>\n<p class=\"voc-paragraph\" data-mrf-recirculation=\"Link art\u00edculo\">Est\u00e1 claro que <strong>la falda blanca es un b\u00e1sico de fondo de armario.<\/strong> Una prenda en la que merece la pena invertir. Este a\u00f1o se vuelven a llevar las faldas con el bajo efecto globo, pero tambi\u00e9n aquellas lo m\u00e1s fluidas y de inspiraci\u00f3n bohemia.\n<\/p>\n<p class=\"voc-paragraph\" data-mrf-recirculation=\"Link art\u00edculo\">Escojas un tipo de falda y otra, est\u00e1 claro que toca darle protagonismo a los looks con esta prenda. Una buena idea es inspirarse en las reinas del <i>street style<\/i>. Hablamos de <strong>las portuguesas.<\/strong> Una de ellas nos ha ense\u00f1ado en sus redes c\u00f3mo lucir una falda blanca sencilla con un toque m\u00e1s divertido.\n<\/p>\n<p><h3 class=\"voc-detail__title\"> Primer look: con polo<br \/>\n<\/h3>\n<\/p>\n<p class=\"voc-paragraph\" data-mrf-recirculation=\"Link art\u00edculo\">El primer look que nos propone la influencer portuguesa es a\u00f1adir a la falda un polo. Es una de las prendas de la temporada. Seguramente habr\u00e1s visto este dise\u00f1o por todas partes. En su caso, a\u00f1ade <strong>un polo con rayas<\/strong> anchas algo m\u00e1s informal.\n<\/p>\n<div class=\"voc-detail-photo-zoom\"> <picture data-toggle=\"modal\" data-target=\"#photoZoomModal-439\" target=\"modal\">\n<div class=\"voc-img-icon-link\"> <img loading=\"lazy\" src=\"http:\/\/hoycordobaweb.com\/wp-content\/uploads\/2025\/04\/como-lucir-una-falda-blanca-en-primavera-segun-las-portuguesas-1.jpg\" width=\"650\" height=\"900\" alt=\"Polo con rayas de Lefties (9,99 euros)\"> <noscript> <img src=\"http:\/\/hoycordobaweb.com\/wp-content\/uploads\/2025\/04\/como-lucir-una-falda-blanca-en-primavera-segun-las-portuguesas-1.jpg\" alt=\"Polo con rayas de Lefties (9,99 euros)\"> <\/noscript> <i class=\"voc-icons zoom voc-multimedia-box voc-ico-l\"><\/i> <\/div><figcaption class=\"figure-caption\">Polo con rayas de Lefties (9,99 euros)<\/figcaption><\/picture>\n<\/div>\n<div id=\"photoZoomModal-439\" class=\"voc-lightbox modal fade voc-lightbox--photo-zoom\" role=\"dialog\" data-voc-photozoom-lightbox>\n<div class=\"voc-lightbox__dialog\" role=\"document\">\n<div class=\"voc-lightbox__content\"> <!-- Modal header --> <!-- Modal content --> <\/p>\n<div class=\"voc-lightbox__photo-container\"> <picture class> <img loading=\"lazy\" src=\"http:\/\/hoycordobaweb.com\/wp-content\/uploads\/2025\/04\/como-lucir-una-falda-blanca-en-primavera-segun-las-portuguesas-1.jpg\" alt=\"Polo con rayas de Lefties (9,99 euros)\"> <noscript> <img src=\"http:\/\/hoycordobaweb.com\/wp-content\/uploads\/2025\/04\/como-lucir-una-falda-blanca-en-primavera-segun-las-portuguesas-1.jpg\" alt=\"Polo con rayas de Lefties (9,99 euros)\"> <\/noscript> <\/picture> <\/div><\/div><\/div>\n<\/div>\n<p class=\"voc-paragraph\" data-mrf-recirculation=\"Link art\u00edculo\">Nuestra propuesta es este polo barat\u00edsimo y rebajado que puedes conseguir ahora mismo en <strong>Lefties.<\/strong> Es un polo con <strong>tejido 100% de algod\u00f3n<\/strong>, manga larga, cuell camisro y estamado de rayas en colo azul, blanco y rojo. Lo podr\u00e1 conseguir por 9,99 euros.\n<\/p>\n<p><h3 class=\"voc-detail__title\"> Segundo look: jersey o c\u00e1rdigan de manga corta<br \/>\n<\/h3>\n<\/p>\n<p class=\"voc-paragraph\" data-mrf-recirculation=\"Link art\u00edculo\">Otra idea que nos da la influencer portuguesa es a\u00f1adir un jersey de manga corta o un c\u00e1rdigan. Nosotros hemos elegido <strong>una opci\u00f3n de Parfois<\/strong> que nos ha encantado y que le ayuda a dar un toque de contraste a la falda blanca.\n<\/p>\n<div class=\"voc-detail-photo-zoom\"> <picture data-toggle=\"modal\" data-target=\"#photoZoomModal-51\" target=\"modal\">\n<div class=\"voc-img-icon-link\"> <img loading=\"lazy\" src=\"http:\/\/hoycordobaweb.com\/wp-content\/uploads\/2025\/04\/como-lucir-una-falda-blanca-en-primavera-segun-las-portuguesas-2.jpg\" width=\"650\" height=\"900\" alt=\"C\u00e1rdigan de manga corta en color naranja de Parfois (23,9 euros).\"> <noscript> <img src=\"http:\/\/hoycordobaweb.com\/wp-content\/uploads\/2025\/04\/como-lucir-una-falda-blanca-en-primavera-segun-las-portuguesas-2.jpg\" alt=\"C\u00e1rdigan de manga corta en color naranja de Parfois (23,9 euros).\"> <\/noscript> <i class=\"voc-icons zoom voc-multimedia-box voc-ico-l\"><\/i> <\/div><figcaption class=\"figure-caption\">C\u00e1rdigan de manga corta en color naranja de Parfois (23,9 euros).<\/figcaption><\/picture>\n<\/div>\n<div id=\"photoZoomModal-51\" class=\"voc-lightbox modal fade voc-lightbox--photo-zoom\" role=\"dialog\" data-voc-photozoom-lightbox>\n<div class=\"voc-lightbox__dialog\" role=\"document\">\n<div class=\"voc-lightbox__content\"> <!-- Modal header --> <!-- Modal content --> <\/p>\n<div class=\"voc-lightbox__photo-container\"> <picture class> <img loading=\"lazy\" src=\"http:\/\/hoycordobaweb.com\/wp-content\/uploads\/2025\/04\/como-lucir-una-falda-blanca-en-primavera-segun-las-portuguesas-2.jpg\" alt=\"C\u00e1rdigan de manga corta en color naranja de Parfois (23,9 euros).\"> <noscript> <img src=\"http:\/\/hoycordobaweb.com\/wp-content\/uploads\/2025\/04\/como-lucir-una-falda-blanca-en-primavera-segun-las-portuguesas-2.jpg\" alt=\"C\u00e1rdigan de manga corta en color naranja de Parfois (23,9 euros).\"> <\/noscript> <\/picture> <\/div><\/div><\/div>\n<\/div>\n<p class=\"voc-paragraph\" data-mrf-recirculation=\"Link art\u00edculo\">Nos referimos a <strong>este c\u00e1rdigan de manga corta en un tono anaranjado<\/strong> de la nueva colecci\u00f3n de Parfois. Es un dise\u00f1o con botones en la parte central, cuello en pico y tejido fluido. Est\u00e1 disponibe por 23,99 euros y tambien en color azul.\n<\/p>\n<p><h3 class=\"voc-detail__title\"> Tercer look: camisa de rayas en rojo<br \/>\n<\/h3>\n<\/p>\n<p class=\"voc-paragraph\" data-mrf-recirculation=\"Link art\u00edculo\">Es otra de las prendas que te dar\u00e1 much\u00edsimo juego cuando comience el buen tiempo. Hace un tiempo vimos como este color volv\u00eda a convertirse en un imprescindible. Copia el look de la <i>influencer<\/i> portuguesa con esta <strong>camisa de rayas de Mango.<\/strong><\/p>\n<div class=\"voc-detail-photo-zoom\"> <picture data-toggle=\"modal\" data-target=\"#photoZoomModal-549\" target=\"modal\">\n<div class=\"voc-img-icon-link\"> <img loading=\"lazy\" src=\"http:\/\/hoycordobaweb.com\/wp-content\/uploads\/2025\/04\/como-lucir-una-falda-blanca-en-primavera-segun-las-portuguesas-3.jpg\" width=\"650\" height=\"900\" alt=\"Camisa de rayas en blanco y rojo de Mango (29,99 euros).\"> <noscript> <img src=\"http:\/\/hoycordobaweb.com\/wp-content\/uploads\/2025\/04\/como-lucir-una-falda-blanca-en-primavera-segun-las-portuguesas-3.jpg\" alt=\"Camisa de rayas en blanco y rojo de Mango (29,99 euros).\"> <\/noscript> <i class=\"voc-icons zoom voc-multimedia-box voc-ico-l\"><\/i> <\/div><figcaption class=\"figure-caption\">Camisa de rayas en blanco y rojo de Mango (29,99 euros).<\/figcaption><\/picture>\n<\/div>\n<div id=\"photoZoomModal-549\" class=\"voc-lightbox modal fade voc-lightbox--photo-zoom\" role=\"dialog\" data-voc-photozoom-lightbox>\n<div class=\"voc-lightbox__dialog\" role=\"document\">\n<div class=\"voc-lightbox__content\"> <!-- Modal header --> <!-- Modal content --> <\/p>\n<div class=\"voc-lightbox__photo-container\"> <picture class> <img loading=\"lazy\" src=\"http:\/\/hoycordobaweb.com\/wp-content\/uploads\/2025\/04\/como-lucir-una-falda-blanca-en-primavera-segun-las-portuguesas-3.jpg\" alt=\"Camisa de rayas en blanco y rojo de Mango (29,99 euros).\"> <noscript> <img src=\"http:\/\/hoycordobaweb.com\/wp-content\/uploads\/2025\/04\/como-lucir-una-falda-blanca-en-primavera-segun-las-portuguesas-3.jpg\" alt=\"Camisa de rayas en blanco y rojo de Mango (29,99 euros).\"> <\/noscript> <\/picture> <\/div><\/div><\/div>\n<\/div>\n<p class=\"voc-paragraph\" data-mrf-recirculation=\"Link art\u00edculo\">Es una camisa b\u00e1sica con <strong>rayas anchas verticales en color rojo y blanco.<\/strong> Un dise\u00f1o que podr\u00e1s lucir con falda blanca, pero tambi\u00e9n con vaqueros si te apetece. Est\u00e1 disponible por <strong>unos 29,99 euros.<\/strong><\/p>\n<p> <!-- TOPICS --> <\/p>\n","protected":false},"excerpt":{"rendered":"<p>Las portuguesas se han convertido en las influencers del momento. Sus looks llamativos est\u00e1n dando la vuelta al mundo. Inspirado en el estilismo que llevaron hace a\u00f1os las danesas, ahora las portuguesas son las protagonistas de las redes sociales y, en general, del street style. Muchas de ellas ense\u00f1an en sus perfiles c\u00f3mo combinar looks [&hellip;]<\/p>\n","protected":false},"author":1,"featured_media":102744,"comment_status":"closed","ping_status":"closed","sticky":false,"template":"","format":"standard","meta":[],"categories":[],"tags":[],"_links":{"self":[{"href":"http:\/\/hoycordobaweb.com\/index.php\/wp-json\/wp\/v2\/posts\/102743"}],"collection":[{"href":"http:\/\/hoycordobaweb.com\/index.php\/wp-json\/wp\/v2\/posts"}],"about":[{"href":"http:\/\/hoycordobaweb.com\/index.php\/wp-json\/wp\/v2\/types\/post"}],"author":[{"embeddable":true,"href":"http:\/\/hoycordobaweb.com\/index.php\/wp-json\/wp\/v2\/users\/1"}],"replies":[{"embeddable":true,"href":"http:\/\/hoycordobaweb.com\/index.php\/wp-json\/wp\/v2\/comments?post=102743"}],"version-history":[{"count":0,"href":"http:\/\/hoycordobaweb.com\/index.php\/wp-json\/wp\/v2\/posts\/102743\/revisions"}],"wp:featuredmedia":[{"embeddable":true,"href":"http:\/\/hoycordobaweb.com\/index.php\/wp-json\/wp\/v2\/media\/102744"}],"wp:attachment":[{"href":"http:\/\/hoycordobaweb.com\/index.php\/wp-json\/wp\/v2\/media?parent=102743"}],"wp:term":[{"taxonomy":"category","embeddable":true,"href":"http:\/\/hoycordobaweb.com\/index.php\/wp-json\/wp\/v2\/categories?post=102743"},{"taxonomy":"post_tag","embeddable":true,"href":"http:\/\/hoycordobaweb.com\/index.php\/wp-json\/wp\/v2\/tags?post=102743"}],"curies":[{"name":"wp","href":"https:\/\/api.w.org\/{rel}","templated":true}]}}