{"id":10248,"date":"2021-01-17T01:30:00","date_gmt":"2021-01-17T01:30:00","guid":{"rendered":"http:\/\/hoycordobaweb.com\/index.php\/2021\/01\/17\/coronavirus-68-personas-murieron-y-se-registraron-8-932-nuevos-casos\/"},"modified":"2021-01-17T01:30:00","modified_gmt":"2021-01-17T01:30:00","slug":"coronavirus-68-personas-murieron-y-se-registraron-8-932-nuevos-casos","status":"publish","type":"post","link":"http:\/\/hoycordobaweb.com\/index.php\/2021\/01\/17\/coronavirus-68-personas-murieron-y-se-registraron-8-932-nuevos-casos\/","title":{"rendered":"Coronavirus: 68 personas murieron y se registraron 8.932 nuevos casos"},"content":{"rendered":"<p><img src=\"http:\/\/hoycordobaweb.com\/wp-content\/uploads\/2021\/01\/coronavirus-68-personas-murieron-y-se-registraron-8-932-nuevos-casos.jpg\"><\/p>\n<div class=\"image\" id=\"image\" readability=\"9\"> <img src=\"http:\/\/hoycordobaweb.com\/wp-content\/uploads\/2021\/01\/coronavirus-68-personas-murieron-y-se-registraron-8-932-nuevos-casos-2.jpg\" alt=\"El n\u00famero total de fallecidos desde el inicio de la pandemia se elev\u00f3 a 45.295, mientras que los infectados llegaron a 1.791.979\" title=\"El n\u00famero total de fallecidos desde el inicio de la pandemia se elev\u00f3 a 45.295, mientras que los infectados llegaron a 1.791.979\"><\/p>\n<p>El n\u00famero total de fallecidos desde el inicio de la pandemia se elev\u00f3 a 45.295, mientras que los infectados llegaron a 1.791.979<\/p>\n<\/div>\n<p>Otras 68 personas murieron y 8.932 resultaron contagiadas de coronavirus en las \u00faltimas 24 horas en la Argentina, en tanto que este s\u00e1bado llegaron al pa\u00eds las 300 mil unidades de la segunda dosis de la vacuna Sputnik V, luego de m\u00e1s de 16 horas de vuelo desde la Federaci\u00f3n Rusa.<\/p>\n<p>Con las cifras oficiales informadas, <strong>el n\u00famero total de fallecidos desde el inicio de la pandemia se elev\u00f3 a 45.295, mientras que los infectados llegaron a 1.791.979, de los cuales 1.573.104 son pacientes recuperados y 173.580 son casos confirmados activos.<\/strong><\/p>\n<p>El Ministerio de Salud inform\u00f3 que 3.578 personas permanecen internadas y sobre la ocupaci\u00f3n de Unidades de Terapia Intensiva (UTI), el 54 por ciento es el promedio de toda la Naci\u00f3n y 59 por ciento es el \u00edndice en el Area Metropolitana de Buenos Aires (AMBA).<\/p>\n<p>De los 68 fallecidos, 38 son hombres y 29 son mujeres, en tanto se report\u00f3 que una persona, residente en la Ciudad de Buenos Aires, fue registrada sin dato de sexo.<\/p>\n<p>De los 38 hombres fallecidos, 12 eran residentes en la provincia de Buenos Aires, 1 de la Ciudad de Buenos Aires (CABA), 3 de C\u00f3rdoba, 3 de Entre R\u00edos, 1 de Jujuy, 5 de Mendoza, 3 de Misiones, 1 de R\u00edo Negro, 1 de Santa Cruz, 6 de Santa Fe y 2 de Tierra del Fuego.<\/p>\n<p>En tanto, de las 29 mujeres, 9 eran de Buenos Aires, 4 de la Ciudad de Buenos Aires (CABA, 1 de Chaco, 2 de Chubut, 1 de C\u00f3rdoba, 2 de Entre Ri\u00f3s, 1 de Jujuy, 1 de La Pampa, 1 de Santa Cruz, 6 de Santa Fe y 1 de Tierra del Fuego.<\/p>\n<p>Del total de casos positivos informados este s\u00e1bado, las provincia de Buenos Aires sum\u00f3 3.531, Ciudad de Buenos Aires 1.144, Catamarca 235, Chaco 170, Chubut 181, Corrientes 78, C\u00f3rdoba 536, Entre R\u00edos 314, Formosa 29, Jujuy 21, La Pampa 110, La Rioja 12, Mendoza 135, Misiones 144, Neuqu\u00e9n 280, R\u00edo Negro 296, Salta 64, San Juan 60, San Luis 24, Santa Cruz 224, Santa Fe 1.078, Santiago del Estero 113, Tierra del Fuego 39 y Tucum\u00e1n 94.<\/p>\n<p>Segunda tanda de vacunas<\/p>\n<p>En este contexto, este s\u00e1bado <strong><a href=\"https:\/\/www.telam.com.ar\/notas\/202101\/541740-llego-avion-aerolineas-argentinas-moscu-segunda-tanda-de-vacunas-sputnik-v.html\" target=\"_blank\" rel=\"noopener noreferrer\">llegaron al pa\u00eds en un vuelo de Aerolineas Argentinas las 300 mil unidades de la segunda dosis de la vacuna Sputnik V<\/a><\/strong>, y fueron recibidas en el Aeropuerto Internacional de Ezeiza por una comitiva integrada por el presidente de la empresa a\u00e9rea estatal, Pablo Ceriani; el secretario de Calidad en Salud del Ministerio de Salud de la Naci\u00f3n, Arnaldo Medina, y la presidenta de Correo Argentino, Vanesa Piesciorovski, entre otras autoridades.<\/p>\n<div class=\"image\" id=\"image\" readability=\"8\"> <img src=\"http:\/\/hoycordobaweb.com\/wp-content\/uploads\/2021\/01\/coronavirus-68-personas-murieron-y-se-registraron-8-932-nuevos-casos-3.jpg\" alt=\"Llegaron al pa\u00eds en un vuelo de Aerolineas Argentinas las 300 mil unidades de la segunda dosis de la vacuna Sputnik V\" title=\"Llegaron al pa\u00eds en un vuelo de Aerolineas Argentinas las 300 mil unidades de la segunda dosis de la vacuna Sputnik V\"><\/p>\n<p>Llegaron al pa\u00eds en un vuelo de Aerolineas Argentinas las 300 mil unidades de la segunda dosis de la vacuna Sputnik V<\/p>\n<\/div>\n<p>El Airbus 330-200, matr\u00edcula LV-GHQ, se ubic\u00f3 en la posici\u00f3n 18 de la pista de la estaci\u00f3n a\u00e9rea, donde ya se encontraban dispuestos los camiones refrigerados de Correo Argentino y Andreani, que se encargan de transportar la carga hacia los centros de distribuci\u00f3n.<\/p>\n<p>En contacto con los medios de prensa que cubr\u00edan la llegada del avi\u00f3n, Ceriani resalt\u00f3 que \u00abla operaci\u00f3n fue un \u00e9xito, todo sali\u00f3 de acuerdo a lo estipulado\u00bb y aclar\u00f3 que \u00abfue similar a la que realizamos la vez pasada\u00bb en relaci\u00f3n al vuelo que trajo el 24 de diciembre las primeras dosis desde Rusia.<\/p>\n<p>\u00abVamos ganando experiencia, vamos haciendo este trabajo en estrecha colaboraci\u00f3n con otras \u00e1reas del Estado, con el Ministerio de Salud, as\u00ed que estamos muy agradecidos por habernos elegidos, en particular al presidente Alberto Fern\u00e1ndez por designar a Aerol\u00edneas Argentinas para este operativo\u00bb, se\u00f1al\u00f3 el titular de esta empresa estatal.<\/p>\n<p>La nueva variante del virus en Argentina<\/p>\n<p>Por otra parte, el ministro de Ciencia, Tecnolog\u00eda e Innovaci\u00f3n, Roberto Salvarezza, confirm\u00f3 que <strong><a href=\"https:\/\/www.telam.com.ar\/notas\/202101\/541734-detectaron-variante-virus-sars-cov-2-reino-unido-argentina.html\" target=\"_blank\" rel=\"noopener noreferrer\">se detect\u00f3 en un viajero proveniente de Frankfurt la variante del SARS-COV-2 del Reino Unido<\/a><\/strong> y los estudios realizados hasta el momento demostraron que si bien presenta un \u00abmayor poder de transmisibilidad, no agrava el cuadro cl\u00ednico de la enfermedad\u00bb.<\/p>\n<p>Al respecto, la directora cient\u00edfico t\u00e9cnica del ANLIS Malbr\u00e1n, Claudia Perandones, explic\u00f3 a T\u00e9lam que la variante del virus SARS CoV2 del Reino Unido, si bien mostr\u00f3 mayor transmisibilidad, \u00abno agrava el cuadro cl\u00ednico de la enfermedad, y eso es muy tranquilizador\u00bb, seg\u00fan los ensayos realizados en conjunto con un equipo de Nueva York.<\/p>\n<p>El equipo del Malbr\u00e1n se encuentra colaborando con un estudio de la Escuela de Medicina de Mount Sinai en Nueva York para responder a la inc\u00f3gnita respecto a qu\u00e9 sucede con la respuesta inmune del organismo, ante esta variaci\u00f3n del Reino Unido del virus SARS CoV2, espec\u00edficamente con la mutaci\u00f3n N501Y, que tiene m\u00e1s adherencia al receptor ACE2, donde se facilita la entrada a la c\u00e9lula humana.<\/p>\n<p>Panorama mundial<\/p>\n<p>En el plano internacional, <strong><a href=\"https:\/\/www.telam.com.ar\/notas\/202101\/541731-india-vacunacion-coronavirus.html\" target=\"_blank\" rel=\"noopener noreferrer\">India lanz\u00f3 la campa\u00f1a de vacunaci\u00f3n contra la Covid-19 m\u00e1s grande del mundo<\/a><\/strong>, mientras la pandemia, motorizada por nuevas mutaciones del virus, provoca una emergencia sanitaria en la ciudad brasile\u00f1a de Manaos y acerca al colapso hospitalario a varios pa\u00edses de una Europa confinada y que afronta un inesperado retraso en la provisi\u00f3n de vacunas.<\/p>\n<p>El segundo pa\u00eds m\u00e1s poblado del mundo, <strong>India<\/strong>, espera vacunar a 300 millones de los 1.300 millones de habitantes para julio, un n\u00famero casi similar al de toda la poblaci\u00f3n estadounidense.<\/p>\n<p>En <strong>Am\u00e9rica Latina<\/strong>, gran parte de las miradas est\u00e1n puestas en la regi\u00f3n brasile\u00f1a de Amazonas, que vive una situaci\u00f3n epidemiol\u00f3gica peor que durante la primera ola de la pandemia y puede provocar la implosi\u00f3n del sistema sanitario, advirti\u00f3 la Organizaci\u00f3n Mundial de la Salud (OMS).<\/p>\n<p>En esa regi\u00f3n apareci\u00f3 una mutaci\u00f3n del coronavirus, la tercera detectada oficialmente hasta ahora en el mundo, tras la brit\u00e1nica y la sudafricana.<\/p>\n<p>El crecimiento de contagios gener\u00f3 una escasez de ox\u00edgeno hospitalario en varios centros de salud p\u00fablicos de la ciudad de Manaos, y no pocos profesionales del sector expresaron su angustia porque trabajan en establecimientos cada vez m\u00e1s abarrotados de pacientes, consign\u00f3 la agencia de noticias Sputnik.<\/p>\n<p>Ante esa situaci\u00f3n y las denuncias de inacci\u00f3n del Gobierno brasile\u00f1o,<strong><a href=\"https:\/\/www.telam.com.ar\/notas\/202101\/541768-sin-relaciones-diplomaticas-con-brasil-venezuela-envia-tubos-de-oxigeno-a-manaos.html\" target=\"_blank\" rel=\"noopener noreferrer\"> fue Venezuela el que envi\u00f3 camiones con ox\u00edgeno y anunci\u00f3 la llegada a la zona de un centenar de m\u00e9dicos<\/a><\/strong> de ambos pa\u00edses egresados de la Escuela Latinoamericana de Medicina de Caracas. <\/p>\n","protected":false},"excerpt":{"rendered":"<p>El n\u00famero total de fallecidos desde el inicio de la pandemia se elev\u00f3 a 45.295, mientras que los infectados llegaron a 1.791.979 Otras 68 personas murieron y 8.932 resultaron contagiadas de coronavirus en las \u00faltimas 24 horas en la Argentina, en tanto que este s\u00e1bado llegaron al pa\u00eds las 300 mil unidades de la segunda [&hellip;]<\/p>\n","protected":false},"author":1,"featured_media":10249,"comment_status":"open","ping_status":"closed","sticky":false,"template":"","format":"standard","meta":[],"categories":[19],"tags":[],"_links":{"self":[{"href":"http:\/\/hoycordobaweb.com\/index.php\/wp-json\/wp\/v2\/posts\/10248"}],"collection":[{"href":"http:\/\/hoycordobaweb.com\/index.php\/wp-json\/wp\/v2\/posts"}],"about":[{"href":"http:\/\/hoycordobaweb.com\/index.php\/wp-json\/wp\/v2\/types\/post"}],"author":[{"embeddable":true,"href":"http:\/\/hoycordobaweb.com\/index.php\/wp-json\/wp\/v2\/users\/1"}],"replies":[{"embeddable":true,"href":"http:\/\/hoycordobaweb.com\/index.php\/wp-json\/wp\/v2\/comments?post=10248"}],"version-history":[{"count":0,"href":"http:\/\/hoycordobaweb.com\/index.php\/wp-json\/wp\/v2\/posts\/10248\/revisions"}],"wp:featuredmedia":[{"embeddable":true,"href":"http:\/\/hoycordobaweb.com\/index.php\/wp-json\/wp\/v2\/media\/10249"}],"wp:attachment":[{"href":"http:\/\/hoycordobaweb.com\/index.php\/wp-json\/wp\/v2\/media?parent=10248"}],"wp:term":[{"taxonomy":"category","embeddable":true,"href":"http:\/\/hoycordobaweb.com\/index.php\/wp-json\/wp\/v2\/categories?post=10248"},{"taxonomy":"post_tag","embeddable":true,"href":"http:\/\/hoycordobaweb.com\/index.php\/wp-json\/wp\/v2\/tags?post=10248"}],"curies":[{"name":"wp","href":"https:\/\/api.w.org\/{rel}","templated":true}]}}