{"id":102466,"date":"2025-04-17T14:18:05","date_gmt":"2025-04-17T14:18:05","guid":{"rendered":"https:\/\/www.ole.com.ar\/futbol-internacional\/america\/brasil-ramon-diaz-reunion-contrato-derrota-corinthians_0_OgshKqCf95.html"},"modified":"2025-04-17T14:18:05","modified_gmt":"2025-04-17T14:18:05","slug":"el-fin-del-amor-en-brasil-aseguran-que-ramon-diaz-esta-en-la-cuerda-floja-tras-una-nueva-derrota-del-corinthians","status":"publish","type":"post","link":"http:\/\/hoycordobaweb.com\/index.php\/2025\/04\/17\/el-fin-del-amor-en-brasil-aseguran-que-ramon-diaz-esta-en-la-cuerda-floja-tras-una-nueva-derrota-del-corinthians\/","title":{"rendered":"\u00bfEl fin del amor? En Brasil aseguran que Ram\u00f3n D\u00edaz est\u00e1 en la cuerda floja tras una nueva derrota del Corinthians"},"content":{"rendered":"<p><img src=\"http:\/\/hoycordobaweb.com\/wp-content\/uploads\/2025\/04\/el-fin-del-amor-en-brasil-aseguran-que-ramon-diaz-esta-en-la-cuerda-floja-tras-una-nueva-derrota-del-corinthians.jpg\"><\/p>\n<p><time class=\"createDate\" datetime=\"2025-04-17T11:18:05-03:00\">17\/04\/2025 11:18hs.<\/time><\/p>\n<div id=\"storyBody\">\n<div class=\"custom-text \" readability=\"36.626984126984\">\n<p>El <a href=\"https:\/\/www.ole.com.ar\/tema\/corinthians.html\" title=\"Corinthians\" alt=\"Corinthians\" class=\"slug\">Corinthians <\/a>de <a href=\"https:\/\/www.ole.com.ar\/tema\/ramon-diaz.html\" title=\"Ram\u00f3n D\u00edaz\" alt=\"Ram\u00f3n D\u00edaz\" class=\"slug\">Ram\u00f3n D\u00edaz<\/a> hab\u00eda arrancado la temporada a lo grande, conquistando el Campeonato Paulista, pero una sucesi\u00f3n de malos resultados dejaron al t\u00e9cnico argentino en la cuerda floja. Seg\u00fan informan en Brasil, luego de la derrota 2-0 ante Fluminense por el Brasileirao,<strong> la dirigencia del Timao se reunir\u00e1 este jueves para discutir la rescisi\u00f3n de su contrato.<\/strong><\/p>\n<\/div>\n<div class=\"custom-text \" readability=\"35\">\n<p>La ca\u00edda ante el Flu no hizo m\u00e1s que agudizar un malestar creciente entre los dirigentes, que suman los malos resultados con el clima interno del vestuario. <strong>Apenas una victoria en los \u00faltimos seis partidos<\/strong> marcaron un muy mal inicio de campeonato para el Corinthians.<\/p>\n<\/div>\n<div class=\"custom-text \" readability=\"36.131964809384\">\n<p>A eso se suma la actuaci\u00f3n del equipo en la Copa Sudamericana. <strong>Debut\u00f3 con una muy dura derrota como local frente a <a href=\"https:\/\/www.ole.com.ar\/tema\/huracan.html\" title=\"Hurac\u00e1n\" alt=\"Hurac\u00e1n\" class=\"slug\">Hurac\u00e1n <\/a><\/strong>y en la segunda fecha rescat\u00f3 un empate ante el Cali en Colombia. El Timao, vale recordar, <strong>fue eliminado previamente en la Fase 3 de la Libertadores<\/strong> a manos del Barcelona de Ecuador y no logr\u00f3 llegar a los grupos.<\/p>\n<\/div>\n<div class=\"custom-text \" readability=\"36\">\n<p>Frente a este escenario, la comisi\u00f3n directiva del Corinthians podr\u00eda ponerle punto final a la etapa del Pelado, que <strong>tiene contrato vigente hasta diciembre de este a\u00f1o<\/strong>, este mismo jueves.<\/p>\n<\/div>\n<div class=\"sc-e7b891c4-0 ifHnQL image-embed\"><img alt=\"Corinthians no levanta cabeza (REUTERS).\" loading=\"lazy\" width=\"720\" height=\"100\" decoding=\"async\" data-nimg=\"1\" src=\"http:\/\/hoycordobaweb.com\/wp-content\/uploads\/2025\/04\/el-fin-del-amor-en-brasil-aseguran-que-ramon-diaz-esta-en-la-cuerda-floja-tras-una-nueva-derrota-del-corinthians-2.jpg\"><span class=\"epigraphe\">Corinthians no levanta cabeza (REUTERS).<\/span><\/div>\n<p><h2>Las duras cr\u00edticas de Memphis Depay<\/h2>\n<\/p>\n<div class=\"custom-text \" readability=\"34.642156862745\">\n<p>Si los malos resultados no eran suficientes, en las \u00faltimas horas se sumaron unas fuertes declaraciones de <a href=\"https:\/\/www.ole.com.ar\/tema\/memphis-depay.html\" title=\"Memphis Depay\" alt=\"Memphis Depay\" class=\"slug\">Memphis Depay<\/a>, la gran figura del equipo, quien <strong>dispar\u00f3 directamente contra el cuerpo t\u00e9cnico.<\/strong><\/p>\n<\/div>\n<div class=\"custom-text \" readability=\"41\">\n<p>\u00abTenemos que asumir la responsabilidad. Si piensas que porque ganamos el Paulista somos el mejor equipo del mundo, la realidad es que no lo somos. Creo que tenemos que analizar cr\u00edticamente lo que est\u00e1 pasando en el club, qu\u00e9 podemos hacer mejor en los partidos, porque<strong> no se puede decir simplemente que el equipo no corre o que no quiere ganar. Para m\u00ed, eso es una mierda.<\/strong> El f\u00fatbol no es eso, al menos en mi opini\u00f3n\u00bb, tir\u00f3 el neerland\u00e9s.<\/p>\n<\/div>\n<div class=\"sc-e7b891c4-0 ifHnQL image-embed\"><img alt=\"Ram\u00f3n D\u00edaz y Depay: \u00bfFin del amor?\" loading=\"lazy\" width=\"720\" height=\"100\" decoding=\"async\" data-nimg=\"1\" src=\"http:\/\/hoycordobaweb.com\/wp-content\/uploads\/2025\/04\/el-fin-del-amor-en-brasil-aseguran-que-ramon-diaz-esta-en-la-cuerda-floja-tras-una-nueva-derrota-del-corinthians-3.jpg\"><span class=\"epigraphe\">Ram\u00f3n D\u00edaz y Depay: \u00bfFin del amor?<\/span><\/div>\n<div class=\"custom-text \" readability=\"39\">\n<p>Y agreg\u00f3: \u00abEn este momento creo que<strong> perdemos muchos partidos porque no tenemos los detalles<\/strong>. Si mir\u00e1s c\u00f3mo estamos posicionados a veces, c\u00f3mo el equipo est\u00e1 tan abierto, c\u00f3mo las l\u00edneas entre nosotros son de como 50 metros, en mi opini\u00f3n, eso no es f\u00fatbol. Y luego no puedes continuar con alta intensidad durante 90 minutos si no est\u00e1s unido como equipo. Tenemos que estudiar el juego si queremos crecer\u00bb.<\/p>\n<\/div>\n<p><h2>Ram\u00f3n y Emiliano: \u00abNo estamos acostumbrados a perder\u00bb<\/h2>\n<\/p>\n<div class=\"custom-text \" readability=\"38.43137254902\">\n<p>\u00abTenemos que responder lo m\u00e1s r\u00e1pido posible porque <strong>no somos un grupo acostumbrado a perder, nos molesta mucho, el grupo lo sinti\u00f3. <\/strong>Siempre decimos que durante el a\u00f1o hay fluctuaciones debido a las lesiones. El golpe del cl\u00e1sico fue duro y hoy se sinti\u00f3 un poco\u00bb, asegur\u00f3 <a href=\"https:\/\/www.ole.com.ar\/tema\/emiliano-diaz.html\" title=\"Emiliano D\u00edaz\" alt=\"Emiliano D\u00edaz\" class=\"slug\">Emiliano D\u00edaz<\/a>, asistente de Ram\u00f3n, en conferencia de prensa tras la derrota.<\/p>\n<\/div>\n<div class=\"sc-e7b891c4-0 ifHnQL image-embed\"><img alt=\"Emiliano y Ram\u00f3n D\u00edaz en Corinthians (Jorge Coca\/Ag. Corinthians).\" loading=\"lazy\" width=\"720\" height=\"100\" decoding=\"async\" data-nimg=\"1\" src=\"http:\/\/hoycordobaweb.com\/wp-content\/uploads\/2025\/04\/el-fin-del-amor-en-brasil-aseguran-que-ramon-diaz-esta-en-la-cuerda-floja-tras-una-nueva-derrota-del-corinthians-4.jpg\"><span class=\"epigraphe\">Emiliano y Ram\u00f3n D\u00edaz en Corinthians (Jorge Coca\/Ag. Corinthians).<\/span><\/div>\n<div class=\"custom-text \" readability=\"39\">\n<p>Por su parte, Ram\u00f3n agreg\u00f3: \u00abEn tiempos dif\u00edciles hay que mantener la calma, seguir trabajando y seguir convenciendo a los jugadores de tu capacidad.<strong> En estos momentos es importante que el jugador no pierda la confianza en lo que venimos haciendo<\/strong>. Bajar la guardia no ser\u00eda bueno para el equipo, para nosotros, para nadie. Vamos a intentar que el equipo recupere el esp\u00edritu que ten\u00eda antes\u00bb.<\/p>\n<\/div>\n<div class=\"sc-a7166897-0 eoLsBE\" readability=\"7\">\n<section readability=\"4\"><picture><img alt=\"Es una de las figuras del Apertura 2025 y cont\u00f3 por qu\u00e9 no jug\u00f3 en River: &quot;Hoy, soy simpatizante...&quot;\" loading=\"lazy\" width=\"290\" height=\"290\" decoding=\"async\" data-nimg=\"1\" src=\"http:\/\/hoycordobaweb.com\/wp-content\/uploads\/2025\/04\/el-fin-del-amor-en-brasil-aseguran-que-ramon-diaz-esta-en-la-cuerda-floja-tras-una-nueva-derrota-del-corinthians-5.jpg\"><\/picture>\n<p><span>Mir\u00e1 tambi\u00e9n<\/span><\/p>\n<hr>\n<h3>Es una de las figuras del Apertura 2025 y cont\u00f3 por qu\u00e9 no jug\u00f3 en River: \u00abHoy, soy simpatizante&#8230;\u00bb<\/h3>\n<\/p>\n<\/section>\n<\/div>\n<div class=\"sc-a7166897-0 eoLsBE\" readability=\"6\">\n<section readability=\"2\"><picture><img alt=\"Torneo Apertura: qu\u00e9 se juega cada equipo en el tramo final\" loading=\"lazy\" width=\"290\" height=\"290\" decoding=\"async\" data-nimg=\"1\" src=\"http:\/\/hoycordobaweb.com\/wp-content\/uploads\/2025\/04\/el-fin-del-amor-en-brasil-aseguran-que-ramon-diaz-esta-en-la-cuerda-floja-tras-una-nueva-derrota-del-corinthians-6.jpg\"><\/picture>\n<p><span>Mir\u00e1 tambi\u00e9n<\/span><\/p>\n<hr>\n<h3>Torneo Apertura: qu\u00e9 se juega cada equipo en el tramo final<\/h3>\n<\/p>\n<\/section>\n<\/div>\n<div class=\"sc-a7166897-0 eoLsBE\" readability=\"6\">\n<section readability=\"2\"><picture><img alt=\"Champions League: la historia de los cuatro semifinalistas \" loading=\"lazy\" width=\"290\" height=\"290\" decoding=\"async\" data-nimg=\"1\" src=\"http:\/\/hoycordobaweb.com\/wp-content\/uploads\/2025\/04\/el-fin-del-amor-en-brasil-aseguran-que-ramon-diaz-esta-en-la-cuerda-floja-tras-una-nueva-derrota-del-corinthians-7.jpg\"><\/picture>\n<p><span>Mir\u00e1 tambi\u00e9n<\/span><\/p>\n<hr>\n<h3>Champions League: la historia de los cuatro semifinalistas <\/h3>\n<\/p>\n<\/section>\n<\/div>\n<\/div>\n","protected":false},"excerpt":{"rendered":"<p>17\/04\/2025 11:18hs. El Corinthians de Ram\u00f3n D\u00edaz hab\u00eda arrancado la temporada a lo grande, conquistando el Campeonato Paulista, pero una sucesi\u00f3n de malos resultados dejaron al t\u00e9cnico argentino en la cuerda floja. Seg\u00fan informan en Brasil, luego de la derrota 2-0 ante Fluminense por el Brasileirao, la dirigencia del Timao se reunir\u00e1 este jueves para [&hellip;]<\/p>\n","protected":false},"author":1,"featured_media":102467,"comment_status":"open","ping_status":"closed","sticky":false,"template":"","format":"standard","meta":[],"categories":[16],"tags":[],"_links":{"self":[{"href":"http:\/\/hoycordobaweb.com\/index.php\/wp-json\/wp\/v2\/posts\/102466"}],"collection":[{"href":"http:\/\/hoycordobaweb.com\/index.php\/wp-json\/wp\/v2\/posts"}],"about":[{"href":"http:\/\/hoycordobaweb.com\/index.php\/wp-json\/wp\/v2\/types\/post"}],"author":[{"embeddable":true,"href":"http:\/\/hoycordobaweb.com\/index.php\/wp-json\/wp\/v2\/users\/1"}],"replies":[{"embeddable":true,"href":"http:\/\/hoycordobaweb.com\/index.php\/wp-json\/wp\/v2\/comments?post=102466"}],"version-history":[{"count":0,"href":"http:\/\/hoycordobaweb.com\/index.php\/wp-json\/wp\/v2\/posts\/102466\/revisions"}],"wp:featuredmedia":[{"embeddable":true,"href":"http:\/\/hoycordobaweb.com\/index.php\/wp-json\/wp\/v2\/media\/102467"}],"wp:attachment":[{"href":"http:\/\/hoycordobaweb.com\/index.php\/wp-json\/wp\/v2\/media?parent=102466"}],"wp:term":[{"taxonomy":"category","embeddable":true,"href":"http:\/\/hoycordobaweb.com\/index.php\/wp-json\/wp\/v2\/categories?post=102466"},{"taxonomy":"post_tag","embeddable":true,"href":"http:\/\/hoycordobaweb.com\/index.php\/wp-json\/wp\/v2\/tags?post=102466"}],"curies":[{"name":"wp","href":"https:\/\/api.w.org\/{rel}","templated":true}]}}