{"id":102375,"date":"2025-04-16T14:42:04","date_gmt":"2025-04-16T14:42:04","guid":{"rendered":"https:\/\/www.mujerhoy.com\/moda\/tendencias\/blusas-cuello-peter-pan-tendencia-romantica-lefties-20250416164144-nt.html"},"modified":"2025-04-16T14:42:04","modified_gmt":"2025-04-16T14:42:04","slug":"blusas-peter-pan-la-tendencia-que-llevaran-las-mas-romanticas-esta-primavera","status":"publish","type":"post","link":"http:\/\/hoycordobaweb.com\/index.php\/2025\/04\/16\/blusas-peter-pan-la-tendencia-que-llevaran-las-mas-romanticas-esta-primavera\/","title":{"rendered":"Blusas peter\u00a0pan: la tendencia que llevar\u00e1n las m\u00e1s rom\u00e1nticas esta primavera"},"content":{"rendered":"<p><!-- AUTHOR --> <\/p>\n<div class=\"voc-author-timesocial \"> <!-- AUTHOR --> <\/p>\n<div class=\"voc-author-timesocial__signature \">\n<div class=\"voc-author-timesocial__img-c\"> <!-- IMAGE AUTHOR --> <picture class=\"voc-image-signature\"> <img class=\"voc-image-signature__img\" src=\"http:\/\/hoycordobaweb.com\/wp-content\/uploads\/2025\/04\/blusas-peter-pan-la-tendencia-que-llevaran-las-mas-romanticas-esta-primavera.jpg\" alt=\"Elena Olivero\"> <\/picture> <\/div>\n<p> <!-- INFO AUTHOR --> <\/div><\/div>\n<p> <!-- COMPONENTS --> <\/p>\n<p class=\"voc-paragraph\" data-mrf-recirculation=\"Link art\u00edculo\">La primavera es la \u00e9poca del amor y por eso, la ropa se vuelve mucho m\u00e1s femenina, con un toque coqueto, na\u00edf y favorecedor. Es lo que se conoce como el <strong>estilo rom\u00e1ntico<\/strong> que sienta bien a todas las edades y conquista a expertas en moda de todo el mundo, sean francesas, chicas portuguesas o las danesas. Vestidos de vichy, <a data-voc-vtm-id=\"in-text-traffic\" href=\"https:\/\/www.mujerhoy.com\/moda\/no-te-pierdas\/faldas-estampadas-bonitas-primavera-tendencias-20250313134301-nt.html\" target=\"_blank\" data-mrf-link=\"https:\/\/www.mujerhoy.com\/moda\/no-te-pierdas\/faldas-estampadas-bonitas-primavera-tendencias-20250313134301-nt.html\" rel=\"noopener noreferrer\">faldas amplias<\/a><br \/>\n, zapatos tipo merceditas, <a data-voc-vtm-id=\"in-text-traffic\" href=\"https:\/\/www.mujerhoy.com\/moda\/no-te-pierdas\/amarillo-mantequilla-nuevo-beige-color-tendencia-primavera-20250314071015-nt.html\" title=\"www.mujerhoy.com\" data-mrf-link=\"https:\/\/www.mujerhoy.com\/moda\/no-te-pierdas\/amarillo-mantequilla-nuevo-beige-color-tendencia-primavera-20250314071015-nt.html\">colores pastel<\/a><br \/>\n, lazos&#8230;\n<\/p>\n<p class=\"voc-paragraph\" data-mrf-recirculation=\"Link art\u00edculo\">Todo son prendas o motivos que se enmarcan en esta est\u00e9tica chic que esta temporada es lo m\u00e1s (junto al l<br \/>\n<a data-voc-vtm-id=\"in-text-traffic\" href=\"https:\/\/www.mujerhoy.com\/moda\/no-te-pierdas\/mejores-prendas-boho-chic-tendencia-primavera-sfera-20250319130828-nt.html\" data-mrf-link=\"https:\/\/www.mujerhoy.com\/moda\/no-te-pierdas\/mejores-prendas-boho-chic-tendencia-primavera-sfera-20250319130828-nt.html\">ook bohemio<\/a><br \/>\n). Por eso, muchas influencers han apostado por llevar esta moda con algo tan f\u00e1cil y pr\u00e1ctico como las <strong>blusas peter pan<\/strong>, ese dise\u00f1o ani\u00f1ado t\u00edpico del vestuario infantil que arrasar\u00e1 esta temporada. Estas son las opciones m\u00e1s bonitas que encontrar\u00e1s.\n<\/p>\n<p><h3 class=\"voc-detail__title\"> Blusas con cuello peter pan rom\u00e1nticas para primavera<br \/>\n<\/h3>\n<\/p>\n<div class=\"voc-detail-photo-zoom\"> <picture data-toggle=\"modal\" data-target=\"#photoZoomModal-647\" target=\"modal\">\n<div class=\"voc-img-icon-link\"> <img loading=\"lazy\" src=\"http:\/\/hoycordobaweb.com\/wp-content\/uploads\/2025\/04\/blusas-peter-pan-la-tendencia-que-llevaran-las-mas-romanticas-esta-primavera-1.jpg\" width=\"650\" height=\"900\" alt=\"Blusa peter pan de algod\u00f3n azul beb\u00e9\"> <noscript> <img src=\"http:\/\/hoycordobaweb.com\/wp-content\/uploads\/2025\/04\/blusas-peter-pan-la-tendencia-que-llevaran-las-mas-romanticas-esta-primavera-1.jpg\" alt=\"Blusa peter pan de algod\u00f3n azul beb\u00e9\"> <\/noscript> <i class=\"voc-icons zoom voc-multimedia-box voc-ico-l\"><\/i> <\/div><figcaption class=\"figure-caption\">Blusa peter pan de algod\u00f3n azul beb\u00e9<\/figcaption><\/picture>\n<\/div>\n<div id=\"photoZoomModal-647\" class=\"voc-lightbox modal fade voc-lightbox--photo-zoom\" role=\"dialog\" data-voc-photozoom-lightbox>\n<div class=\"voc-lightbox__dialog\" role=\"document\">\n<div class=\"voc-lightbox__content\"> <!-- Modal header --> <!-- Modal content --> <\/p>\n<div class=\"voc-lightbox__photo-container\"> <picture class> <img loading=\"lazy\" src=\"http:\/\/hoycordobaweb.com\/wp-content\/uploads\/2025\/04\/blusas-peter-pan-la-tendencia-que-llevaran-las-mas-romanticas-esta-primavera-1.jpg\" alt=\"Blusa peter pan de algod\u00f3n azul beb\u00e9\"> <noscript> <img src=\"http:\/\/hoycordobaweb.com\/wp-content\/uploads\/2025\/04\/blusas-peter-pan-la-tendencia-que-llevaran-las-mas-romanticas-esta-primavera-1.jpg\" alt=\"Blusa peter pan de algod\u00f3n azul beb\u00e9\"> <\/noscript> <\/picture> <\/div><\/div><\/div>\n<\/div>\n<p class=\"voc-paragraph\" data-mrf-recirculation=\"Link art\u00edculo\">Haz que tus looks de oficina con <a data-voc-vtm-id=\"in-text-traffic\" href=\"https:\/\/www.mujerhoy.com\/moda\/no-te-pierdas\/chalecos-punto-moda-primavera-corte-ingles-mango-20250327134312-nt.html\" data-mrf-link=\"https:\/\/www.mujerhoy.com\/moda\/no-te-pierdas\/chalecos-punto-moda-primavera-corte-ingles-mango-20250327134312-nt.html\">chalecos de punto<\/a><br \/>\n, vaqueros y mocasines se vuelvan mucho m\u00e1s coquetos con esta <strong>blusa de algod\u00f3n<\/strong> azul beb\u00e9, de Asos. Tiene cuello peter pan con adorno de volante. El dise\u00f1o es oversize. Cuenta con mangas largas acabadas en pu\u00f1os. Y, el cierre es de botones frontal. C\u00f3mprala a 23,50 euros.\n<\/p>\n<div class=\"voc-detail-photo-zoom\"> <picture data-toggle=\"modal\" data-target=\"#photoZoomModal-717\" target=\"modal\">\n<div class=\"voc-img-icon-link\"> <img loading=\"lazy\" src=\"http:\/\/hoycordobaweb.com\/wp-content\/uploads\/2025\/04\/blusas-peter-pan-la-tendencia-que-llevaran-las-mas-romanticas-esta-primavera-2.jpg\" width=\"650\" height=\"900\" alt=\"Blusa peter pan de rayas\"> <noscript> <img src=\"http:\/\/hoycordobaweb.com\/wp-content\/uploads\/2025\/04\/blusas-peter-pan-la-tendencia-que-llevaran-las-mas-romanticas-esta-primavera-2.jpg\" alt=\"Blusa peter pan de rayas\"> <\/noscript> <i class=\"voc-icons zoom voc-multimedia-box voc-ico-l\"><\/i> <\/div><figcaption class=\"figure-caption\">Blusa peter pan de rayas<\/figcaption><\/picture>\n<\/div>\n<div id=\"photoZoomModal-717\" class=\"voc-lightbox modal fade voc-lightbox--photo-zoom\" role=\"dialog\" data-voc-photozoom-lightbox>\n<div class=\"voc-lightbox__dialog\" role=\"document\">\n<div class=\"voc-lightbox__content\"> <!-- Modal header --> <!-- Modal content --> <\/p>\n<div class=\"voc-lightbox__photo-container\"> <picture class> <img loading=\"lazy\" src=\"http:\/\/hoycordobaweb.com\/wp-content\/uploads\/2025\/04\/blusas-peter-pan-la-tendencia-que-llevaran-las-mas-romanticas-esta-primavera-2.jpg\" alt=\"Blusa peter pan de rayas\"> <noscript> <img src=\"http:\/\/hoycordobaweb.com\/wp-content\/uploads\/2025\/04\/blusas-peter-pan-la-tendencia-que-llevaran-las-mas-romanticas-esta-primavera-2.jpg\" alt=\"Blusa peter pan de rayas\"> <\/noscript> <\/picture> <\/div><\/div><\/div>\n<\/div>\n<p class=\"voc-paragraph\" data-mrf-recirculation=\"Link art\u00edculo\">Perfecta para llevar por dentro de <a data-voc-vtm-id=\"in-text-traffic\" href=\"https:\/\/www.mujerhoy.com\/moda\/no-te-pierdas\/faldas-vaqueras-blancas-primavera-cortefiel-corte-ingles-20250311164041-nt.html\" data-mrf-link=\"https:\/\/www.mujerhoy.com\/moda\/no-te-pierdas\/faldas-vaqueras-blancas-primavera-cortefiel-corte-ingles-20250311164041-nt.html\">faldas vaqueras blancas<\/a> y conjuntar con bailarinas femeninas, es esta <strong>blusa de rayas rosa<\/strong> y blanco, tambi\u00e9n de Asos. Cuenta con detalle de lazo en el cuello. Incorpora solapas anchas tipo peter pan. Tiene cierre de botones. Y, las mangas son largas y abullonadas. Cuesta 49,99 euros.\n<\/p>\n<div class=\"voc-detail-photo-zoom\"> <picture data-toggle=\"modal\" data-target=\"#photoZoomModal-611\" target=\"modal\">\n<div class=\"voc-img-icon-link\"> <img loading=\"lazy\" src=\"http:\/\/hoycordobaweb.com\/wp-content\/uploads\/2025\/04\/blusas-peter-pan-la-tendencia-que-llevaran-las-mas-romanticas-esta-primavera-3.jpg\" width=\"650\" height=\"900\" alt=\"Blusa peter pan blanca con bordados\"> <noscript> <img src=\"http:\/\/hoycordobaweb.com\/wp-content\/uploads\/2025\/04\/blusas-peter-pan-la-tendencia-que-llevaran-las-mas-romanticas-esta-primavera-3.jpg\" alt=\"Blusa peter pan blanca con bordados\"> <\/noscript> <i class=\"voc-icons zoom voc-multimedia-box voc-ico-l\"><\/i> <\/div><figcaption class=\"figure-caption\">Blusa peter pan blanca con bordados<\/figcaption><\/picture>\n<\/div>\n<div id=\"photoZoomModal-611\" class=\"voc-lightbox modal fade voc-lightbox--photo-zoom\" role=\"dialog\" data-voc-photozoom-lightbox>\n<div class=\"voc-lightbox__dialog\" role=\"document\">\n<div class=\"voc-lightbox__content\"> <!-- Modal header --> <!-- Modal content --> <\/p>\n<div class=\"voc-lightbox__photo-container\"> <picture class> <img loading=\"lazy\" src=\"http:\/\/hoycordobaweb.com\/wp-content\/uploads\/2025\/04\/blusas-peter-pan-la-tendencia-que-llevaran-las-mas-romanticas-esta-primavera-3.jpg\" alt=\"Blusa peter pan blanca con bordados\"> <noscript> <img src=\"http:\/\/hoycordobaweb.com\/wp-content\/uploads\/2025\/04\/blusas-peter-pan-la-tendencia-que-llevaran-las-mas-romanticas-esta-primavera-3.jpg\" alt=\"Blusa peter pan blanca con bordados\"> <\/noscript> <\/picture> <\/div><\/div><\/div>\n<\/div>\n<p class=\"voc-paragraph\" data-mrf-recirculation=\"Link art\u00edculo\">Ir\u00e1s elegante y chic con <a data-voc-vtm-id=\"in-text-traffic\" href=\"https:\/\/www.mujerhoy.com\/moda\/no-te-pierdas\/pantalones-vestir-baratos-look-oficina-stradivarius-20250310133121-nt.html\" data-mrf-link=\"https:\/\/www.mujerhoy.com\/moda\/no-te-pierdas\/pantalones-vestir-baratos-look-oficina-stradivarius-20250310133121-nt.html\">pantalones de vestir<\/a><br \/>\n, zapatos de tac\u00f3n bajo y esta <strong>blusa blanca de algod\u00f3n<\/strong> a rayas, de Pol\u00edn et Moi. Las mangas son cortas estilo farol que acaban en mini volantes. Tiene cuello peter pan. Se adorna con detalles bordados. Y, cuenta con cierre de botones en la parte delantera. Su precio es de 45,95 euros.\n<\/p>\n<div class=\"voc-detail-photo-zoom\"> <picture data-toggle=\"modal\" data-target=\"#photoZoomModal-285\" target=\"modal\">\n<div class=\"voc-img-icon-link\"> <img loading=\"lazy\" src=\"http:\/\/hoycordobaweb.com\/wp-content\/uploads\/2025\/04\/blusas-peter-pan-la-tendencia-que-llevaran-las-mas-romanticas-esta-primavera-4.jpg\" width=\"650\" height=\"900\" alt=\"Blusa peter pan con estampado\"> <noscript> <img src=\"http:\/\/hoycordobaweb.com\/wp-content\/uploads\/2025\/04\/blusas-peter-pan-la-tendencia-que-llevaran-las-mas-romanticas-esta-primavera-4.jpg\" alt=\"Blusa peter pan con estampado\"> <\/noscript> <i class=\"voc-icons zoom voc-multimedia-box voc-ico-l\"><\/i> <\/div><figcaption class=\"figure-caption\">Blusa peter pan con estampado<\/figcaption><\/picture>\n<\/div>\n<div id=\"photoZoomModal-285\" class=\"voc-lightbox modal fade voc-lightbox--photo-zoom\" role=\"dialog\" data-voc-photozoom-lightbox>\n<div class=\"voc-lightbox__dialog\" role=\"document\">\n<div class=\"voc-lightbox__content\"> <!-- Modal header --> <!-- Modal content --> <\/p>\n<div class=\"voc-lightbox__photo-container\"> <picture class> <img loading=\"lazy\" src=\"http:\/\/hoycordobaweb.com\/wp-content\/uploads\/2025\/04\/blusas-peter-pan-la-tendencia-que-llevaran-las-mas-romanticas-esta-primavera-4.jpg\" alt=\"Blusa peter pan con estampado\"> <noscript> <img src=\"http:\/\/hoycordobaweb.com\/wp-content\/uploads\/2025\/04\/blusas-peter-pan-la-tendencia-que-llevaran-las-mas-romanticas-esta-primavera-4.jpg\" alt=\"Blusa peter pan con estampado\"> <\/noscript> <\/picture> <\/div><\/div><\/div>\n<\/div>\n<p class=\"voc-paragraph\" data-mrf-recirculation=\"Link art\u00edculo\">Pantalones vaqueros blancos, <a data-voc-vtm-id=\"in-text-traffic\" href=\"https:\/\/www.mujerhoy.com\/moda\/no-te-pierdas\/botines-metalizados-tendencia-zapatos-mujeres-mayores-50-anos-corte-ingles-20250309164314-nt.html\" data-mrf-link=\"https:\/\/www.mujerhoy.com\/moda\/no-te-pierdas\/botines-metalizados-tendencia-zapatos-mujeres-mayores-50-anos-corte-ingles-20250309164314-nt.html\">botines metalizados<\/a><br \/>\n, una blazer oversize y esta <strong>blusa con estampado de cerezas<\/strong>, de Pol\u00edn et Moi, har\u00e1n que est\u00e9s mon\u00edsima. Tiene cuello peter pan con volante y cierre de cordones. Queda anchita y fluida. Y, cuenta con mangas largas abullonadas. Hazte con ella a 49,95 euros.\n<\/p>\n<div class=\"voc-detail-photo-zoom\"> <picture data-toggle=\"modal\" data-target=\"#photoZoomModal-302\" target=\"modal\">\n<div class=\"voc-img-icon-link\"> <img loading=\"lazy\" src=\"http:\/\/hoycordobaweb.com\/wp-content\/uploads\/2025\/04\/blusas-peter-pan-la-tendencia-que-llevaran-las-mas-romanticas-esta-primavera-5.jpg\" width=\"650\" height=\"900\" alt=\"Blusa peter pan de vichy\"> <noscript> <img src=\"http:\/\/hoycordobaweb.com\/wp-content\/uploads\/2025\/04\/blusas-peter-pan-la-tendencia-que-llevaran-las-mas-romanticas-esta-primavera-5.jpg\" alt=\"Blusa peter pan de vichy\"> <\/noscript> <i class=\"voc-icons zoom voc-multimedia-box voc-ico-l\"><\/i> <\/div><figcaption class=\"figure-caption\">Blusa peter pan de vichy<\/figcaption><\/picture>\n<\/div>\n<div id=\"photoZoomModal-302\" class=\"voc-lightbox modal fade voc-lightbox--photo-zoom\" role=\"dialog\" data-voc-photozoom-lightbox>\n<div class=\"voc-lightbox__dialog\" role=\"document\">\n<div class=\"voc-lightbox__content\"> <!-- Modal header --> <!-- Modal content --> <\/p>\n<div class=\"voc-lightbox__photo-container\"> <picture class> <img loading=\"lazy\" src=\"http:\/\/hoycordobaweb.com\/wp-content\/uploads\/2025\/04\/blusas-peter-pan-la-tendencia-que-llevaran-las-mas-romanticas-esta-primavera-5.jpg\" alt=\"Blusa peter pan de vichy\"> <noscript> <img src=\"http:\/\/hoycordobaweb.com\/wp-content\/uploads\/2025\/04\/blusas-peter-pan-la-tendencia-que-llevaran-las-mas-romanticas-esta-primavera-5.jpg\" alt=\"Blusa peter pan de vichy\"> <\/noscript> <\/picture> <\/div><\/div><\/div>\n<\/div>\n<p class=\"voc-paragraph\" data-mrf-recirculation=\"Link art\u00edculo\">Las francesas apuestan por llevar <a data-voc-vtm-id=\"in-text-traffic\" href=\"https:\/\/www.mujerhoy.com\/moda\/tendencias\/gabardinas-favoritas-francesas-primavera-entretiempo-tendencia-zara-mango-sezane-20250307102201-nt.html\" data-mrf-link=\"https:\/\/www.mujerhoy.com\/moda\/tendencias\/gabardinas-favoritas-francesas-primavera-entretiempo-tendencia-zara-mango-sezane-20250307102201-nt.html\">gabardinas cl\u00e1sicas<\/a> con vaqueros rectos y merceditas de charol rojas, m\u00e1s esta <strong>blusa de vichy<\/strong> rosa, tambi\u00e9n de Pol\u00edn et Moi. Las mangas son largas acabadas en pu\u00f1os. Queda acomodada al cuerpo aunque ligeramente holgada. Tiene cierre de botones. Y, el cuello es peter pan festoneado. La conseguir\u00e1s por 49,95 euros.\n<\/p>\n<div class=\"voc-detail-photo-zoom\"> <picture data-toggle=\"modal\" data-target=\"#photoZoomModal-52\" target=\"modal\">\n<div class=\"voc-img-icon-link\"> <img loading=\"lazy\" src=\"http:\/\/hoycordobaweb.com\/wp-content\/uploads\/2025\/04\/blusas-peter-pan-la-tendencia-que-llevaran-las-mas-romanticas-esta-primavera-6.jpg\" width=\"650\" height=\"900\" alt=\"Blusa peter pan bordada con lazos\"> <noscript> <img src=\"http:\/\/hoycordobaweb.com\/wp-content\/uploads\/2025\/04\/blusas-peter-pan-la-tendencia-que-llevaran-las-mas-romanticas-esta-primavera-6.jpg\" alt=\"Blusa peter pan bordada con lazos\"> <\/noscript> <i class=\"voc-icons zoom voc-multimedia-box voc-ico-l\"><\/i> <\/div><figcaption class=\"figure-caption\">Blusa peter pan bordada con lazos<\/figcaption><\/picture>\n<\/div>\n<div id=\"photoZoomModal-52\" class=\"voc-lightbox modal fade voc-lightbox--photo-zoom\" role=\"dialog\" data-voc-photozoom-lightbox>\n<div class=\"voc-lightbox__dialog\" role=\"document\">\n<div class=\"voc-lightbox__content\"> <!-- Modal header --> <!-- Modal content --> <\/p>\n<div class=\"voc-lightbox__photo-container\"> <picture class> <img loading=\"lazy\" src=\"http:\/\/hoycordobaweb.com\/wp-content\/uploads\/2025\/04\/blusas-peter-pan-la-tendencia-que-llevaran-las-mas-romanticas-esta-primavera-6.jpg\" alt=\"Blusa peter pan bordada con lazos\"> <noscript> <img src=\"http:\/\/hoycordobaweb.com\/wp-content\/uploads\/2025\/04\/blusas-peter-pan-la-tendencia-que-llevaran-las-mas-romanticas-esta-primavera-6.jpg\" alt=\"Blusa peter pan bordada con lazos\"> <\/noscript> <\/picture> <\/div><\/div><\/div>\n<\/div>\n<p class=\"voc-paragraph\" data-mrf-recirculation=\"Link art\u00edculo\">Ponte los <a data-voc-vtm-id=\"in-text-traffic\" href=\"https:\/\/www.mujerhoy.com\/moda\/tendencias\/vaqueros-setenteros-favoritos-francesas-tendencia-primavera-zara-mango-20250329102104-nt.html\" data-mrf-link=\"https:\/\/www.mujerhoy.com\/moda\/tendencias\/vaqueros-setenteros-favoritos-francesas-tendencia-primavera-zara-mango-20250329102104-nt.html\">vaqueros setenteros<\/a> que est\u00e1n arrasando con unas bailarinas con tac\u00f3n y un bolso de hombro para ser la m\u00e1s chic, con esta <strong>blusa 100% algod\u00f3n en tono lavanda<\/strong>, de Lefties. Queda holgada. Tiene cuello peter pan festoneado. Se adorna con bordados. El cierre es de lazos. Y, cuenta con mangas tres cuartos. Est\u00e1 disponible a 15,99 euros.\n<\/p>\n<div class=\"voc-detail-photo-zoom\"> <picture data-toggle=\"modal\" data-target=\"#photoZoomModal-519\" target=\"modal\">\n<div class=\"voc-img-icon-link\"> <img loading=\"lazy\" src=\"http:\/\/hoycordobaweb.com\/wp-content\/uploads\/2025\/04\/blusas-peter-pan-la-tendencia-que-llevaran-las-mas-romanticas-esta-primavera-7.jpg\" width=\"650\" height=\"900\" alt=\"Blusa peter pan vaquera con corazones\"> <noscript> <img src=\"http:\/\/hoycordobaweb.com\/wp-content\/uploads\/2025\/04\/blusas-peter-pan-la-tendencia-que-llevaran-las-mas-romanticas-esta-primavera-7.jpg\" alt=\"Blusa peter pan vaquera con corazones\"> <\/noscript> <i class=\"voc-icons zoom voc-multimedia-box voc-ico-l\"><\/i> <\/div><figcaption class=\"figure-caption\">Blusa peter pan vaquera con corazones<\/figcaption><\/picture>\n<\/div>\n<div id=\"photoZoomModal-519\" class=\"voc-lightbox modal fade voc-lightbox--photo-zoom\" role=\"dialog\" data-voc-photozoom-lightbox>\n<div class=\"voc-lightbox__dialog\" role=\"document\">\n<div class=\"voc-lightbox__content\"> <!-- Modal header --> <!-- Modal content --> <\/p>\n<div class=\"voc-lightbox__photo-container\"> <picture class> <img loading=\"lazy\" src=\"http:\/\/hoycordobaweb.com\/wp-content\/uploads\/2025\/04\/blusas-peter-pan-la-tendencia-que-llevaran-las-mas-romanticas-esta-primavera-7.jpg\" alt=\"Blusa peter pan vaquera con corazones\"> <noscript> <img src=\"http:\/\/hoycordobaweb.com\/wp-content\/uploads\/2025\/04\/blusas-peter-pan-la-tendencia-que-llevaran-las-mas-romanticas-esta-primavera-7.jpg\" alt=\"Blusa peter pan vaquera con corazones\"> <\/noscript> <\/picture> <\/div><\/div><\/div>\n<\/div>\n<p class=\"voc-paragraph\" data-mrf-recirculation=\"Link art\u00edculo\">Por \u00faltimo, vestir\u00e1s como las influencers al conjuntar tus <a data-voc-vtm-id=\"in-text-traffic\" href=\"https:\/\/www.mujerhoy.com\/moda\/tendencias\/bailarinas-leopardo-zapatos-primavera-corte-ingles-20250314133605-nt.html\" data-mrf-link=\"https:\/\/www.mujerhoy.com\/moda\/tendencias\/bailarinas-leopardo-zapatos-primavera-corte-ingles-20250314133605-nt.html\">bailarinas de leopardo<\/a> con esta <strong>blusa vaquera<\/strong> con estampado de corazones, azul \u00edndigo, de Sister Jane. Tiene cuello peter pan con mini volante. Se adorna con lazo satinado. Las mangas son largas. Y, cuenta con cierre de botones. Puedes encontrarla en Zalando por 114,99 euros.\n<\/p>\n<p> <!-- TOPICS --> <\/p>\n","protected":false},"excerpt":{"rendered":"<p>La primavera es la \u00e9poca del amor y por eso, la ropa se vuelve mucho m\u00e1s femenina, con un toque coqueto, na\u00edf y favorecedor. Es lo que se conoce como el estilo rom\u00e1ntico que sienta bien a todas las edades y conquista a expertas en moda de todo el mundo, sean francesas, chicas portuguesas o [&hellip;]<\/p>\n","protected":false},"author":1,"featured_media":102376,"comment_status":"closed","ping_status":"closed","sticky":false,"template":"","format":"standard","meta":[],"categories":[],"tags":[],"_links":{"self":[{"href":"http:\/\/hoycordobaweb.com\/index.php\/wp-json\/wp\/v2\/posts\/102375"}],"collection":[{"href":"http:\/\/hoycordobaweb.com\/index.php\/wp-json\/wp\/v2\/posts"}],"about":[{"href":"http:\/\/hoycordobaweb.com\/index.php\/wp-json\/wp\/v2\/types\/post"}],"author":[{"embeddable":true,"href":"http:\/\/hoycordobaweb.com\/index.php\/wp-json\/wp\/v2\/users\/1"}],"replies":[{"embeddable":true,"href":"http:\/\/hoycordobaweb.com\/index.php\/wp-json\/wp\/v2\/comments?post=102375"}],"version-history":[{"count":0,"href":"http:\/\/hoycordobaweb.com\/index.php\/wp-json\/wp\/v2\/posts\/102375\/revisions"}],"wp:featuredmedia":[{"embeddable":true,"href":"http:\/\/hoycordobaweb.com\/index.php\/wp-json\/wp\/v2\/media\/102376"}],"wp:attachment":[{"href":"http:\/\/hoycordobaweb.com\/index.php\/wp-json\/wp\/v2\/media?parent=102375"}],"wp:term":[{"taxonomy":"category","embeddable":true,"href":"http:\/\/hoycordobaweb.com\/index.php\/wp-json\/wp\/v2\/categories?post=102375"},{"taxonomy":"post_tag","embeddable":true,"href":"http:\/\/hoycordobaweb.com\/index.php\/wp-json\/wp\/v2\/tags?post=102375"}],"curies":[{"name":"wp","href":"https:\/\/api.w.org\/{rel}","templated":true}]}}