{"id":102359,"date":"2025-04-16T17:06:57","date_gmt":"2025-04-16T17:06:57","guid":{"rendered":"https:\/\/www.ole.com.ar\/fuera-de-juego\/julian-alvarez-atletico-madrid-espana-diego-torres-recital-show_0_B5ymaSv0Rv.html"},"modified":"2025-04-16T17:06:57","modified_gmt":"2025-04-16T17:06:57","slug":"julian-alvarez-fue-a-ver-un-show-de-diego-torres-en-madrid-y-le-regalo-su-camiseta","status":"publish","type":"post","link":"http:\/\/hoycordobaweb.com\/index.php\/2025\/04\/16\/julian-alvarez-fue-a-ver-un-show-de-diego-torres-en-madrid-y-le-regalo-su-camiseta\/","title":{"rendered":"Juli\u00e1n \u00c1lvarez fue a ver un show de Diego Torres en Madrid y le regal\u00f3 su camiseta"},"content":{"rendered":"<p><img src=\"http:\/\/hoycordobaweb.com\/wp-content\/uploads\/2025\/04\/julian-alvarez-fue-a-ver-un-show-de-diego-torres-en-madrid-y-le-regalo-su-camiseta.jpg\"><\/p>\n<p><time class=\"createDate\" datetime=\"2025-04-16T14:06:57-03:00\">16\/04\/2025 14:06hs.<\/time><\/p>\n<div id=\"storyBody\">\n<div class=\"custom-text \" readability=\"33.974719101124\">\n<p><a href=\"https:\/\/www.ole.com.ar\/futbol-internacional\/espana\/atletico-valladolid-espana-partido_0_s2ccem1Jkp.html#google_vignette\" target=\"_self\" title=\"Despu\u00e9s de su doblete ante Valladolid por la Liga de Espa\u00f1a,\" alt=\"Despu\u00e9s de su doblete ante Valladolid por la Liga de Espa\u00f1a,\" rel=\"noopener noreferrer\">Despu\u00e9s de su doblete ante Valladolid en la Liga de Espa\u00f1a,<\/a> J<strong>uli\u00e1n \u00c1lvarez aprovech\u00f3 su tiempo libre para ir a ver en Madrid a un popular cantante argentino: Diego Torres,<\/strong> de gira por all\u00ed. Disfrut\u00f3 de melod\u00edas cl\u00e1sicas como Color Esperanza, Tratar de estar mejor y Mejor que Ayer, entre otras. <strong>Y, de yapa, tuvo un peque\u00f1o meeting con el artista.<\/strong><\/p>\n<\/div>\n<div class=\"custom-text \" readability=\"36\">\n<p>Tal como hab\u00eda sucedido hace una semana, cuando hab\u00eda ido a ver a Mar\u00eda Becerra con su pareja y sus compa\u00f1eros Nahuel Molina y Giuliano Simeone<strong>, Juli\u00e1n pas\u00f3 a los camarines para saludar a Torres. Foto y un regalito de parte del futbolista: la camiseta 19 que usa en el Atl\u00e9tico de Madrid.<\/strong><\/p>\n<\/div>\n<div class=\"custom-text \" readability=\"35\">\n<p><strong>\u00abGracias Juli\u00e1n \u00c1lvarez querido por venir y disfrutar del show\u00bb<\/strong>, expres\u00f3 al cantante en una historia que subi\u00f3 a Instagram. Obviamente, con la Ara\u00f1a al lado en la foto.<\/p>\n<\/div>\n<div class=\"sc-e7b891c4-0 ifHnQL image-embed\"><img alt=\"Diego Torres con Juli\u00e1n \u00c1lvarez.\" loading=\"lazy\" width=\"720\" height=\"100\" decoding=\"async\" data-nimg=\"1\" src=\"http:\/\/hoycordobaweb.com\/wp-content\/uploads\/2025\/04\/julian-alvarez-fue-a-ver-un-show-de-diego-torres-en-madrid-y-le-regalo-su-camiseta-2.jpg\"><span class=\"epigraphe\">Diego Torres con Juli\u00e1n \u00c1lvarez.<\/span><\/div>\n<p><h2><strong>LA TEMPORADA PARA JULI\u00c1N Y CU\u00c1NDO VUELVE A JUGAR CON ATL\u00c9TICO DE MADRID<\/strong><\/h2>\n<\/p>\n<div class=\"sc-e7b891c4-0 ifHnQL image-embed\"><img alt=\"Los players del Atl\u00e9tico con Mar\u00eda Becerra (FOTO: Atl\u00e9tico)\" loading=\"lazy\" width=\"720\" height=\"100\" decoding=\"async\" data-nimg=\"1\" src=\"http:\/\/hoycordobaweb.com\/wp-content\/uploads\/2025\/04\/julian-alvarez-fue-a-ver-un-show-de-diego-torres-en-madrid-y-le-regalo-su-camiseta-3.jpg\"><span class=\"epigraphe\">Los players del Atl\u00e9tico con Mar\u00eda Becerra (FOTO: Atl\u00e9tico)<\/span><\/div>\n<div class=\"custom-text \" readability=\"34\">\n<p><strong>\u00c1lvarez lleva 25 goles en 48 partidos con el Colchonero<\/strong>, que hoy est\u00e1 a siete puntos del l\u00edder Barcelona en la Liga de Espa\u00f1a (70 a 63). El s\u00e1bado visitar\u00e1n a Las Palmas. <\/p>\n<\/div>\n<div class=\"sc-a7166897-0 eoLsBE\" readability=\"6.5\">\n<section readability=\"3\"><picture><img alt=\"Los mensajes motivaciones de las figuras del Real Madrid para la remontada contra Arsenal\" loading=\"lazy\" width=\"290\" height=\"290\" decoding=\"async\" data-nimg=\"1\" src=\"http:\/\/hoycordobaweb.com\/wp-content\/uploads\/2025\/04\/julian-alvarez-fue-a-ver-un-show-de-diego-torres-en-madrid-y-le-regalo-su-camiseta-4.jpg\"><\/picture>\n<p><span>Mir\u00e1 tambi\u00e9n<\/span><\/p>\n<hr>\n<h3>Los mensajes motivaciones de las figuras del Real Madrid para la remontada contra Arsenal<\/h3>\n<\/p>\n<\/section>\n<\/div>\n<div class=\"sc-a7166897-0 eoLsBE\" readability=\"6.5\">\n<section readability=\"3\"><picture><img alt=\"Klopp, el nuevo plan B del Real Madrid para reemplazar a Ancelotti\" loading=\"lazy\" width=\"290\" height=\"290\" decoding=\"async\" data-nimg=\"1\" src=\"http:\/\/hoycordobaweb.com\/wp-content\/uploads\/2025\/04\/julian-alvarez-fue-a-ver-un-show-de-diego-torres-en-madrid-y-le-regalo-su-camiseta-5.jpg\"><\/picture>\n<p><span>Mir\u00e1 tambi\u00e9n<\/span><\/p>\n<hr>\n<h3>Klopp, el nuevo plan B del Real Madrid para reemplazar a Ancelotti<\/h3>\n<\/p>\n<\/section>\n<\/div>\n<div class=\"sc-a7166897-0 eoLsBE\" readability=\"6.5\">\n<section readability=\"3\"><picture><img alt=\"El ex compa\u00f1ero de Messi al que le &quot;enderezar\u00e1n&quot; las piernas &quot;cortando trozos de hueso&quot;\" loading=\"lazy\" width=\"290\" height=\"290\" decoding=\"async\" data-nimg=\"1\" src=\"http:\/\/hoycordobaweb.com\/wp-content\/uploads\/2025\/04\/julian-alvarez-fue-a-ver-un-show-de-diego-torres-en-madrid-y-le-regalo-su-camiseta-6.jpg\"><\/picture>\n<p><span>Mir\u00e1 tambi\u00e9n<\/span><\/p>\n<hr>\n<h3>El ex compa\u00f1ero de Messi al que le \u00abenderezar\u00e1n\u00bb las piernas \u00abcortando trozos de hueso\u00bb<\/h3>\n<\/p>\n<\/section>\n<\/div>\n<\/div>\n","protected":false},"excerpt":{"rendered":"<p>16\/04\/2025 14:06hs. Despu\u00e9s de su doblete ante Valladolid en la Liga de Espa\u00f1a, Juli\u00e1n \u00c1lvarez aprovech\u00f3 su tiempo libre para ir a ver en Madrid a un popular cantante argentino: Diego Torres, de gira por all\u00ed. Disfrut\u00f3 de melod\u00edas cl\u00e1sicas como Color Esperanza, Tratar de estar mejor y Mejor que Ayer, entre otras. Y, de [&hellip;]<\/p>\n","protected":false},"author":1,"featured_media":102360,"comment_status":"open","ping_status":"closed","sticky":false,"template":"","format":"standard","meta":[],"categories":[16],"tags":[],"_links":{"self":[{"href":"http:\/\/hoycordobaweb.com\/index.php\/wp-json\/wp\/v2\/posts\/102359"}],"collection":[{"href":"http:\/\/hoycordobaweb.com\/index.php\/wp-json\/wp\/v2\/posts"}],"about":[{"href":"http:\/\/hoycordobaweb.com\/index.php\/wp-json\/wp\/v2\/types\/post"}],"author":[{"embeddable":true,"href":"http:\/\/hoycordobaweb.com\/index.php\/wp-json\/wp\/v2\/users\/1"}],"replies":[{"embeddable":true,"href":"http:\/\/hoycordobaweb.com\/index.php\/wp-json\/wp\/v2\/comments?post=102359"}],"version-history":[{"count":0,"href":"http:\/\/hoycordobaweb.com\/index.php\/wp-json\/wp\/v2\/posts\/102359\/revisions"}],"wp:featuredmedia":[{"embeddable":true,"href":"http:\/\/hoycordobaweb.com\/index.php\/wp-json\/wp\/v2\/media\/102360"}],"wp:attachment":[{"href":"http:\/\/hoycordobaweb.com\/index.php\/wp-json\/wp\/v2\/media?parent=102359"}],"wp:term":[{"taxonomy":"category","embeddable":true,"href":"http:\/\/hoycordobaweb.com\/index.php\/wp-json\/wp\/v2\/categories?post=102359"},{"taxonomy":"post_tag","embeddable":true,"href":"http:\/\/hoycordobaweb.com\/index.php\/wp-json\/wp\/v2\/tags?post=102359"}],"curies":[{"name":"wp","href":"https:\/\/api.w.org\/{rel}","templated":true}]}}