{"id":102171,"date":"2025-04-14T16:48:13","date_gmt":"2025-04-14T16:48:13","guid":{"rendered":"https:\/\/www.ole.com.ar\/futbol-internacional\/dia-internacional-arquero-calero-ranking-cies-incluyo-dibu_0_y8M4O9rbaJ.html"},"modified":"2025-04-14T16:48:13","modified_gmt":"2025-04-14T16:48:13","slug":"el-dia-internacional-del-arquero-por-que-se-celebra-y-el-llamativo-ranking-que-no-incluyo-al-dibu-martinez","status":"publish","type":"post","link":"http:\/\/hoycordobaweb.com\/index.php\/2025\/04\/14\/el-dia-internacional-del-arquero-por-que-se-celebra-y-el-llamativo-ranking-que-no-incluyo-al-dibu-martinez\/","title":{"rendered":"El d\u00eda internacional del arquero: por qu\u00e9 se celebra y el llamativo ranking que no incluy\u00f3 al Dibu Mart\u00ednez"},"content":{"rendered":"<p><img src=\"http:\/\/hoycordobaweb.com\/wp-content\/uploads\/2025\/04\/el-dia-internacional-del-arquero-por-que-se-celebra-y-el-llamativo-ranking-que-no-incluyo-al-dibu-martinez.jpg\"><\/p>\n<p><time class=\"createDate\" datetime=\"2025-04-14T13:48:13-03:00\">14\/04\/2025 13:48hs.<\/time><\/p>\n<div id=\"storyBody\">\n<div class=\"custom-text \" readability=\"37\">\n<p><strong>Este 14 de abril se celebra el d\u00eda internacional del arquero en conmemoraci\u00f3n al colombiano Miguel Calero,<\/strong> fallecido en diciembre de 2012 a los 41 a\u00f1os -un a\u00f1o despu\u00e9s de su retiro- producto de una embolia cerebral que deriv\u00f3 en un paro cardio-respiratorio. Por tal motivo, <strong>la marca de guantes que usaba promovi\u00f3 un homenaje desde el a\u00f1o siguiente (por la fecha de nacimiento de Miguel) y la fecha se adopt\u00f3 en todo el mundo. <\/strong>En Argentina <strong>es el 12 de junio en honor a Amadeo Carrizo. <\/strong><\/p>\n<\/div>\n<p><h2><strong>ALGUNOS N\u00daMEROS DE CALERO<\/strong><\/h2>\n<\/p>\n<div class=\"custom-text \" readability=\"41\">\n<p>Jug\u00f3 en Sporting de Barranquilla, Deportivo Cali, Atl\u00e9tico Nacional y<strong> Pachuca de M\u00e9xico, donde ataj\u00f3 m\u00e1s de 300 partidos y gan\u00f3 nueve t\u00edtulos. <\/strong>Un verdadero \u00eddolo, a tal punto que el club azteca decidi\u00f3 construirle una estatua en su honor tras su deceso. En tanto, en su seleccionado,<strong> Calero estuvo en 55 partidos e integr\u00f3 el plantel que gan\u00f3 la Copa Am\u00e9rica 2001 y fue suplente en el Mundial de 1998.<\/strong><\/p>\n<\/div>\n<div class=\"sc-e7b891c4-0 ifHnQL image-embed\"><img alt=\"El recordado Calero (EFE). \" loading=\"lazy\" width=\"720\" height=\"100\" decoding=\"async\" data-nimg=\"1\" src=\"http:\/\/hoycordobaweb.com\/wp-content\/uploads\/2025\/04\/el-dia-internacional-del-arquero-por-que-se-celebra-y-el-llamativo-ranking-que-no-incluyo-al-dibu-martinez-2.jpg\"><span class=\"epigraphe\">El recordado Calero (EFE). <\/span><\/div>\n<p><h2><strong>EL RANKING DE LA CIES QUE NO INCLUY\u00d3 AL DIBU MART\u00cdNEZ<\/strong><\/h2>\n<\/p>\n<div class=\"custom-text \" readability=\"38\">\n<p>D\u00edas antes de este 14 de abril, <strong>la CIES (Centro Internacional de Estudios del Deporte) elabor\u00f3 un ranking de los 100 mejores arqueros del mundo basado en ciertos par\u00e1metros para crear un determinado \u00edndice<\/strong>. <strong>\u00bfQu\u00e9 se tom\u00f3 en cuenta? <\/strong>Partidos jugados, resultados y desviaci\u00f3n del porcentaje de atajadas respecto al valor esperado. \u00ab<strong>Solo los arqueros con diferencia positiva en este \u00faltimo criterio figuran en la clasificaci\u00f3n<\/strong>\u00ab, explica la p\u00e1gina.<\/p>\n<\/div>\n<div class=\"sc-e7b891c4-0 ifHnQL image-embed\"><img alt=\"Los primeros 15 del ranking.\" loading=\"lazy\" width=\"720\" height=\"100\" decoding=\"async\" data-nimg=\"1\" src=\"http:\/\/hoycordobaweb.com\/wp-content\/uploads\/2025\/04\/el-dia-internacional-del-arquero-por-que-se-celebra-y-el-llamativo-ranking-que-no-incluyo-al-dibu-martinez-3.jpg\"><span class=\"epigraphe\">Los primeros 15 del ranking.<\/span><\/div>\n<div class=\"custom-text \" readability=\"39\">\n<p>As\u00ed, curiosamente, el Dibu Mart\u00ednez no figura en el ranking<strong>. Llamativo que no est\u00e9 el arquero campe\u00f3n del mundo, clave en la Selecci\u00f3n y en el Aston Villa de Inglaterra (en cuartos de final <\/strong>de la Champions League y s\u00e9ptimo en la Premier League). Lo lidera el italiano <strong>Gianluigi Donnarumma de PSG, seguido por el suizo Yann Sommer de Inter y el belga Thibaut Courtois de Real Madrid.<\/strong><\/p>\n<\/div>\n<div class=\"sc-e7b891c4-0 ifHnQL image-embed\"><img alt=\"El Dibu, clave para Aston Villa (REUTER).\" loading=\"lazy\" width=\"720\" height=\"100\" decoding=\"async\" data-nimg=\"1\" src=\"http:\/\/hoycordobaweb.com\/wp-content\/uploads\/2025\/04\/el-dia-internacional-del-arquero-por-que-se-celebra-y-el-llamativo-ranking-que-no-incluyo-al-dibu-martinez-4.jpg\"><span class=\"epigraphe\">El Dibu, clave para Aston Villa (REUTER).<\/span><\/div>\n<div class=\"sc-e7b891c4-0 ifHnQL image-embed\"><img alt=\"Los de Argentina.\" loading=\"lazy\" width=\"720\" height=\"100\" decoding=\"async\" data-nimg=\"1\" src=\"http:\/\/hoycordobaweb.com\/wp-content\/uploads\/2025\/04\/el-dia-internacional-del-arquero-por-que-se-celebra-y-el-llamativo-ranking-que-no-incluyo-al-dibu-martinez-5.jpg\"><span class=\"epigraphe\">Los de Argentina.<\/span><\/div>\n<div class=\"custom-text \" readability=\"38\">\n<p><strong>En tanto, en este lista de 100 argentinos, hay cuatro argentinos:<\/strong> Hern\u00e1n Gal\u00edndez de Hurac\u00e1n (y hombre de la selecci\u00f3n de Ecuador), Nacho Arce de Riestra, Agust\u00edn Marches\u00edn de Boca (gran parte de su campa\u00f1a corresponde a Gremio de Brasil) y Nahuel Losada de Lan\u00fas.<\/p>\n<\/div>\n<div class=\"sc-a7166897-0 eoLsBE\" readability=\"6\">\n<section readability=\"2\"><picture><img alt=\"El otro cl\u00e1sico de Avellaneda: Maravilla vs. \u00c1valos\" loading=\"lazy\" width=\"290\" height=\"290\" decoding=\"async\" data-nimg=\"1\" src=\"http:\/\/hoycordobaweb.com\/wp-content\/uploads\/2025\/04\/el-dia-internacional-del-arquero-por-que-se-celebra-y-el-llamativo-ranking-que-no-incluyo-al-dibu-martinez-6.jpg\"><\/picture>\n<p><span>Mir\u00e1 tambi\u00e9n<\/span><\/p>\n<hr>\n<h3>El otro cl\u00e1sico de Avellaneda: Maravilla vs. \u00c1valos<\/h3>\n<\/p>\n<\/section>\n<\/div>\n<div class=\"sc-a7166897-0 eoLsBE\" readability=\"6\">\n<section readability=\"2\"><picture><img alt=\"Los dos \u00e1rbitros argentinos para el Mundial de Clubes\" loading=\"lazy\" width=\"290\" height=\"290\" decoding=\"async\" data-nimg=\"1\" src=\"http:\/\/hoycordobaweb.com\/wp-content\/uploads\/2025\/04\/el-dia-internacional-del-arquero-por-que-se-celebra-y-el-llamativo-ranking-que-no-incluyo-al-dibu-martinez-7.jpg\"><\/picture>\n<p><span>Mir\u00e1 tambi\u00e9n<\/span><\/p>\n<hr>\n<h3>Los dos \u00e1rbitros argentinos para el Mundial de Clubes<\/h3>\n<\/p>\n<\/section>\n<\/div>\n<\/div>\n","protected":false},"excerpt":{"rendered":"<p>14\/04\/2025 13:48hs. Este 14 de abril se celebra el d\u00eda internacional del arquero en conmemoraci\u00f3n al colombiano Miguel Calero, fallecido en diciembre de 2012 a los 41 a\u00f1os -un a\u00f1o despu\u00e9s de su retiro- producto de una embolia cerebral que deriv\u00f3 en un paro cardio-respiratorio. Por tal motivo, la marca de guantes que usaba promovi\u00f3 [&hellip;]<\/p>\n","protected":false},"author":1,"featured_media":102172,"comment_status":"open","ping_status":"closed","sticky":false,"template":"","format":"standard","meta":[],"categories":[16],"tags":[],"_links":{"self":[{"href":"http:\/\/hoycordobaweb.com\/index.php\/wp-json\/wp\/v2\/posts\/102171"}],"collection":[{"href":"http:\/\/hoycordobaweb.com\/index.php\/wp-json\/wp\/v2\/posts"}],"about":[{"href":"http:\/\/hoycordobaweb.com\/index.php\/wp-json\/wp\/v2\/types\/post"}],"author":[{"embeddable":true,"href":"http:\/\/hoycordobaweb.com\/index.php\/wp-json\/wp\/v2\/users\/1"}],"replies":[{"embeddable":true,"href":"http:\/\/hoycordobaweb.com\/index.php\/wp-json\/wp\/v2\/comments?post=102171"}],"version-history":[{"count":0,"href":"http:\/\/hoycordobaweb.com\/index.php\/wp-json\/wp\/v2\/posts\/102171\/revisions"}],"wp:featuredmedia":[{"embeddable":true,"href":"http:\/\/hoycordobaweb.com\/index.php\/wp-json\/wp\/v2\/media\/102172"}],"wp:attachment":[{"href":"http:\/\/hoycordobaweb.com\/index.php\/wp-json\/wp\/v2\/media?parent=102171"}],"wp:term":[{"taxonomy":"category","embeddable":true,"href":"http:\/\/hoycordobaweb.com\/index.php\/wp-json\/wp\/v2\/categories?post=102171"},{"taxonomy":"post_tag","embeddable":true,"href":"http:\/\/hoycordobaweb.com\/index.php\/wp-json\/wp\/v2\/tags?post=102171"}],"curies":[{"name":"wp","href":"https:\/\/api.w.org\/{rel}","templated":true}]}}