{"id":10217,"date":"2021-01-17T00:39:22","date_gmt":"2021-01-17T00:39:22","guid":{"rendered":"https:\/\/www.perfil.com\/noticias\/politica\/critican-a-alberto-fernandez-por-pasear-a-dylan-en-helicoptero-elimine-esas-fotos-presidente.phtml"},"modified":"2021-01-17T00:39:22","modified_gmt":"2021-01-17T00:39:22","slug":"critican-a-alberto-fernandez-por-pasear-a-dylan-en-helicoptero-elimine-esas-fotos-presidente","status":"publish","type":"post","link":"http:\/\/hoycordobaweb.com\/index.php\/2021\/01\/17\/critican-a-alberto-fernandez-por-pasear-a-dylan-en-helicoptero-elimine-esas-fotos-presidente\/","title":{"rendered":"Critican a Alberto Fern\u00e1ndez por pasear a Dylan en helic\u00f3ptero: \u00abElimine esas fotos, presidente\u00bb"},"content":{"rendered":"<p><img src=\"http:\/\/hoycordobaweb.com\/wp-content\/uploads\/2021\/01\/critican-a-alberto-fernandez-por-pasear-a-dylan-en-helicoptero-elimine-esas-fotos-presidente.jpg\"><\/p>\n<div><img src=\"http:\/\/hoycordobaweb.com\/wp-content\/uploads\/2021\/01\/critican-a-alberto-fernandez-por-pasear-a-dylan-en-helicoptero-elimine-esas-fotos-presidente-2.jpg\" class=\"ff-og-image-inserted\"><\/div>\n<aside class=\"relatedPost\">\n<h3>Noticias Relacionadas<\/h3>\n<\/aside>\n<p>El presidente <a target=\"_blank\" href=\"https:\/\/www.perfil.com\/noticias\/actualidad\/alberto-fernandez-ordeno-que-haya-clases-para-que-la-oposicion-no-le-saque-redito.phtml\" rel=\"noopener noreferrer\"><strong>Alberto Fern\u00e1ndez<\/strong><\/a> toma unos d\u00edas de descanso con <a target=\"_blank\" href=\"https:\/\/www.perfil.com\/noticias\/politica\/avanza-el-caso-de-fabiola-yanez-contra-google-por-difamacion.phtml\" rel=\"noopener noreferrer\"><strong>Fabiola Y\u00e1\u00f1ez<\/strong><\/a> en la residencia presidencial de Chapadmalal en medio de la pol\u00e9mica por la vuelta a clases presenciales, los cuestionamientos al plan de vacunaci\u00f3n y los diversos reclamos por la crisis econ\u00f3mica. Lejos de traerle calma, el viaje le gener\u00f3 una nueva controversia al jefe de Estado, a ra\u00edz de una foto con su perro <a target=\"_blank\" href=\"https:\/\/www.perfil.com\/noticias\/actualidad\/familia-presidencial-alberto-fernandez-nueva-integrante-dylan-presento-kayla.phtml\" rel=\"noopener noreferrer\"><strong>Dylan<\/strong><\/a>, que gener\u00f3 un reclamo opositor: <strong>\u00abElimine esas fotos, presidente\u00bb<\/strong>.<\/p>\n<p>Ocurre que el can presidencial, uno de los protagonistas de la campa\u00f1a de Alberto Fern\u00e1ndez en 2019, tuvo un vuelo inici\u00e1tico a bordo del helic\u00f3ptero presidencial junto a su due\u00f1o. El presidente no public\u00f3 la foto en sus redes sociales, pero la imagen apareci\u00f3 en la cuenta de Instagram del propio Dylan. \u00ab<strong>Alberto me llev\u00f3 a volar por primera vez en helic\u00f3ptero. Fuimos a Chapadmalal.<\/strong> \u00a1Tambi\u00e9n va a ser la primera vez que conozca el mar!\u00bb, escribieron quienes manejan la cuenta del perro.<\/p>\n<p>Si bien la foto tuvo comentarios positivos en Instagram, comenz\u00f3 a generar repudio una vez que lleg\u00f3 a <a target=\"_blank\" href=\"https:\/\/twitter.com\/lilianafranco20\/status\/1350558709890605056\" rel=\"noopener noreferrer\">Twitter<\/a>. La propia primera dama <a target=\"_blank\" href=\"https:\/\/exitoina.perfil.com\/noticias\/escandalo\/fabiola-yanez-cruzo-opositores-en-instagram-tras-foto-polemica.phtml\" rel=\"noopener noreferrer\"><strong>Fabiola Y\u00e1\u00f1ez<\/strong><\/a>, que tambi\u00e9n public\u00f3 una foto del presidente con su can, se dedic\u00f3 a responder las diversas cr\u00edticas que gener\u00f3 el tema.&nbsp;<\/p>\n<p>\u00abTe parece mal que un presidente descanse, o&nbsp;<strong>no ten\u00edas nada mejor que hacer que escribir por escribir.<\/strong>&nbsp;Pens\u00e1\u00bb, replic\u00f3 la pareja de Fern\u00e1ndez en uno de los comentarios de repudio.<\/p>\n<h2><strong>Cr\u00edticas de Juntos por el Cambio<\/strong><\/h2>\n<p>Como no pod\u00eda ser de otra forma en pleno a\u00f1o electoral, dirigentes de la oposici\u00f3n tomaron el tema para cuestionar a Alberto Fern\u00e1ndez. Adem\u00e1s de los diversos usuarios y trolls que rechazaron la foto, desde Juntos por el Cambio reprocharon que se publique en el contexto de la crisis econ\u00f3mica y la pandemia.<\/p>\n<p>\u00abElimine estas fotos Presidente, tenga pudor republicano y h\u00e1galo por respeto a los argentinos que sufren las consecuencias de la pandemia y su cuarentena o por sensibilidad por quienes viven en la pobreza. En el pa\u00eds no hay margen para vuelos de bautismo de Dylan\u00bb, escribi\u00f3 el diputado nacional de la UCR <strong>Luis Petri<\/strong>.<\/p>\n<blockquote class=\"twitter-tweet\" readability=\"7\">\n<p lang=\"es\" dir=\"ltr\">Elimine estas fotos Presidente, tenga pudor republicano y h\u00e1galo por respeto a los argentinos que sufren las consecuencias de la pandemia y su cuarentena o por sensibilidad por quienes viven en la pobreza. En el pa\u00eds no hay margen para vuelos de bautismo de Dylan <a href=\"https:\/\/t.co\/qVHl2uSdd5\">pic.twitter.com\/qVHl2uSdd5<\/a><\/p>\n<p>\u2014 Luis Petri (@luispetri) <a href=\"https:\/\/twitter.com\/luispetri\/status\/1350575364997844992?ref_src=twsrc%5Etfw\">January 16, 2021<\/a><\/p><\/blockquote>\n<p>Otro de los cuestionamientos vino de parte de <strong>Laura Alonso<\/strong>, extitular de la Oficina Anticorrupci\u00f3n durante el gobierno de <strong>Mauricio Macri<\/strong>, que vincul\u00f3 el tema a las denuncias contra el gobernador de Formosa, Gildo Insfr\u00e1n.&nbsp;\u00abBaj\u00e1 del helic\u00f3ptero y hacete cargo&nbsp;<a target=\"_blank\" href=\"https:\/\/twitter.com\/alferdez\" rel=\"noopener noreferrer\">@alferdez<\/a> o dejale la presidencia al perro. Esto es Formosa bajo la dictadura de Insfr\u00e1n DONDE VIOLAN DDHH sistem\u00e1ticamente hace d\u00e9cadas\u00bb, reproch\u00f3 la exlegisladora del PRO.<\/p>\n<blockquote class=\"twitter-tweet\" readability=\"5.760147601476\">\n<p lang=\"es\" dir=\"ltr\">Baj\u00e1 del helic\u00f3ptero y hacete cargo <a href=\"https:\/\/twitter.com\/alferdez?ref_src=twsrc%5Etfw\">@alferdez<\/a> o dejale la presidencia al perro. Esto es Formosa bajo la dictadura de Insfr\u00e1n DONDE VIOLAN DDHH sistem\u00e1ticamente hace d\u00e9cadas <a href=\"https:\/\/t.co\/yb0NaCFAOb\">https:\/\/t.co\/yb0NaCFAOb<\/a><\/p>\n<p>\u2014 soy laura #AbranLasAulas \ud83c\udde6\ud83c\uddf7 (@lauritalonso) <a href=\"https:\/\/twitter.com\/lauritalonso\/status\/1350583377557139459?ref_src=twsrc%5Etfw\">January 16, 2021<\/a><\/p><\/blockquote>\n<p>FF<\/p>\n","protected":false},"excerpt":{"rendered":"<p>Noticias Relacionadas El presidente Alberto Fern\u00e1ndez toma unos d\u00edas de descanso con Fabiola Y\u00e1\u00f1ez en la residencia presidencial de Chapadmalal en medio de la pol\u00e9mica por la vuelta a clases presenciales, los cuestionamientos al plan de vacunaci\u00f3n y los diversos reclamos por la crisis econ\u00f3mica. Lejos de traerle calma, el viaje le gener\u00f3 una nueva [&hellip;]<\/p>\n","protected":false},"author":1,"featured_media":10218,"comment_status":"closed","ping_status":"closed","sticky":false,"template":"","format":"standard","meta":[],"categories":[1],"tags":[],"_links":{"self":[{"href":"http:\/\/hoycordobaweb.com\/index.php\/wp-json\/wp\/v2\/posts\/10217"}],"collection":[{"href":"http:\/\/hoycordobaweb.com\/index.php\/wp-json\/wp\/v2\/posts"}],"about":[{"href":"http:\/\/hoycordobaweb.com\/index.php\/wp-json\/wp\/v2\/types\/post"}],"author":[{"embeddable":true,"href":"http:\/\/hoycordobaweb.com\/index.php\/wp-json\/wp\/v2\/users\/1"}],"replies":[{"embeddable":true,"href":"http:\/\/hoycordobaweb.com\/index.php\/wp-json\/wp\/v2\/comments?post=10217"}],"version-history":[{"count":0,"href":"http:\/\/hoycordobaweb.com\/index.php\/wp-json\/wp\/v2\/posts\/10217\/revisions"}],"wp:featuredmedia":[{"embeddable":true,"href":"http:\/\/hoycordobaweb.com\/index.php\/wp-json\/wp\/v2\/media\/10218"}],"wp:attachment":[{"href":"http:\/\/hoycordobaweb.com\/index.php\/wp-json\/wp\/v2\/media?parent=10217"}],"wp:term":[{"taxonomy":"category","embeddable":true,"href":"http:\/\/hoycordobaweb.com\/index.php\/wp-json\/wp\/v2\/categories?post=10217"},{"taxonomy":"post_tag","embeddable":true,"href":"http:\/\/hoycordobaweb.com\/index.php\/wp-json\/wp\/v2\/tags?post=10217"}],"curies":[{"name":"wp","href":"https:\/\/api.w.org\/{rel}","templated":true}]}}