{"id":10215,"date":"2021-01-17T01:06:27","date_gmt":"2021-01-17T01:06:27","guid":{"rendered":"https:\/\/www.perfil.com\/noticias\/columnistas\/coronavirus-acto-dos-por-jorge-fontevecchia.phtml"},"modified":"2021-01-17T01:06:27","modified_gmt":"2021-01-17T01:06:27","slug":"coronavirus-acto-dos","status":"publish","type":"post","link":"http:\/\/hoycordobaweb.com\/index.php\/2021\/01\/17\/coronavirus-acto-dos\/","title":{"rendered":"Coronavirus, acto dos"},"content":{"rendered":"<p><img src=\"http:\/\/hoycordobaweb.com\/wp-content\/uploads\/2021\/01\/coronavirus-acto-dos.jpg\"><\/p>\n<div><img src=\"http:\/\/hoycordobaweb.com\/wp-content\/uploads\/2021\/01\/coronavirus-acto-dos-2.jpg\" class=\"ff-og-image-inserted\"><\/div>\n<aside class=\"relatedPost\">\n<h3>Noticias Relacionadas<\/h3>\n<\/aside>\n<p>Viene de ayer:&nbsp;<em><a target=\"_blank\" href=\"https:\/\/www.perfil.com\/noticias\/columnistas\/san-pandemia-maldita-pandemia-por-jorge-fontevecchia.phtml\" rel=\"noopener noreferrer\"><strong>\u201cSan Pandemia, maldita pandemia\u201d<\/strong><\/a><\/em><\/p>\n<p>En la columna de ayer se utiliz\u00f3 San Pandemia y no santa para mantener el uso del prominente economista del PRO que parafraseaba a San Remes, por Remes Lenicov, quien, con su hurac\u00e1n pesificador, hab\u00eda creado parte de las condiciones para el \u00e9xito posterior del kirchnerismo durante varios a\u00f1os. La pandemia, como la pesificaci\u00f3n asim\u00e9trica de Remes Lenicov, puso la econom\u00eda patas para arriba creando las condiciones para un eventual triunfo electoral de Juntos por el Cambio, piensan en el PRO quienes la creen \u201csanta\u201d.&nbsp;<\/p>\n<p class=\"destacadoNota\">Cerrar escuelas hoy es&nbsp;impopular: la verdad es una convenci\u00f3n, es&nbsp;una intersubjetividad compartida<\/p>\n<p>Santa o maldita, lo que nadie discute es que ser\u00e1 muy relevante en t\u00e9rminos electorales y, como inform\u00f3 en su edici\u00f3n de ayer en papel el diario PERFIL en primicia exclusiva, viendo que hasta Macri sacaba pecho pidiendo \u201cabran las escuelas\u201d, Alberto Fern\u00e1ndez decidi\u00f3 forzar a los gremios docentes y ordenar la apertura de los colegios &nbsp;entre el 17 de febrero y el 15 de marzo en todo el pa\u00eds buscando no darle a la oposici\u00f3n un argumento ganador ni a Rodr\u00edguez Larreta el centro de la escena habiendo anunciado que en la Ciudad de Buenos Aires iban a comenzar las clases presenciales el 17 de febrero.&nbsp;<\/p>\n<p>El incremento de los casos de coronavirus en el hemisferio norte con Europa y Estados Unidos a la cabeza o en el hemisferio sur con Brasil peor en enero que en junio y Argentina siempre mejor que Brasil pero en la misma tendencia de crecimiento, indica que sea con segunda o hasta tercera ola el coronavirus seguir\u00e1 siendo el gran protagonista durante todo 2021, aun contando con el \u00e9xito de las vacunas que vengan a combatirlo, las que junto a la inmunidad de reba\u00f1o cercar\u00edan al virus reci\u00e9n en 2022.<\/p>\n<p>\u00bfPor qu\u00e9 se abrir\u00edan las escuelas este marzo si en marzo del a\u00f1o pasado est\u00e1bamos mejor y se cerraron? \u00bfPor qu\u00e9 si en marzo de 2020 cosechaba aprobaci\u00f3n que se cerraran las escuelas, Alberto Fern\u00e1ndez lleg\u00f3 a acumular el 80% de positivas, y en marzo de 2021 ser\u00eda impopular dejarlas cerradas cuando el n\u00famero de casos es mayor?&nbsp;<\/p>\n<p>Porque lo que cambi\u00f3 es la subjetividad, y lo que resulta verdadero o falso es siempre convencional, resultado de una intersubjetividad compartida. Y as\u00ed como a la mayor\u00eda le resultaba l\u00f3gico al comienzo de la pandemia responder al espanto del coronavirus pagando todos los costos que fueran necesarios \u2013econ\u00f3micos, emocionales, sociales o intelectuales\u2013, pasado cierto tiempo el orden de prioridades se invierte casualmente porque ya no queda resto econ\u00f3mico, emocional, social o intelectual que consumir y en alguna medida el remedio termina siendo percibido como si fuera peor que la enfermedad. No necesariamente todos coincidir\u00e1n, de la misma forma que cuando se decretaron las cuarentenas hab\u00eda quienes se les opon\u00edan, pero comienza a ser el pensamiento mayoritario.<\/p>\n<p>La pol\u00edtica trata de influir sobre esa subjetividad general y en la mayor\u00eda de los casos se limita a administrarla orient\u00e1ndola hacia sus propios fines, en este caso las elecciones de octubre, cuando la necesidad de mostrar logros econ\u00f3micos volver\u00e1 a cobrar importancia.<\/p>\n<p>El viaje del ministro de Econom\u00eda Mart\u00edn Guzm\u00e1n a las distintas provincias parece indicar no solo el comienzo de campa\u00f1a en ese sentido sino el comienzo de un proyecto pol\u00edtico alrededor de su gesti\u00f3n. Si el \u201calbertismo\u201d resultara riesgoso para la perdurabilidad de la coalici\u00f3n gobernante, el \u201cguzmanismo\u201d podr\u00eda ser una forma de caballo de Troya: mientras todos miran a M\u00e1ximo Kirchner y su deseo de copar institucionalmente el PJ bonaerense y controlar a los intendentes, bajo el radar se produce otro fen\u00f3meno con los gobernadores.<\/p>\n<p class=\"destacadoNota\">\u00bfSalen Carla Vizzotti&nbsp;y Gin\u00e9s Gonz\u00e1lez&nbsp;Garc\u00eda de la cancha y&nbsp;entra como \u201cgoleador\u201d Mart\u00edn Guzm\u00e1n?<\/p>\n<p>Con raz\u00f3n el presidente del radicalismo, <a target=\"_blank\" href=\"https:\/\/www.perfil.com\/noticias\/opinion\/la-complicidad-del-gobierno-con-los-sindicatos-nos-robo-la-educacion.phtml\" rel=\"noopener noreferrer\">Alfredo Cornejo, reclam\u00f3 por haber mantenido abiertos los casinos y no los colegios asign\u00e1ndoles a los sindicatos de la educaci\u00f3n corresponsabilidad.<\/a> En noviembre la Organizaci\u00f3n Mundial de la Salud recomend\u00f3 mantener los colegios abiertos en sinton\u00eda con la presi\u00f3n del ciclo lectivo del hemisferio norte: septiembre. Y para el comienzo del ciclo lectivo del hemisferio sur hubiera sido insostenible continuar con los colegios cerrados a pesar de que sectores sindicales a\u00fan lo condicionan a que sean vacunados, algo que ser\u00e1 imposible para todos los trabajadores esenciales antes de marzo.<\/p>\n<p>Adem\u00e1s, en este segundo acto del coronavirus, versi\u00f3n 2021, todos terminaremos siendo trabajadores esenciales. El ministro Guzm\u00e1n no precisar\u00e1 producir. Pero \u00e9l da el ejemplo: ayer anunci\u00f3 una inversi\u00f3n en el puerto de Mar del Plata, se prepara para viajar a La Rioja y la semana que pas\u00f3 estuvo en Neuqu\u00e9n y Entre R\u00edos. \u00bfGin\u00e9s Gonz\u00e1lez Garc\u00eda y Carla Vizzotti se corren del centro de la cancha y entra Mart\u00edn Guzm\u00e1n? \u201cSan Soja\u201d a 520 d\u00f3lares lo ayuda.<\/p>\n","protected":false},"excerpt":{"rendered":"<p>Noticias Relacionadas Viene de ayer:&nbsp;\u201cSan Pandemia, maldita pandemia\u201d En la columna de ayer se utiliz\u00f3 San Pandemia y no santa para mantener el uso del prominente economista del PRO que parafraseaba a San Remes, por Remes Lenicov, quien, con su hurac\u00e1n pesificador, hab\u00eda creado parte de las condiciones para el \u00e9xito posterior del kirchnerismo durante [&hellip;]<\/p>\n","protected":false},"author":1,"featured_media":10216,"comment_status":"closed","ping_status":"closed","sticky":false,"template":"","format":"standard","meta":[],"categories":[1],"tags":[],"_links":{"self":[{"href":"http:\/\/hoycordobaweb.com\/index.php\/wp-json\/wp\/v2\/posts\/10215"}],"collection":[{"href":"http:\/\/hoycordobaweb.com\/index.php\/wp-json\/wp\/v2\/posts"}],"about":[{"href":"http:\/\/hoycordobaweb.com\/index.php\/wp-json\/wp\/v2\/types\/post"}],"author":[{"embeddable":true,"href":"http:\/\/hoycordobaweb.com\/index.php\/wp-json\/wp\/v2\/users\/1"}],"replies":[{"embeddable":true,"href":"http:\/\/hoycordobaweb.com\/index.php\/wp-json\/wp\/v2\/comments?post=10215"}],"version-history":[{"count":0,"href":"http:\/\/hoycordobaweb.com\/index.php\/wp-json\/wp\/v2\/posts\/10215\/revisions"}],"wp:featuredmedia":[{"embeddable":true,"href":"http:\/\/hoycordobaweb.com\/index.php\/wp-json\/wp\/v2\/media\/10216"}],"wp:attachment":[{"href":"http:\/\/hoycordobaweb.com\/index.php\/wp-json\/wp\/v2\/media?parent=10215"}],"wp:term":[{"taxonomy":"category","embeddable":true,"href":"http:\/\/hoycordobaweb.com\/index.php\/wp-json\/wp\/v2\/categories?post=10215"},{"taxonomy":"post_tag","embeddable":true,"href":"http:\/\/hoycordobaweb.com\/index.php\/wp-json\/wp\/v2\/tags?post=10215"}],"curies":[{"name":"wp","href":"https:\/\/api.w.org\/{rel}","templated":true}]}}