{"id":102078,"date":"2025-04-10T12:29:36","date_gmt":"2025-04-10T12:29:36","guid":{"rendered":"https:\/\/ladecimaweb.com\/?p=31616"},"modified":"2025-04-10T12:29:36","modified_gmt":"2025-04-10T12:29:36","slug":"balean-a-una-joven-de-19-para-robarle-el-celular","status":"publish","type":"post","link":"http:\/\/hoycordobaweb.com\/index.php\/2025\/04\/10\/balean-a-una-joven-de-19-para-robarle-el-celular\/","title":{"rendered":"Balean a una joven de 19 para robarle el celular"},"content":{"rendered":"<div class=\"boldgrid-section\">\n<div class=\"container\">\n<div class=\"row\">\n<div class=\"col-md-12 col-xs-12 col-sm-12\">\n<p class=\"\">En las \u00faltimas horas, desde el sector de calles Doctor Juan F. Cafferata e Igualdad de B\u00b0 Alto Alberdi hasta el Hospital Nacional de Cl\u00ednicas, personal policial traslad\u00f3 en un m\u00f3vil policial a una <strong>joven de 19 a\u00f1os con una herida de arma de fuego en zona intercostal izquierda. <\/strong><\/p>\n<p class=\"\">La joven fue sometida a una intervenci\u00f3n quir\u00fargica, permaneciendo en estado reservado.<\/p>\n<p class=\"\">La v\u00edctima habr\u00eda resultado lesionada en un hecho de robo al ser abordada por al menos un sujeto que le sustrajo un tel\u00e9fono celular y pertenencias.<\/p>\n<p class=\"\">Al lugar del hecho, acudieron el ministro de Seguridad Juan P. Quinteros, el Director General de Seguridad Capital Iv\u00e1n Rey y el Fiscal de Instrucci\u00f3n de Distrito 1 turno 2 Dr. Guillermo Gonz\u00e1lez, quien orden\u00f3 las diligencias correspondientes.<\/p>\n<p>&nbsp;<\/p>\n<div class=\"ubm_banner\"><a href=\"https:\/\/youtu.be\/h2J_ZdbxYVc\" target=\"_blank\" rel=\"dofollow noopener noreferrer\"><img src=\"http:\/\/hoycordobaweb.com\/wp-content\/uploads\/2025\/04\/balean-a-una-joven-de-19-para-robarle-el-celular.gif\" alt=\"\"><\/a><\/div>\n<\/div>\n<\/div>\n<\/div>\n<\/div>\n<p>La entrada <a rel=\"nofollow\" href=\"https:\/\/ladecimaweb.com\/balean-a-una-joven-de-19-para-robarle-el-celular\/\">Balean a una joven de 19 para robarle el celular<\/a> se public\u00f3 primero en <a rel=\"nofollow\" href=\"https:\/\/ladecimaweb.com\">LaDecima<\/a>.<\/p>\n","protected":false},"excerpt":{"rendered":"<p>En las \u00faltimas horas, desde el sector de calles Doctor Juan F. Cafferata e Igualdad de B\u00b0 Alto Alberdi hasta el Hospital Nacional de Cl\u00ednicas, personal policial traslad\u00f3 en un m\u00f3vil policial a una joven de 19 a\u00f1os con una herida de arma de fuego en zona intercostal izquierda. La joven fue sometida a una [&hellip;]<\/p>\n","protected":false},"author":1,"featured_media":0,"comment_status":"closed","ping_status":"closed","sticky":false,"template":"","format":"standard","meta":[],"categories":[32],"tags":[],"_links":{"self":[{"href":"http:\/\/hoycordobaweb.com\/index.php\/wp-json\/wp\/v2\/posts\/102078"}],"collection":[{"href":"http:\/\/hoycordobaweb.com\/index.php\/wp-json\/wp\/v2\/posts"}],"about":[{"href":"http:\/\/hoycordobaweb.com\/index.php\/wp-json\/wp\/v2\/types\/post"}],"author":[{"embeddable":true,"href":"http:\/\/hoycordobaweb.com\/index.php\/wp-json\/wp\/v2\/users\/1"}],"replies":[{"embeddable":true,"href":"http:\/\/hoycordobaweb.com\/index.php\/wp-json\/wp\/v2\/comments?post=102078"}],"version-history":[{"count":0,"href":"http:\/\/hoycordobaweb.com\/index.php\/wp-json\/wp\/v2\/posts\/102078\/revisions"}],"wp:attachment":[{"href":"http:\/\/hoycordobaweb.com\/index.php\/wp-json\/wp\/v2\/media?parent=102078"}],"wp:term":[{"taxonomy":"category","embeddable":true,"href":"http:\/\/hoycordobaweb.com\/index.php\/wp-json\/wp\/v2\/categories?post=102078"},{"taxonomy":"post_tag","embeddable":true,"href":"http:\/\/hoycordobaweb.com\/index.php\/wp-json\/wp\/v2\/tags?post=102078"}],"curies":[{"name":"wp","href":"https:\/\/api.w.org\/{rel}","templated":true}]}}