{"id":102013,"date":"2025-04-13T07:15:02","date_gmt":"2025-04-13T07:15:02","guid":{"rendered":"http:\/\/hoycordobaweb.com\/index.php\/2025\/04\/13\/elecciones-en-santa-fe-ventaja-del-gobernador-y-un-segundo-puesto-fuertemente-disputado\/"},"modified":"2025-04-13T07:15:02","modified_gmt":"2025-04-13T07:15:02","slug":"elecciones-en-santa-fe-ventaja-del-gobernador-y-un-segundo-puesto-fuertemente-disputado","status":"publish","type":"post","link":"http:\/\/hoycordobaweb.com\/index.php\/2025\/04\/13\/elecciones-en-santa-fe-ventaja-del-gobernador-y-un-segundo-puesto-fuertemente-disputado\/","title":{"rendered":"Elecciones en Santa Fe: ventaja del gobernador y un segundo puesto fuertemente disputado"},"content":{"rendered":"<div class=\"media_block\"><\/div>\n<div><img src=\"http:\/\/hoycordobaweb.com\/wp-content\/uploads\/2025\/04\/elecciones-en-santa-fe-ventaja-del-gobernador-y-un-segundo-puesto-fuertemente-disputado.jpg\" class=\"ff-og-image-inserted\"><\/div>\n<p>Hoy, la elecci\u00f3n de convencionales reformadores de Santa Fe puede consolidar el liderazgo de Maximiliano Pullaro y determinar\u00e1 cu\u00e1ntos puntos est\u00e1 en condiciones de cosechar La Libertad Avanza con sello propio. Llega a su primer test sin alianzas y sin el apellido Milei en una boleta, todo un desaf\u00edo.<\/p>\n<p>El gobernador figura como n\u00famero uno de la lista de convencionales de Unidos para Cambiar Santa Fe, un espacio en el que conviven dirigentes del radicalismo y el PRO. De acuerdo con sondeos previos, el mandatario es el principal favorito. \u00bfLa campa\u00f1a? Se bas\u00f3 justamente en no hacer campa\u00f1a. B\u00e1sicamente, la lista comunic\u00f3 por qu\u00e9 es necesario reformar una Constituci\u00f3n intacta desde 1962 y \u201cmuy desactualizada\u201d, con especial hincapi\u00e9 en la posibilidad de que el gobernador pueda acceder a una sola reelecci\u00f3n, hoy vedada. \u201cEl gobernador solo tiene un mandato, arranca como pato rengo\u201d, grafican en el comando del radical que posee chances tambi\u00e9n por la oposici\u00f3n, que llega a esta cita electoral fragmentada, desde el PJ hasta la derecha, pasando por LLA. Por lo cual, est\u00e1 claro qui\u00e9n puede ganar, pero no qui\u00e9n puede finalizar en segundo, tercer o cuarto lugar.<\/p>\n<p>La lista del PJ, por caso, la encabeza Juan Monteverde, que no es peronista y se enfrentar\u00e1 a un armado del senador nacional por el justicialismo Marcelo Lewandowski, quien decidi\u00f3 conformar una n\u00f3mina propia para esta contienda que tiene pron\u00f3stico reservado.<\/p>\n<div class=\"subscription\" readability=\"6.683257918552\">\n<p> Esto no les gusta a los autoritarios <\/p>\n<div class=\"subscription__container\" readability=\"6.1467391304348\">\n<div class=\"subscription__text-wrapper\" readability=\"31.20652173913\">\n<p> El ejercicio del periodismo profesional y cr\u00edtico es un pilar fundamental de la democracia. Por eso molesta a quienes creen ser los due\u00f1os de la verdad. <\/p>\n<\/p><\/div><\/div><\/div>\n<p>En torno a La Libertad Avanza llega a su primer test electoral en el distrito desechando la idea de acuerdos. La decisi\u00f3n corri\u00f3 por cuenta de la armadora principal del espacio, Karina Milei, secretaria general de la Presidencia, y prevaleci\u00f3 entre otras opciones, como la de tejer un entendimiento con Amalia Granata.<\/p>\n<p>En torno a los nombres para encabezar la boleta violeta de los convencionales, se impuso, por sinton\u00eda con la Casa Rosada y con Karina, el del diputado nacional Nicol\u00e1s Mayoraz, quien ante PERFIL destaca el trabajo que se realiz\u00f3 a lo largo de toda la campa\u00f1a y la \u201crespuesta de la gente\u201d.<\/p>\n<p>\u201cHay que terminar con la casta pol\u00edtica que Pullaro se resiste a eliminar, el Senado (nosotros proponemos la unicameralidad), bajar impuestos, reducir el costo de los gastos y mano dura con los delincuentes\u201d, son los lemas del legislador que repiti\u00f3 durante la campa\u00f1a con un agregado: asevera que la seguridad no debe ser producto de la gesti\u00f3n de los gobiernos de turno, sino de \u201cun derecho constitucional\u201d.<\/p>\n<p>En LLA, la confianza de realizar una buena performance se basa en que en la \u00faltima elecci\u00f3n a gobernador, de 2023, al no presentar una propuesta electoral (de hecho, el espacio libertario no ten\u00eda partido constituido), mucha gente de simpat\u00eda con Javier Milei no termin\u00f3 votando o emiti\u00f3 su sufragio a favor del postulante de la UCR.<\/p>\n<p>En el partido libertario hay interrogantes en cuanto a qu\u00e9 porcentaje de votos se pueden cosechar. Cerca de Karina Milei se ilusionan con alcanzar los 25 puntos y terminar cerca de Pullaro, una posici\u00f3n ya de por s\u00ed considerable.<\/p>\n<p>Aunque hay otras voces que tratan de bajar expectativas al tener un escenario totalmente atomizado y con m\u00faltiples opciones. Un cuarto o quinto lugar dejar\u00eda sabor a poco y demostrar\u00eda que LLA sin el nombre de Javier Milei en una lista no tiene poder de fuego.<\/p>\n","protected":false},"excerpt":{"rendered":"<p>Hoy, la elecci\u00f3n de convencionales reformadores de Santa Fe puede consolidar el liderazgo de Maximiliano Pullaro y determinar\u00e1 cu\u00e1ntos puntos est\u00e1 en condiciones de cosechar La Libertad Avanza con sello propio. Llega a su primer test sin alianzas y sin el apellido Milei en una boleta, todo un desaf\u00edo. El gobernador figura como n\u00famero uno [&hellip;]<\/p>\n","protected":false},"author":1,"featured_media":102014,"comment_status":"closed","ping_status":"closed","sticky":false,"template":"","format":"standard","meta":[],"categories":[19],"tags":[],"_links":{"self":[{"href":"http:\/\/hoycordobaweb.com\/index.php\/wp-json\/wp\/v2\/posts\/102013"}],"collection":[{"href":"http:\/\/hoycordobaweb.com\/index.php\/wp-json\/wp\/v2\/posts"}],"about":[{"href":"http:\/\/hoycordobaweb.com\/index.php\/wp-json\/wp\/v2\/types\/post"}],"author":[{"embeddable":true,"href":"http:\/\/hoycordobaweb.com\/index.php\/wp-json\/wp\/v2\/users\/1"}],"replies":[{"embeddable":true,"href":"http:\/\/hoycordobaweb.com\/index.php\/wp-json\/wp\/v2\/comments?post=102013"}],"version-history":[{"count":0,"href":"http:\/\/hoycordobaweb.com\/index.php\/wp-json\/wp\/v2\/posts\/102013\/revisions"}],"wp:featuredmedia":[{"embeddable":true,"href":"http:\/\/hoycordobaweb.com\/index.php\/wp-json\/wp\/v2\/media\/102014"}],"wp:attachment":[{"href":"http:\/\/hoycordobaweb.com\/index.php\/wp-json\/wp\/v2\/media?parent=102013"}],"wp:term":[{"taxonomy":"category","embeddable":true,"href":"http:\/\/hoycordobaweb.com\/index.php\/wp-json\/wp\/v2\/categories?post=102013"},{"taxonomy":"post_tag","embeddable":true,"href":"http:\/\/hoycordobaweb.com\/index.php\/wp-json\/wp\/v2\/tags?post=102013"}],"curies":[{"name":"wp","href":"https:\/\/api.w.org\/{rel}","templated":true}]}}