{"id":101999,"date":"2025-04-12T15:09:57","date_gmt":"2025-04-12T15:09:57","guid":{"rendered":"https:\/\/www.ole.com.ar\/futbol-internacional\/america\/jorge-jesus-brasil-seleccion-tecnico_0_ZqVEIoCq1A.html"},"modified":"2025-04-12T15:09:57","modified_gmt":"2025-04-12T15:09:57","slug":"jorge-jesus-esquivo-publicamente-la-posibilidad-de-dirigir-a-brasil","status":"publish","type":"post","link":"http:\/\/hoycordobaweb.com\/index.php\/2025\/04\/12\/jorge-jesus-esquivo-publicamente-la-posibilidad-de-dirigir-a-brasil\/","title":{"rendered":"Jorge Jes\u00fas esquiv\u00f3 p\u00fablicamente la posibilidad de dirigir a Brasil"},"content":{"rendered":"<p><img src=\"http:\/\/hoycordobaweb.com\/wp-content\/uploads\/2025\/04\/jorge-jesus-esquivo-publicamente-la-posibilidad-de-dirigir-a-brasil.jpg\"><\/p>\n<p><time class=\"createDate\" datetime=\"2025-04-12T12:09:57-03:00\">12\/04\/2025 12:09hs.<\/time><\/p>\n<div id=\"storyBody\">\n<div class=\"custom-text \" readability=\"36.472222222222\">\n<p><strong><a href=\"https:\/\/www.ole.com.ar\/tema\/jorge-jesus.html\" target=\"_blank\" title=\"Jorge Jes\u00fas\" alt=\"Jorge Jes\u00fas\" rel=\"noopener noreferrer\">Jorge Jes\u00fas<\/a><\/strong> es el principal apuntado por la <strong><a href=\"https:\/\/www.ole.com.ar\/tema\/confederacion-brasilena-de-futbol.html\" target=\"_blank\" title=\"CBF\" alt=\"CBF\" rel=\"noopener noreferrer\">CBF<\/a> <\/strong>para convertirse en el nuevo entrenador de <strong><a href=\"https:\/\/www.ole.com.ar\/tema\/brasil.html\" target=\"_blank\" title=\"Brasil\" alt=\"Brasil\" rel=\"noopener noreferrer\">Brasil<\/a><\/strong>. De hecho, seg\u00fan indicaron varios medios locales, ambas partes llegaron a un acuerdo de palabra. Sin embargo, en las \u00faltimas horas, el t\u00e9cnico esquiv\u00f3 p\u00fablicamente la posibilidad de sentarse en el banco y caus\u00f3 revuelo.<\/p>\n<\/div>\n<div class=\"custom-text \" readability=\"38\">\n<p>\u00abNo me pasa nada, no s\u00e9 nada, no voy a entrar en detalles\u00bb, asegur\u00f3 en conferencia de prensa luego de empatar 1-1 contra el <strong>Al Ettifaq<\/strong>.<strong> <\/strong>Segundos despu\u00e9s, lanz\u00f3: \u00ab<strong>No puedo hablar de cosas que no me incumben<\/strong>\u00ab.<\/p>\n<\/div>\n<div class=\"custom-text \" readability=\"38\">\n<p>Ante la insistencia que mostraron los periodistas de Arabia Saudita con respecto a los rumores que lo vinculan con la Canarinha, el entrenador sentenci\u00f3: \u00abRespeto su opini\u00f3n, pero eso no significa que sea cierta. <strong>No hablo de un tema que ya no puedo controlar<\/strong>, hablo del juego. No respondo a nada que no tenga que ver con el juego\u00bb.<\/p>\n<\/div>\n<div class=\"sc-e7b891c4-0 ifHnQL image-embed\"><img alt=\"Jorge Jes\u00fas en Al Hilal. (REUTER)\" loading=\"lazy\" width=\"720\" height=\"100\" decoding=\"async\" data-nimg=\"1\" src=\"http:\/\/hoycordobaweb.com\/wp-content\/uploads\/2025\/04\/jorge-jesus-esquivo-publicamente-la-posibilidad-de-dirigir-a-brasil-2.jpg\"><span class=\"epigraphe\">Jorge Jes\u00fas en Al Hilal. (REUTER)<\/span><\/div>\n<p><h2>El presente de Jorge Jes\u00fas en Arabia Saudita: cu\u00e1les son sus n\u00fameros y hasta cu\u00e1ndo tiene contrato<\/h2>\n<\/p>\n<div class=\"custom-text \" readability=\"36.010033444816\">\n<p>Jorge Jes\u00fas tom\u00f3 las riendas del <strong><a href=\"https:\/\/www.ole.com.ar\/tema\/al-hilal.html\" target=\"_blank\" title=\"Al Hilal\" alt=\"Al Hilal\" rel=\"noopener noreferrer\">Al Hilal<\/a><\/strong> a mediados de 2023 y acumula buenos n\u00fameros en su haber. Desde entonces, el portugu\u00e9s dirigi\u00f3 95 partidos de los cuales gan\u00f3 78, empat\u00f3 nueve y solo perdi\u00f3 ocho. Por lo tanto, su buen rendimiento le permiti\u00f3 renovar su contrato hasta junio de 2026.<\/p>\n<\/div>\n<p><h2>C\u00f3mo le fue a Jorge Jes\u00fas a lo largo de su carrera<\/h2>\n<\/p>\n<div class=\"custom-text \" readability=\"36\">\n<p>La experiencia de <strong>Jorge Jes\u00fas<\/strong> como entrenador es amplia. De hecho, su camino comenz\u00f3 en 1989, momento en el que se sent\u00f3 en el banco del <strong>Amora <\/strong>FC, un equipo de Portugal.<\/p>\n<\/div>\n<div class=\"custom-text \" readability=\"40\">\n<p>Con el correr de los a\u00f1os, tambi\u00e9n lleg\u00f3 a dirigir clubes del calibre del <strong>Benfica <\/strong>y el <strong>Sporting Lisboa<\/strong>. No obstante, su mejor versi\u00f3n la mostr\u00f3 en <strong>Flamengo<\/strong>, donde permaneci\u00f3 403 d\u00edas en el cargo, gan\u00f3 43 de 57 partidos y le quit\u00f3 a <strong>River <\/strong>la posibilidad de ser bicampe\u00f3n de Am\u00e9rica en la Libertadores 2019. Como si fuera poco, tambi\u00e9n se coron\u00f3 en otras cuatro instancias.<\/p>\n<\/div>\n<div class=\"sc-e7b891c4-0 ifHnQL image-embed\"><img alt=\"Jorge Jes\u00fas. (AFP)\" loading=\"lazy\" width=\"720\" height=\"100\" decoding=\"async\" data-nimg=\"1\" src=\"http:\/\/hoycordobaweb.com\/wp-content\/uploads\/2025\/04\/jorge-jesus-esquivo-publicamente-la-posibilidad-de-dirigir-a-brasil-3.jpg\"><span class=\"epigraphe\">Jorge Jes\u00fas. (AFP)<\/span><\/div>\n<p><h2>Qu\u00e9 partidos tendr\u00eda que dirigir Jorge Jes\u00fas en caso de asumir en Brasil<\/h2>\n<\/p>\n<div class=\"custom-text \" readability=\"34\">\n<p>Si eventualmente se concretara su llegada, <strong>Jorge Jes\u00fas<\/strong> tendr\u00eda sus dos primeros compromisos como entrenador de <strong>Brasil <\/strong>en la doble fecha de Eliminatorias Sudamericanas de junio.<\/p>\n<\/div>\n<div class=\"custom-text \" readability=\"37\">\n<p>Aunque no tiene asegurada la clasificaci\u00f3n al Mundial 2026, la Verdeamarela est\u00e1 cuarta en la tabla de posiciones con 21 puntos en 14 partidos disputados. Por lo tanto, en caso de ganarle a <strong>Ecuador <\/strong>de visitante y <strong>Paraguay <\/strong>de local, se acercar\u00e1 matem\u00e1ticamente al objetivo.<\/p>\n<\/div>\n<div class=\"sc-a7166897-0 eoLsBE\" readability=\"7\">\n<section readability=\"4\"><picture><img alt=\"Con el Dibu, el Aston Villa gole\u00f3 al Southampton en un partido clave antes de la vuelta con el PSG\" loading=\"lazy\" width=\"290\" height=\"290\" decoding=\"async\" data-nimg=\"1\" src=\"http:\/\/hoycordobaweb.com\/wp-content\/uploads\/2025\/04\/jorge-jesus-esquivo-publicamente-la-posibilidad-de-dirigir-a-brasil-4.jpg\"><\/picture>\n<p><span>Mir\u00e1 tambi\u00e9n<\/span><\/p>\n<hr>\n<h3>Con el Dibu, el Aston Villa gole\u00f3 al Southampton en un partido clave antes de la vuelta con el PSG<\/h3>\n<\/p>\n<\/section>\n<\/div>\n<div class=\"sc-a7166897-0 eoLsBE\" readability=\"7\">\n<section readability=\"4\"><picture><img alt=\"La famosa cantante argentina con la que posaron Juli\u00e1n \u00c1lvarez, Nahuel Molina y Giuliano Simeone\" loading=\"lazy\" width=\"290\" height=\"290\" decoding=\"async\" data-nimg=\"1\" src=\"http:\/\/hoycordobaweb.com\/wp-content\/uploads\/2025\/04\/jorge-jesus-esquivo-publicamente-la-posibilidad-de-dirigir-a-brasil-5.jpg\"><\/picture>\n<p><span>Mir\u00e1 tambi\u00e9n<\/span><\/p>\n<hr>\n<h3>La famosa cantante argentina con la que posaron Juli\u00e1n \u00c1lvarez, Nahuel Molina y Giuliano Simeone<\/h3>\n<\/p>\n<\/section>\n<\/div>\n<div class=\"sc-a7166897-0 eoLsBE\" readability=\"6.5\">\n<section readability=\"3\"><picture><img alt=\"Manchester City reaccion\u00f3 a tiempo y no perdon\u00f3: lo dio vuelta y aplast\u00f3 al Crystal Palace\" loading=\"lazy\" width=\"290\" height=\"290\" decoding=\"async\" data-nimg=\"1\" src=\"http:\/\/hoycordobaweb.com\/wp-content\/uploads\/2025\/04\/jorge-jesus-esquivo-publicamente-la-posibilidad-de-dirigir-a-brasil-6.jpg\"><\/picture>\n<p><span>Mir\u00e1 tambi\u00e9n<\/span><\/p>\n<hr>\n<h3>Manchester City reaccion\u00f3 a tiempo y no perdon\u00f3: lo dio vuelta y aplast\u00f3 al Crystal Palace<\/h3>\n<\/p>\n<\/section>\n<\/div>\n<\/div>\n","protected":false},"excerpt":{"rendered":"<p>12\/04\/2025 12:09hs. Jorge Jes\u00fas es el principal apuntado por la CBF para convertirse en el nuevo entrenador de Brasil. De hecho, seg\u00fan indicaron varios medios locales, ambas partes llegaron a un acuerdo de palabra. Sin embargo, en las \u00faltimas horas, el t\u00e9cnico esquiv\u00f3 p\u00fablicamente la posibilidad de sentarse en el banco y caus\u00f3 revuelo. \u00abNo [&hellip;]<\/p>\n","protected":false},"author":1,"featured_media":102000,"comment_status":"open","ping_status":"closed","sticky":false,"template":"","format":"standard","meta":[],"categories":[16],"tags":[],"_links":{"self":[{"href":"http:\/\/hoycordobaweb.com\/index.php\/wp-json\/wp\/v2\/posts\/101999"}],"collection":[{"href":"http:\/\/hoycordobaweb.com\/index.php\/wp-json\/wp\/v2\/posts"}],"about":[{"href":"http:\/\/hoycordobaweb.com\/index.php\/wp-json\/wp\/v2\/types\/post"}],"author":[{"embeddable":true,"href":"http:\/\/hoycordobaweb.com\/index.php\/wp-json\/wp\/v2\/users\/1"}],"replies":[{"embeddable":true,"href":"http:\/\/hoycordobaweb.com\/index.php\/wp-json\/wp\/v2\/comments?post=101999"}],"version-history":[{"count":0,"href":"http:\/\/hoycordobaweb.com\/index.php\/wp-json\/wp\/v2\/posts\/101999\/revisions"}],"wp:featuredmedia":[{"embeddable":true,"href":"http:\/\/hoycordobaweb.com\/index.php\/wp-json\/wp\/v2\/media\/102000"}],"wp:attachment":[{"href":"http:\/\/hoycordobaweb.com\/index.php\/wp-json\/wp\/v2\/media?parent=101999"}],"wp:term":[{"taxonomy":"category","embeddable":true,"href":"http:\/\/hoycordobaweb.com\/index.php\/wp-json\/wp\/v2\/categories?post=101999"},{"taxonomy":"post_tag","embeddable":true,"href":"http:\/\/hoycordobaweb.com\/index.php\/wp-json\/wp\/v2\/tags?post=101999"}],"curies":[{"name":"wp","href":"https:\/\/api.w.org\/{rel}","templated":true}]}}