{"id":101991,"date":"2025-04-12T16:10:52","date_gmt":"2025-04-12T16:10:52","guid":{"rendered":"https:\/\/www.ole.com.ar\/futbol-internacional\/historico-bolivia-clasifico-mundial-despues-31-anos_0_vQvKczznw7.html"},"modified":"2025-04-12T16:10:52","modified_gmt":"2025-04-12T16:10:52","slug":"historico-bolivia-se-clasifico-a-un-mundial-despues-de-31-anos","status":"publish","type":"post","link":"http:\/\/hoycordobaweb.com\/index.php\/2025\/04\/12\/historico-bolivia-se-clasifico-a-un-mundial-despues-de-31-anos\/","title":{"rendered":"Hist\u00f3rico: Bolivia se clasific\u00f3 a un Mundial despu\u00e9s de 31 a\u00f1os"},"content":{"rendered":"<p><img src=\"http:\/\/hoycordobaweb.com\/wp-content\/uploads\/2025\/04\/historico-bolivia-se-clasifico-a-un-mundial-despues-de-31-anos.jpg\"><\/p>\n<p><span class=\"createDate\">12\/04\/2025 13:10hs.<\/span><time class=\"modificatedDate\" datetime=\"2025-04-12T13:32:37-03:00\"> Actualizado al 12\/04\/2025 13:32hs.<\/time><\/p>\n<div id=\"storyBody\">\n<div class=\"custom-text \" readability=\"40\">\n<p>El f\u00fatbol boliviano vivi\u00f3 una jornada hist\u00f3rica en Colombia, donde este viernes su<strong> selecci\u00f3n Sub 17 <\/strong>venci\u00f3 1-0 a Ecuador, en el partido por el s\u00e9ptimo puesto del Sudamericano, y se clasific\u00f3 a<strong>l Mundial de Qatar 2025<\/strong>. De esta manera, Bolivia volver\u00e1 a disputar una Copa del Mundo,<strong> algo que no pasaba desde Estados Unidos 1994<\/strong>.<\/p>\n<\/div>\n<div class=\"custom-text \" readability=\"47\">\n<p><strong>Santos Garc\u00eda<\/strong>, delantero del Bolivar, fue el encargado de asegurarle el boleto a Bolivia, que se sum\u00f3 a <strong>Colombia, Brasil, Venezuela, Chile, Argentina y Paraguay<\/strong>, que ya se hab\u00edan clasificado previamente al certamen que se disputar\u00e1 del 5 al 27 de noviembre, en un pa\u00eds muy especial para los Argentinos, donde la Selecci\u00f3n, de la mano de Lionel Messi, se consagr\u00f3 campeona en 2022. <\/p>\n<\/div>\n<div class=\"custom-embedhtml\" readability=\"6.020979020979\">\n<blockquote class=\"twitter-tweet\" readability=\"6.020979020979\">\n<p lang=\"es\" dir=\"ltr\">\u00a1Rumbo al Mundial y lo viste por Tigo Sports! \ud83d\udd35\ud83d\udfe1 Bolivia \ud83c\udde7\ud83c\uddf4 venci\u00f3 a Ecuador\ud83c\uddea\ud83c\udde8 en el Sudamericano Conmebol Sub 17 lo que le permiti\u00f3 clasificar a un Mundial juvenil luego de 39 a\u00f1os. <a href=\"https:\/\/t.co\/Qa1bTfTr6f\">pic.twitter.com\/Qa1bTfTr6f<\/a><\/p>\n<p>\u2014 Tigo Sports Bolivia (@TigoSportsBol) <a href=\"https:\/\/twitter.com\/TigoSportsBol\/status\/1910844246350868717?ref_src=twsrc%5Etfw\">April 11, 2025<\/a><\/p><\/blockquote><\/div>\n<div class=\"custom-text \" readability=\"41\">\n<p>Para Bolivia, esta ser\u00e1 su tercera participaci\u00f3n en un certamen Sub 17,<strong> luego de China 1985 y Canad\u00e1 1987. <\/strong>En esta \u00faltima edici\u00f3n<strong>, <\/strong>se<strong> <\/strong>clasific\u00f3 tras coronarse campe\u00f3n del Torneo Sudamericano 1986, algo que a\u00fan se recuerda como una de las grandes haza\u00f1as de las selecciones juveniles bolivianas. En ninguna de las dos ediciones, que en aquel momento eran Sub 16, pudo superar la primera ronda.<\/p>\n<\/div>\n<div class=\"sc-e7b891c4-0 ifHnQL image-embed\"><img alt=\"La selecci\u00f3n Sub 17 de Bolivia se clasific\u00f3 al Mundial de Qatar 2025.\" loading=\"lazy\" width=\"720\" height=\"100\" decoding=\"async\" data-nimg=\"1\" src=\"http:\/\/hoycordobaweb.com\/wp-content\/uploads\/2025\/04\/historico-bolivia-se-clasifico-a-un-mundial-despues-de-31-anos-2.jpg\"><span class=\"epigraphe\">La selecci\u00f3n Sub 17 de Bolivia se clasific\u00f3 al Mundial de Qatar 2025.<\/span><\/div>\n<div class=\"custom-text \" readability=\"38\">\n<p>Sin embargo, a nivel general,<strong> su \u00faltima participaci\u00f3n en un Mundial fue en Estados Unidos 1994, <\/strong>donde tambi\u00e9n qued\u00f3 eliminada en primera ronda, tras caer ante Alemania (1-0) y Espa\u00f1a (3-1) y empatar con Corea del Sur (0-0). <\/p>\n<\/div>\n<div class=\"sc-e7b891c4-0 ifHnQL image-embed\"><img alt=\"La selecci\u00f3n Sub 17 de Bolivia se clasific\u00f3 al Mundial de Qatar 2025. Fotos: La Verde - FBF\" loading=\"lazy\" width=\"720\" height=\"100\" decoding=\"async\" data-nimg=\"1\" src=\"http:\/\/hoycordobaweb.com\/wp-content\/uploads\/2025\/04\/historico-bolivia-se-clasifico-a-un-mundial-despues-de-31-anos-3.jpg\"><span class=\"epigraphe\">La selecci\u00f3n Sub 17 de Bolivia se clasific\u00f3 al Mundial de Qatar 2025. Fotos: La Verde &#8211; FBF<\/span><\/div>\n<div class=\"sc-e7b891c4-0 ifHnQL image-embed\"><img alt=\"La selecci\u00f3n Sub 17 de Bolivia se clasific\u00f3 al Mundial de Qatar 2025. Fotos: La Verde - FBF\" loading=\"lazy\" width=\"720\" height=\"100\" decoding=\"async\" data-nimg=\"1\" src=\"http:\/\/hoycordobaweb.com\/wp-content\/uploads\/2025\/04\/historico-bolivia-se-clasifico-a-un-mundial-despues-de-31-anos-4.jpg\"><span class=\"epigraphe\">La selecci\u00f3n Sub 17 de Bolivia se clasific\u00f3 al Mundial de Qatar 2025. Fotos: La Verde &#8211; FBF<\/span><\/div>\n<div class=\"sc-e7b891c4-0 ifHnQL image-embed\"><img alt=\"La selecci\u00f3n Sub 17 de Bolivia se clasific\u00f3 al Mundial de Qatar 2025. Fotos: La Verde - FBF\" loading=\"lazy\" width=\"720\" height=\"100\" decoding=\"async\" data-nimg=\"1\" src=\"http:\/\/hoycordobaweb.com\/wp-content\/uploads\/2025\/04\/historico-bolivia-se-clasifico-a-un-mundial-despues-de-31-anos-5.jpg\"><span class=\"epigraphe\">La selecci\u00f3n Sub 17 de Bolivia se clasific\u00f3 al Mundial de Qatar 2025. Fotos: La Verde &#8211; FBF<\/span><\/div>\n<div class=\"sc-e7b891c4-0 ifHnQL image-embed\"><img alt=\"La selecci\u00f3n Sub 17 de Bolivia se clasific\u00f3 al Mundial de Qatar 2025. Fotos: La Verde - FBF\" loading=\"lazy\" width=\"720\" height=\"100\" decoding=\"async\" data-nimg=\"1\" src=\"http:\/\/hoycordobaweb.com\/wp-content\/uploads\/2025\/04\/historico-bolivia-se-clasifico-a-un-mundial-despues-de-31-anos-6.jpg\"><span class=\"epigraphe\">La selecci\u00f3n Sub 17 de Bolivia se clasific\u00f3 al Mundial de Qatar 2025. Fotos: La Verde &#8211; FBF<\/span><\/div>\n<p><h2><strong>El f\u00fatbol argentino, presente en la hist\u00f3rica clasificaci\u00f3n de Bolivia<\/strong><\/h2>\n<\/p>\n<div class=\"custom-text \" readability=\"38\">\n<p>Dentro del plantel dirigido por el argentino Jorge Perrotta, hay cinco futbolistas del f\u00fatbol argentino: <strong>Fabi\u00e1n Borda (Atl\u00e9tico Tucum\u00e1n), Ray Thomas Pe\u00f1a (Racing), Tob\u00edas Zurita (Platense), Denis Joel Quichu (Godoy Cruz) y Cristopher Nova (Temperley). <\/strong><\/p>\n<\/div>\n<div class=\"custom-embedhtml\" readability=\"7.1374663072776\">\n<blockquote class=\"twitter-tweet\" readability=\"8.0296495956873\">\n<p lang=\"es\" dir=\"ltr\">\ud83c\udfc6\ud83c\udde7\ud83c\uddf4 La Sub-17 de Bolivia logr\u00f3 CLASIFICAR luego de \u00a138 A\u00d1OS! al Mundial con 5 jugadores del f\u00fatbol argentino<\/p>\n<p>\u279f Fabi\u00e1n Borda &#8211; Atl\u00e9tico Tucum\u00e1n <br \/>\u279f Ray Thomas Pe\u00f1a &#8211; Racing<br \/>\u279f Tob\u00edas Zurita &#8211; Platense<br \/>\u279f Denis Joel Quichu &#8211; Godoy Cruz<br \/>\u279f Cristopher Nova &#8211; Temperley <a href=\"https:\/\/t.co\/3SrRBh8iUZ\">pic.twitter.com\/3SrRBh8iUZ<\/a><\/p>\n<p>\u2014 Historias de Inferiores (@HisDeInferiores) <a href=\"https:\/\/twitter.com\/HisDeInferiores\/status\/1910851906357834234?ref_src=twsrc%5Etfw\">April 12, 2025<\/a><\/p><\/blockquote><\/div>\n<div class=\"sc-a7166897-0 eoLsBE\" readability=\"6\">\n<section readability=\"2\"><picture><img alt=\"Argentina perdi\u00f3 por penales con Paraguay y termin\u00f3 sexto\" loading=\"lazy\" width=\"290\" height=\"290\" decoding=\"async\" data-nimg=\"1\" src=\"http:\/\/hoycordobaweb.com\/wp-content\/uploads\/2025\/04\/historico-bolivia-se-clasifico-a-un-mundial-despues-de-31-anos-7.jpg\"><\/picture>\n<p><span>Mir\u00e1 tambi\u00e9n<\/span><\/p>\n<hr>\n<h3>Argentina perdi\u00f3 por penales con Paraguay y termin\u00f3 sexto<\/h3>\n<\/p>\n<\/section>\n<\/div>\n<div class=\"sc-a7166897-0 eoLsBE\" readability=\"6\">\n<section readability=\"2\"><picture><img alt=\"Selecci\u00f3n Sub 17: no s\u00f3lo se aprende en el triunfo\" loading=\"lazy\" width=\"290\" height=\"290\" decoding=\"async\" data-nimg=\"1\" src=\"http:\/\/hoycordobaweb.com\/wp-content\/uploads\/2025\/04\/historico-bolivia-se-clasifico-a-un-mundial-despues-de-31-anos-8.jpg\"><\/picture>\n<p><span>Mir\u00e1 tambi\u00e9n<\/span><\/p>\n<hr>\n<h3>Selecci\u00f3n Sub 17: no s\u00f3lo se aprende en el triunfo<\/h3>\n<\/p>\n<\/section>\n<\/div>\n<div class=\"sc-a7166897-0 eoLsBE\" readability=\"6.5\">\n<section readability=\"3\"><picture><img alt=\"Para el olvido: Ecuador perdi\u00f3 con Bolivia y se qued\u00f3 sin clasificaci\u00f3n al Mundial Sub 17\" loading=\"lazy\" width=\"290\" height=\"290\" decoding=\"async\" data-nimg=\"1\" src=\"http:\/\/hoycordobaweb.com\/wp-content\/uploads\/2025\/04\/historico-bolivia-se-clasifico-a-un-mundial-despues-de-31-anos-9.jpg\"><\/picture>\n<p><span>Mir\u00e1 tambi\u00e9n<\/span><\/p>\n<hr>\n<h3>Para el olvido: Ecuador perdi\u00f3 con Bolivia y se qued\u00f3 sin clasificaci\u00f3n al Mundial Sub 17<\/h3>\n<\/p>\n<\/section>\n<\/div>\n<\/div>\n","protected":false},"excerpt":{"rendered":"<p>12\/04\/2025 13:10hs. Actualizado al 12\/04\/2025 13:32hs. El f\u00fatbol boliviano vivi\u00f3 una jornada hist\u00f3rica en Colombia, donde este viernes su selecci\u00f3n Sub 17 venci\u00f3 1-0 a Ecuador, en el partido por el s\u00e9ptimo puesto del Sudamericano, y se clasific\u00f3 al Mundial de Qatar 2025. De esta manera, Bolivia volver\u00e1 a disputar una Copa del Mundo, algo [&hellip;]<\/p>\n","protected":false},"author":1,"featured_media":101992,"comment_status":"open","ping_status":"closed","sticky":false,"template":"","format":"standard","meta":[],"categories":[16],"tags":[],"_links":{"self":[{"href":"http:\/\/hoycordobaweb.com\/index.php\/wp-json\/wp\/v2\/posts\/101991"}],"collection":[{"href":"http:\/\/hoycordobaweb.com\/index.php\/wp-json\/wp\/v2\/posts"}],"about":[{"href":"http:\/\/hoycordobaweb.com\/index.php\/wp-json\/wp\/v2\/types\/post"}],"author":[{"embeddable":true,"href":"http:\/\/hoycordobaweb.com\/index.php\/wp-json\/wp\/v2\/users\/1"}],"replies":[{"embeddable":true,"href":"http:\/\/hoycordobaweb.com\/index.php\/wp-json\/wp\/v2\/comments?post=101991"}],"version-history":[{"count":0,"href":"http:\/\/hoycordobaweb.com\/index.php\/wp-json\/wp\/v2\/posts\/101991\/revisions"}],"wp:featuredmedia":[{"embeddable":true,"href":"http:\/\/hoycordobaweb.com\/index.php\/wp-json\/wp\/v2\/media\/101992"}],"wp:attachment":[{"href":"http:\/\/hoycordobaweb.com\/index.php\/wp-json\/wp\/v2\/media?parent=101991"}],"wp:term":[{"taxonomy":"category","embeddable":true,"href":"http:\/\/hoycordobaweb.com\/index.php\/wp-json\/wp\/v2\/categories?post=101991"},{"taxonomy":"post_tag","embeddable":true,"href":"http:\/\/hoycordobaweb.com\/index.php\/wp-json\/wp\/v2\/tags?post=101991"}],"curies":[{"name":"wp","href":"https:\/\/api.w.org\/{rel}","templated":true}]}}