{"id":101984,"date":"2025-04-12T15:45:44","date_gmt":"2025-04-12T15:45:44","guid":{"rendered":"http:\/\/hoycordobaweb.com\/index.php\/2025\/04\/12\/menotti-el-hombre-que-sento-las-bases-de-la-seleccion-argentina-moderna-la-nacion\/"},"modified":"2025-04-12T15:45:44","modified_gmt":"2025-04-12T15:45:44","slug":"menotti-el-hombre-que-sento-las-bases-de-la-seleccion-argentina-moderna-la-nacion","status":"publish","type":"post","link":"http:\/\/hoycordobaweb.com\/index.php\/2025\/04\/12\/menotti-el-hombre-que-sento-las-bases-de-la-seleccion-argentina-moderna-la-nacion\/","title":{"rendered":"Menotti, el hombre que sent\u00f3 las bases de la selecci\u00f3n <b>argentina<\/b> moderna &#8211; La Naci\u00f3n"},"content":{"rendered":"<p>C\u00e9sar Luis Menotti, el Flaco, ten\u00eda 32 a\u00f1os cuando, a comienzos de los &#39;70, en una cena con amigos, anunci\u00f3 su plan para \u201csalvar\u201d el <b>f\u00fatbol argentino<\/b>. <\/p>\n","protected":false},"excerpt":{"rendered":"<p>C\u00e9sar Luis Menotti, el Flaco, ten\u00eda 32 a\u00f1os cuando, a comienzos de los &#39;70, en una cena con amigos, anunci\u00f3 su plan para \u201csalvar\u201d el f\u00fatbol argentino.<\/p>\n","protected":false},"author":1,"featured_media":0,"comment_status":"closed","ping_status":"closed","sticky":false,"template":"","format":"standard","meta":[],"categories":[22],"tags":[],"_links":{"self":[{"href":"http:\/\/hoycordobaweb.com\/index.php\/wp-json\/wp\/v2\/posts\/101984"}],"collection":[{"href":"http:\/\/hoycordobaweb.com\/index.php\/wp-json\/wp\/v2\/posts"}],"about":[{"href":"http:\/\/hoycordobaweb.com\/index.php\/wp-json\/wp\/v2\/types\/post"}],"author":[{"embeddable":true,"href":"http:\/\/hoycordobaweb.com\/index.php\/wp-json\/wp\/v2\/users\/1"}],"replies":[{"embeddable":true,"href":"http:\/\/hoycordobaweb.com\/index.php\/wp-json\/wp\/v2\/comments?post=101984"}],"version-history":[{"count":0,"href":"http:\/\/hoycordobaweb.com\/index.php\/wp-json\/wp\/v2\/posts\/101984\/revisions"}],"wp:attachment":[{"href":"http:\/\/hoycordobaweb.com\/index.php\/wp-json\/wp\/v2\/media?parent=101984"}],"wp:term":[{"taxonomy":"category","embeddable":true,"href":"http:\/\/hoycordobaweb.com\/index.php\/wp-json\/wp\/v2\/categories?post=101984"},{"taxonomy":"post_tag","embeddable":true,"href":"http:\/\/hoycordobaweb.com\/index.php\/wp-json\/wp\/v2\/tags?post=101984"}],"curies":[{"name":"wp","href":"https:\/\/api.w.org\/{rel}","templated":true}]}}