{"id":101905,"date":"2025-04-11T15:32:36","date_gmt":"2025-04-11T15:32:36","guid":{"rendered":"https:\/\/www.ole.com.ar\/informacion-general\/dimitri-payet-denuncia-abuso-vasco-da-gama-lanus_0_z6Rf4ka8uL.html"},"modified":"2025-04-11T15:32:36","modified_gmt":"2025-04-11T15:32:36","slug":"la-estrella-extranjera-que-sera-rival-de-lanus-en-la-copa-sudamericana-y-fue-denunciada-por-violencia-sexual-en-brasil","status":"publish","type":"post","link":"http:\/\/hoycordobaweb.com\/index.php\/2025\/04\/11\/la-estrella-extranjera-que-sera-rival-de-lanus-en-la-copa-sudamericana-y-fue-denunciada-por-violencia-sexual-en-brasil\/","title":{"rendered":"La estrella extranjera que ser\u00e1 rival de Lan\u00fas en la Copa Sudamericana y fue denunciada por violencia sexual en Brasil"},"content":{"rendered":"<p><img src=\"http:\/\/hoycordobaweb.com\/wp-content\/uploads\/2025\/04\/la-estrella-extranjera-que-sera-rival-de-lanus-en-la-copa-sudamericana-y-fue-denunciada-por-violencia-sexual-en-brasil.jpg\"><\/p>\n<p><span class=\"createDate\">11\/04\/2025 12:32hs.<\/span><time class=\"modificatedDate\" datetime=\"2025-04-11T12:34:50-03:00\"> Actualizado al 11\/04\/2025 12:34hs.<\/time><\/p>\n<div id=\"storyBody\">\n<div class=\"custom-text \" readability=\"33.148936170213\">\n<p>Es franc\u00e9s, lleg\u00f3 al <strong><a href=\"https:\/\/www.ole.com.ar\/tema\/vasco-da-gama.html\" target=\"_blank\" title=\"Vasco da Gama\" alt=\"Vasco da Gama\" rel=\"noopener noreferrer\">Vasco da Gama<\/a><\/strong> a mediados de 2023, disput\u00f3 78 partidos y ser\u00e1 rival de <strong><a href=\"https:\/\/www.ole.com.ar\/lanus\" target=\"_blank\" title=\"Lan\u00fas\" alt=\"Lan\u00fas\" rel=\"noopener noreferrer\">Lan\u00fas<\/a> <\/strong>en la fase de grupos de la <strong><a href=\"https:\/\/www.ole.com.ar\/futbol-internacional\/sudamericana\" target=\"_blank\" title=\"Copa Sudamericana\" alt=\"Copa Sudamericana\" rel=\"noopener noreferrer\">Copa Sudamericana<\/a><\/strong>. Sin embargo, antes del duelo, tendr\u00e1 que dar explicaciones frente a la Justicia porque fue <strong>denunciado por violencia sexual<\/strong> en Brasil. <\/p>\n<\/div>\n<div class=\"custom-text \" readability=\"31.571428571429\">\n<p>Se trata de<strong> <a href=\"https:\/\/www.ole.com.ar\/tema\/dimitri-payet.html\" target=\"_blank\" title=\"Dimitri Payet\" alt=\"Dimitri Payet\" rel=\"noopener noreferrer\">Dimitri Payet<\/a><\/strong>, volante que fue acusado de haber golpeado y hostigado a una mujer de 28 a\u00f1os con la que habr\u00eda tenido un v\u00ednculo sentimental durante los \u00faltimos meses. <\/p>\n<\/div>\n<div class=\"custom-text \" readability=\"37\">\n<p>Seg\u00fan detalla el escrito que fue presentado frente a la polic\u00eda de Rio de Janeiro, el volante \u00abdej\u00f3 marcas\u00bb en el cuerpo de la presunta v\u00edctima, a quien tambi\u00e9n habr\u00eda agredido \u00abmoral, psicol\u00f3gica y sexualmente\u00bb.<\/p>\n<\/div>\n<div class=\"sc-e7b891c4-0 ifHnQL image-embed\"><img alt=\"Dimitri Payet en Vasco da Gama. (AFP)\" loading=\"lazy\" width=\"720\" height=\"100\" decoding=\"async\" data-nimg=\"1\" src=\"http:\/\/hoycordobaweb.com\/wp-content\/uploads\/2025\/04\/la-estrella-extranjera-que-sera-rival-de-lanus-en-la-copa-sudamericana-y-fue-denunciada-por-violencia-sexual-en-brasil-2.jpg\"><span class=\"epigraphe\">Dimitri Payet en Vasco da Gama. (AFP)<\/span><\/div>\n<div class=\"custom-text \" readability=\"34\">\n<p>Aunque por el momento permanece en libertad, no se descarta que tenga que prestar declaraci\u00f3n en las pr\u00f3ximas horas y pueda quedar marginado del plantel hasta que se esclarezca su situaci\u00f3n.<\/p>\n<\/div>\n<p><h2>Qu\u00e9 declar\u00f3 la v\u00edctima de Dimitri Payet frente a la Justicia<\/h2>\n<\/p>\n<div class=\"custom-text \" readability=\"40\">\n<p>\u00abEn diciembre tuvimos nuestra primera pelea y, desde entonces, comenz\u00f3 a hablar de que me iba a dar castigos. <strong>Me exig\u00eda pruebas de amor como videos bebiendo su propia orina, beber agua del inodoro o lamer el suelo<\/strong>\u00ab, asegur\u00f3 la mujer. Luego, reconoci\u00f3: \u00abQuiero justicia ante el hecho de que \u00e9l abus\u00f3 psicol\u00f3gicamente de mi vulnerabilidad para conseguir ventajas sexuales\u00bb.<\/p>\n<\/div>\n<p><h2>Cu\u00e1ndo se enfrentar\u00e1n Lan\u00fas y Vasco da Gama por la Copa Sudamericana<\/h2>\n<\/p>\n<div class=\"custom-text \" readability=\"38\">\n<p><strong>Vasco da Gama<\/strong> ser\u00e1 el pr\u00f3ximo rival de <strong>Lan\u00fas <\/strong>en la fase de grupos de la Copa Libertadores. Por lo tanto, chocar\u00e1n en la tercera fecha y, luego, en la quinta respectivamente. El primer encuentro ser\u00e1 en Brasil el martes 22 de abril a las 21.30 horas mientras que la revancha tendr\u00e1 lugar en la Argentina el 13 de mayo.<\/p>\n<\/div>\n<div class=\"custom-text \">\n<ul>\n<li>Vasco da Gama vs. Lan\u00fas (22\/04)<\/li>\n<li>Lan\u00fas vs. Vasco da Gama (13\/05)<\/li>\n<\/ul>\n<\/div>\n<div class=\"sc-a7166897-0 eoLsBE\" readability=\"6.5\">\n<section readability=\"3\"><picture><img alt=\"Fortaleza pidi\u00f3 los puntos luego de la tragedia que sacudi\u00f3 a Colo Colo en la Copa Libertadores\" loading=\"lazy\" width=\"290\" height=\"290\" decoding=\"async\" data-nimg=\"1\" src=\"http:\/\/hoycordobaweb.com\/wp-content\/uploads\/2025\/04\/la-estrella-extranjera-que-sera-rival-de-lanus-en-la-copa-sudamericana-y-fue-denunciada-por-violencia-sexual-en-brasil-3.jpg\"><\/picture>\n<p><span>Mir\u00e1 tambi\u00e9n<\/span><\/p>\n<hr>\n<h3>Fortaleza pidi\u00f3 los puntos luego de la tragedia que sacudi\u00f3 a Colo Colo en la Copa Libertadores<\/h3>\n<\/p>\n<\/section>\n<\/div>\n<div class=\"sc-a7166897-0 eoLsBE\" readability=\"6.5\">\n<section readability=\"3\"><picture><img alt=\"Video: hinchas de Central C\u00f3rdoba recrearon el segundo gol ante Flamengo en las playas de R\u00edo de Janeiro\" loading=\"lazy\" width=\"290\" height=\"290\" decoding=\"async\" data-nimg=\"1\" src=\"http:\/\/hoycordobaweb.com\/wp-content\/uploads\/2025\/04\/la-estrella-extranjera-que-sera-rival-de-lanus-en-la-copa-sudamericana-y-fue-denunciada-por-violencia-sexual-en-brasil-4.jpg\"><\/picture>\n<p><span>Mir\u00e1 tambi\u00e9n<\/span><\/p>\n<hr>\n<h3>Video: hinchas de Central C\u00f3rdoba recrearon el segundo gol ante Flamengo en las playas de R\u00edo de Janeiro<\/h3>\n<\/p>\n<\/section>\n<\/div>\n<div class=\"sc-a7166897-0 eoLsBE\" readability=\"7\">\n<section readability=\"4\"><picture><img alt=\"Champions, Europa y Conference: tres pa\u00edses van por una haza\u00f1a que solo se consigui\u00f3 en 1990 \" loading=\"lazy\" width=\"290\" height=\"290\" decoding=\"async\" data-nimg=\"1\" src=\"http:\/\/hoycordobaweb.com\/wp-content\/uploads\/2025\/04\/la-estrella-extranjera-que-sera-rival-de-lanus-en-la-copa-sudamericana-y-fue-denunciada-por-violencia-sexual-en-brasil-5.jpg\"><\/picture>\n<p><span>Mir\u00e1 tambi\u00e9n<\/span><\/p>\n<hr>\n<h3>Champions, Europa y Conference: tres pa\u00edses van por una haza\u00f1a que solo se consigui\u00f3 en 1990 <\/h3>\n<\/p>\n<\/section>\n<\/div>\n<\/div>\n","protected":false},"excerpt":{"rendered":"<p>11\/04\/2025 12:32hs. Actualizado al 11\/04\/2025 12:34hs. Es franc\u00e9s, lleg\u00f3 al Vasco da Gama a mediados de 2023, disput\u00f3 78 partidos y ser\u00e1 rival de Lan\u00fas en la fase de grupos de la Copa Sudamericana. Sin embargo, antes del duelo, tendr\u00e1 que dar explicaciones frente a la Justicia porque fue denunciado por violencia sexual en Brasil. [&hellip;]<\/p>\n","protected":false},"author":1,"featured_media":101906,"comment_status":"open","ping_status":"closed","sticky":false,"template":"","format":"standard","meta":[],"categories":[16],"tags":[],"_links":{"self":[{"href":"http:\/\/hoycordobaweb.com\/index.php\/wp-json\/wp\/v2\/posts\/101905"}],"collection":[{"href":"http:\/\/hoycordobaweb.com\/index.php\/wp-json\/wp\/v2\/posts"}],"about":[{"href":"http:\/\/hoycordobaweb.com\/index.php\/wp-json\/wp\/v2\/types\/post"}],"author":[{"embeddable":true,"href":"http:\/\/hoycordobaweb.com\/index.php\/wp-json\/wp\/v2\/users\/1"}],"replies":[{"embeddable":true,"href":"http:\/\/hoycordobaweb.com\/index.php\/wp-json\/wp\/v2\/comments?post=101905"}],"version-history":[{"count":0,"href":"http:\/\/hoycordobaweb.com\/index.php\/wp-json\/wp\/v2\/posts\/101905\/revisions"}],"wp:featuredmedia":[{"embeddable":true,"href":"http:\/\/hoycordobaweb.com\/index.php\/wp-json\/wp\/v2\/media\/101906"}],"wp:attachment":[{"href":"http:\/\/hoycordobaweb.com\/index.php\/wp-json\/wp\/v2\/media?parent=101905"}],"wp:term":[{"taxonomy":"category","embeddable":true,"href":"http:\/\/hoycordobaweb.com\/index.php\/wp-json\/wp\/v2\/categories?post=101905"},{"taxonomy":"post_tag","embeddable":true,"href":"http:\/\/hoycordobaweb.com\/index.php\/wp-json\/wp\/v2\/tags?post=101905"}],"curies":[{"name":"wp","href":"https:\/\/api.w.org\/{rel}","templated":true}]}}