{"id":101903,"date":"2025-04-11T16:22:37","date_gmt":"2025-04-11T16:22:37","guid":{"rendered":"https:\/\/www.ole.com.ar\/autos\/jack-doohan-pierre-gasly-alpine-companeros-franco-colapinto-segunda-practica-f1-bahrein_0_Xax3lk9f14.html"},"modified":"2025-04-11T16:22:37","modified_gmt":"2025-04-11T16:22:37","slug":"como-les-fue-a-jack-doohan-y-pierre-gasly-companeros-de-colapinto-en-la-segunda-practica-de-la-f1-en-bahrein","status":"publish","type":"post","link":"http:\/\/hoycordobaweb.com\/index.php\/2025\/04\/11\/como-les-fue-a-jack-doohan-y-pierre-gasly-companeros-de-colapinto-en-la-segunda-practica-de-la-f1-en-bahrein\/","title":{"rendered":"C\u00f3mo les fue a Jack Doohan y Pierre Gasly, compa\u00f1eros de Colapinto, en la segunda pr\u00e1ctica de la F1 en Bahrein"},"content":{"rendered":"<p><img src=\"http:\/\/hoycordobaweb.com\/wp-content\/uploads\/2025\/04\/como-les-fue-a-jack-doohan-y-pierre-gasly-companeros-de-colapinto-en-la-segunda-practica-de-la-f1-en-bahrein.jpg\"><\/p>\n<p><time class=\"createDate\" datetime=\"2025-04-11T13:22:37-03:00\">11\/04\/2025 13:22hs.<\/time><\/p>\n<div id=\"storyBody\">\n<div class=\"custom-text \" readability=\"34.509803921569\">\n<p>Termin\u00f3 el primer d\u00eda de actividad de la <strong>F\u00f3rmula 1<\/strong> en <strong>Bahrein<\/strong>. Despu\u00e9s de una FP1 fruct\u00edfera para Alpine, <a href=\"https:\/\/www.ole.com.ar\/autos\/arrancaron-practicas-libres-gp-bahrein-lidero-primera-sesion-pilotos-alpine_0_OwqngvSPEE.html\" target=\"_self\" title=\"en la que los dos autos se colaron entre los siete puestos de cabecera\" alt=\"en la que los dos autos se colaron entre los siete puestos de cabecera\" rel=\"noopener noreferrer\">en la que los dos autos se colaron entre los siete puestos de cabecera<\/a> (si bien los resultados son lo de menos en estas sesiones), se vio una FP2 algo m\u00e1s l\u00f3gica. Durante buena parte de la pr\u00e1ctica, las m\u00e1quinas giraron con neum\u00e1ticos blancos -los que permiten el mayor agarre-, simularon vueltas de clasificaci\u00f3n y se vio su rendimiento real a una vuelta. <strong>Ah\u00ed, el par rosa estuvo en deuda&#8230;<\/strong><\/p>\n<\/div>\n<div class=\"custom-text \" readability=\"41\">\n<p>En esta hora de acci\u00f3n, <strong>Pierre Gasly <\/strong>y <strong>Jack Doohan<\/strong>, compa\u00f1eros de Franco Colapinto, mantuvieron la l\u00ednea de las \u00faltimas fechas. Sin estar entre los \u00faltimos, igualmente no les dio para meterse en el top 10, que es la aspiraci\u00f3n de todos los equipos de cara a la qualy: <strong>el australiano fue 14\u00b0<\/strong> con un tiempo de 1m31s788, mientras que <strong>el franc\u00e9s result\u00f3 17\u00b0<\/strong> con un crono de 1m31s947.<\/p>\n<\/div>\n<div class=\"sc-e7b891c4-0 ifHnQL image-embed\"><img alt=\"Doohan fue el mejor de los Alpine en la FP2. (REUTERS\/Hamad I Mohammed)\" loading=\"lazy\" width=\"720\" height=\"100\" decoding=\"async\" data-nimg=\"1\" src=\"http:\/\/hoycordobaweb.com\/wp-content\/uploads\/2025\/04\/como-les-fue-a-jack-doohan-y-pierre-gasly-companeros-de-colapinto-en-la-segunda-practica-de-la-f1-en-bahrein-2.jpg\"><span class=\"epigraphe\">Doohan fue el mejor de los Alpine en la FP2. (REUTERS\/Hamad I Mohammed)<\/span><\/div>\n<div class=\"custom-text \" readability=\"40\">\n<p>El que se qued\u00f3 con el primer puesto en ese tramito preparatorio para la clasificaci\u00f3n, ya que luego se gir\u00f3 con goma media -de mayor duraci\u00f3n- y tanques llenos, fue <strong>el australiano Oscar Piastri (McLaren)<\/strong>, seguido por Lando Norris (McLaren) y George Russell (Mercedes). Max Verstappen (Red Bull), quien viene de ganar el GP de Suzuka y quedar a un punto de Lando en la tabla, hizo sus primeros giros en Bahrein tras haberle cedido el auto al rookie japon\u00e9s Ayumu Iwasa y concluy\u00f3 7\u00b0.<\/p>\n<\/div>\n<div class=\"custom-text \" readability=\"37\">\n<p>En una tanda con pocos incidentes, hubo uno que llam\u00f3 much\u00edsimo la atenci\u00f3n: <strong>Fernando Alonso<\/strong> estaba yendo despacio, prepar\u00e1ndose para doblar y <strong>\u00a1se le sali\u00f3 el volante!<\/strong> Apenas lo pudo acomodar, regres\u00f3 al box de Aston Martin y un rato m\u00e1s tarde pudo volver a la pista. De locos.<\/p>\n<\/div>\n<p><h2>C\u00f3mo sigue el fin de semana de la F\u00f3rmula 1 en Bahrein<\/h2>\n<\/p>\n<div class=\"custom-text \" readability=\"41\">\n<p>Pasados los primeros dos libres, ser\u00e1 turno del tercer ensayo y de la clasificaci\u00f3n. <strong>La actividad del s\u00e1bado comenzar\u00e1 con la pr\u00e1ctica, a las 9.30, y concluir\u00e1 con la qualy, a las 13<\/strong>. Finalmente, como es habitual, el Gran Premio se cerrar\u00e1 con la carrera del domingo, que comenzar\u00e1 a las 12<\/p>\n<\/div>\n<div class=\"sc-e7b891c4-0 ifHnQL image-embed\"><img alt=\"Piastri fue el m\u00e1s veloz del segundo libre. (REUTERS\/Hamad I Mohammed)\" loading=\"lazy\" width=\"720\" height=\"100\" decoding=\"async\" data-nimg=\"1\" src=\"http:\/\/hoycordobaweb.com\/wp-content\/uploads\/2025\/04\/como-les-fue-a-jack-doohan-y-pierre-gasly-companeros-de-colapinto-en-la-segunda-practica-de-la-f1-en-bahrein-3.jpg\"><span class=\"epigraphe\">Piastri fue el m\u00e1s veloz del segundo libre. (REUTERS\/Hamad I Mohammed)<\/span><\/div>\n<div class=\"sc-a7166897-0 eoLsBE\" readability=\"6.5\">\n<section readability=\"3\"><picture><img alt=\"Arrancaron las pr\u00e1cticas libres del GP de Bahrein: qui\u00e9n lider\u00f3 la primera sesi\u00f3n y c\u00f3mo les fue a los pilotos de Alpine\" loading=\"lazy\" width=\"290\" height=\"290\" decoding=\"async\" data-nimg=\"1\" src=\"http:\/\/hoycordobaweb.com\/wp-content\/uploads\/2025\/04\/como-les-fue-a-jack-doohan-y-pierre-gasly-companeros-de-colapinto-en-la-segunda-practica-de-la-f1-en-bahrein-4.jpg\"><\/picture>\n<p><span>Mir\u00e1 tambi\u00e9n<\/span><\/p>\n<hr>\n<h3>Arrancaron las pr\u00e1cticas libres del GP de Bahrein: qui\u00e9n lider\u00f3 la primera sesi\u00f3n y c\u00f3mo les fue a los pilotos de Alpine<\/h3>\n<\/p>\n<\/section>\n<\/div>\n<div class=\"sc-a7166897-0 eoLsBE\" readability=\"6\">\n<section readability=\"2\"><picture><img alt=\"Paul Aron habl\u00f3 sobre la interna de pilotos en Alpine: &quot;No hay amistad&quot;\" loading=\"lazy\" width=\"290\" height=\"290\" decoding=\"async\" data-nimg=\"1\" src=\"http:\/\/hoycordobaweb.com\/wp-content\/uploads\/2025\/04\/como-les-fue-a-jack-doohan-y-pierre-gasly-companeros-de-colapinto-en-la-segunda-practica-de-la-f1-en-bahrein-5.jpg\"><\/picture>\n<p><span>Mir\u00e1 tambi\u00e9n<\/span><\/p>\n<hr>\n<h3>Paul Aron habl\u00f3 sobre la interna de pilotos en Alpine: \u00abNo hay amistad\u00bb<\/h3>\n<\/p>\n<\/section>\n<\/div>\n<div class=\"sc-a7166897-0 eoLsBE\" readability=\"6\">\n<section readability=\"2\"><picture><img alt=\"\u00bfPor qu\u00e9 McLaren es el favorito para ganar el GP de F\u00f3rmula 1 en Bahrein?\" loading=\"lazy\" width=\"290\" height=\"290\" decoding=\"async\" data-nimg=\"1\" src=\"http:\/\/hoycordobaweb.com\/wp-content\/uploads\/2025\/04\/como-les-fue-a-jack-doohan-y-pierre-gasly-companeros-de-colapinto-en-la-segunda-practica-de-la-f1-en-bahrein-6.jpg\"><\/picture>\n<p><span>Mir\u00e1 tambi\u00e9n<\/span><\/p>\n<hr>\n<h3>\u00bfPor qu\u00e9 McLaren es el favorito para ganar el GP de F\u00f3rmula 1 en Bahrein?<\/h3>\n<\/p>\n<\/section>\n<\/div>\n<div class=\"sc-a7166897-0 eoLsBE\" readability=\"6\">\n<section readability=\"2\"><picture><img alt=\"El peso de Colapinto en la ida de Hirakawa de Alpine a Haas\" loading=\"lazy\" width=\"290\" height=\"290\" decoding=\"async\" data-nimg=\"1\" src=\"http:\/\/hoycordobaweb.com\/wp-content\/uploads\/2025\/04\/como-les-fue-a-jack-doohan-y-pierre-gasly-companeros-de-colapinto-en-la-segunda-practica-de-la-f1-en-bahrein-7.jpg\"><\/picture>\n<p><span>Mir\u00e1 tambi\u00e9n<\/span><\/p>\n<hr>\n<h3>El peso de Colapinto en la ida de Hirakawa de Alpine a Haas<\/h3>\n<\/p>\n<\/section>\n<\/div>\n<\/div>\n","protected":false},"excerpt":{"rendered":"<p>11\/04\/2025 13:22hs. Termin\u00f3 el primer d\u00eda de actividad de la F\u00f3rmula 1 en Bahrein. Despu\u00e9s de una FP1 fruct\u00edfera para Alpine, en la que los dos autos se colaron entre los siete puestos de cabecera (si bien los resultados son lo de menos en estas sesiones), se vio una FP2 algo m\u00e1s l\u00f3gica. Durante buena [&hellip;]<\/p>\n","protected":false},"author":1,"featured_media":101904,"comment_status":"open","ping_status":"closed","sticky":false,"template":"","format":"standard","meta":[],"categories":[16],"tags":[],"_links":{"self":[{"href":"http:\/\/hoycordobaweb.com\/index.php\/wp-json\/wp\/v2\/posts\/101903"}],"collection":[{"href":"http:\/\/hoycordobaweb.com\/index.php\/wp-json\/wp\/v2\/posts"}],"about":[{"href":"http:\/\/hoycordobaweb.com\/index.php\/wp-json\/wp\/v2\/types\/post"}],"author":[{"embeddable":true,"href":"http:\/\/hoycordobaweb.com\/index.php\/wp-json\/wp\/v2\/users\/1"}],"replies":[{"embeddable":true,"href":"http:\/\/hoycordobaweb.com\/index.php\/wp-json\/wp\/v2\/comments?post=101903"}],"version-history":[{"count":0,"href":"http:\/\/hoycordobaweb.com\/index.php\/wp-json\/wp\/v2\/posts\/101903\/revisions"}],"wp:featuredmedia":[{"embeddable":true,"href":"http:\/\/hoycordobaweb.com\/index.php\/wp-json\/wp\/v2\/media\/101904"}],"wp:attachment":[{"href":"http:\/\/hoycordobaweb.com\/index.php\/wp-json\/wp\/v2\/media?parent=101903"}],"wp:term":[{"taxonomy":"category","embeddable":true,"href":"http:\/\/hoycordobaweb.com\/index.php\/wp-json\/wp\/v2\/categories?post=101903"},{"taxonomy":"post_tag","embeddable":true,"href":"http:\/\/hoycordobaweb.com\/index.php\/wp-json\/wp\/v2\/tags?post=101903"}],"curies":[{"name":"wp","href":"https:\/\/api.w.org\/{rel}","templated":true}]}}