{"id":101897,"date":"2025-04-11T16:36:39","date_gmt":"2025-04-11T16:36:39","guid":{"rendered":"https:\/\/www.ole.com.ar\/fuera-de-juego\/atletico-nacional-muerte-hincha-previo-partido-libertadores-internacional_0_eqWwFb169B.html"},"modified":"2025-04-11T16:36:39","modified_gmt":"2025-04-11T16:36:39","slug":"otra-tragedia-en-el-futbol-sudamericano-asesinan-a-hincha-de-atletico-nacional-en-pelea-de-barras","status":"publish","type":"post","link":"http:\/\/hoycordobaweb.com\/index.php\/2025\/04\/11\/otra-tragedia-en-el-futbol-sudamericano-asesinan-a-hincha-de-atletico-nacional-en-pelea-de-barras\/","title":{"rendered":"Otra tragedia en el f\u00fatbol sudamericano: asesinan a hincha de Atl\u00e9tico Nacional en pelea de barras"},"content":{"rendered":"<p><img src=\"http:\/\/hoycordobaweb.com\/wp-content\/uploads\/2025\/04\/otra-tragedia-en-el-futbol-sudamericano-asesinan-a-hincha-de-atletico-nacional-en-pelea-de-barras.jpg\"><\/p>\n<p><time class=\"createDate\" datetime=\"2025-04-11T13:36:39-03:00\">11\/04\/2025 13:36hs.<\/time><\/p>\n<div id=\"storyBody\">\n<div class=\"custom-text \" readability=\"31.146788990826\">\n<p>Lo que deb\u00eda ser una nueva jornada con el t\u00edpico regocijo que conllevan las noches de <strong><a href=\"https:\/\/www.ole.com.ar\/futbol-internacional\/libertadores\" target=\"_self\" title=\"Libertadores\" alt=\"Libertadores\" rel=\"noopener noreferrer\">Libertadores<\/a> <\/strong>y <strong><a href=\"https:\/\/www.ole.com.ar\/futbol-internacional\/sudamericana\" target=\"_self\" title=\"Sudamericana\" alt=\"Sudamericana\" rel=\"noopener noreferrer\">Sudamericana<\/a><\/strong>, termin\u00f3 completamente <strong>ensombrecida por dos tr\u00e1gicos hechos <\/strong>ocurridos con poco tiempo de diferencia.<\/p>\n<\/div>\n<div class=\"custom-text \" readability=\"31.85\">\n<p>El que se llev\u00f3 las primeras planas tanto en Chile, como en el resto del continente e incluso tuvo su reverberaci\u00f3n en la propia FIFA (con Infantino sacando un comunicado al respecto), fue la <strong><a href=\"https:\/\/www.ole.com.ar\/futbol-internacional\/libertadores\/colo-colo-libertadores-invasion-fortaleza_0_rMFT3COiye.html\" target=\"_self\" title=\"suspensi\u00f3n del encuentro que estaban llevando adelante Colo Colo y Fortaleza\" alt=\"suspensi\u00f3n del encuentro que estaban llevando adelante Colo Colo y Fortaleza\" rel=\"noopener noreferrer\">suspensi\u00f3n del encuentro que estaban llevando adelante Colo Colo y Fortaleza<\/a><\/strong> en Santiago, luego de que una invasi\u00f3n de cancha no solo obligue a que se detenga la acci\u00f3n en el minuto 70, sino que adem\u00e1s <strong>se cobr\u00f3 dos vidas<\/strong>.<\/p>\n<\/div>\n<div class=\"custom-text \" readability=\"38\">\n<p>A m\u00e1s de 2.000 kil\u00f3metros de la capital trasandina, tambi\u00e9n se enlut\u00f3 Puerto Alegre, antes del choque entre Internacional y Atl\u00e9tico Nacional. En el barrio Cidade Baixa, <strong>una pelea entre hinchas dej\u00f3 un saldo de un muerto y un herido de gravedad<\/strong>, seg\u00fan inform\u00f3 la Brigada Militar.<\/p>\n<\/div>\n<div class=\"sc-e7b891c4-0 ifHnQL image-embed\"><img alt=\"La zona donde se produjo el enfrentamiento entre hinchas de Atl\u00e9tico Nacional e Inter en Puerto Alegre. (FOTO: Agencia RBS).\" loading=\"lazy\" width=\"720\" height=\"100\" decoding=\"async\" data-nimg=\"1\" src=\"http:\/\/hoycordobaweb.com\/wp-content\/uploads\/2025\/04\/otra-tragedia-en-el-futbol-sudamericano-asesinan-a-hincha-de-atletico-nacional-en-pelea-de-barras-2.jpg\"><span class=\"epigraphe\">La zona donde se produjo el enfrentamiento entre hinchas de Atl\u00e9tico Nacional e Inter en Puerto Alegre. (FOTO: Agencia RBS).<\/span><\/div>\n<p><h2>Qu\u00e9 dijo la Brigada Militar de Puerto Alegre<\/h2>\n<\/p>\n<div class=\"custom-text \" readability=\"37\">\n<p>\u00abEl primer llamado a la Brigada Militar se produjo cuando <strong>un hombre fue herido en el pecho con arma punzante<\/strong> en la Calle da Rep\u00fablica. Cuando el equipo de BM lleg\u00f3 al lugar, la v\u00edctima ya hab\u00eda sido colocada en un veh\u00edculo de la aplicaci\u00f3n y llevada al Hospital de Emergencias (HPS)\u00bb, explicaron en un comunicado.<\/p>\n<\/div>\n<div class=\"custom-text \" readability=\"36\">\n<p>\u00abDurante el trayecto, el veh\u00edculo se detuvo en una comisar\u00eda de la Avenida Loureiro da Silva, momento en el que el SAMU fue llamado para <strong>confirmar la muerte<\/strong>\u00ab, a\u00f1adieron.<\/p>\n<\/div>\n<div class=\"custom-text \" readability=\"37\">\n<p>\u00abMinutos despu\u00e9s, hubo una<strong> segunda llamada a la polic\u00eda<\/strong>, en la que <strong>otro hombre sufri\u00f3 heridas de arma blanca<\/strong> en las piernas en un bar. Se llam\u00f3 al SAMU y la v\u00edctima fue trasladada al HPS por asistencia m\u00e9dica en estado muy grave\u00bb, detallaron respecto al segundo damnificado.<\/p>\n<\/div>\n<p><h2>Lo ocurrido entre Colo Colo y Fortaleza<\/h2>\n<\/p>\n<div class=\"custom-text \" readability=\"41\">\n<p>Como mencionamos anteriormente, <strong>en Chile tuvo lugar la tragedia<\/strong>. Todo comenz\u00f3 en la previa, con incidentes en la hinchada local tratando de ingresar al estadio. <strong>Corridas, avalancha y dos personas que, seg\u00fan informaron las autoridades locales, fueron aplastadas por una reja<\/strong>. Hay una versi\u00f3n que indica que un cami\u00f3n hidrante policial los habr\u00eda atropellado luego del aplastamiento. Algunos detenidos por los carabineros, heridos (sin un n\u00famero establecido) y las lamentables muertes de dos j\u00f3venes (ser\u00edan de 18 y 13 a\u00f1os) en medio de un clima ca\u00f3tico en el Monumental y alrededores.<\/p>\n<\/div>\n<div class=\"custom-text \" readability=\"40\">\n<p>El partido se inici\u00f3 a pesar de todo eso. Y, cerca de la media hora del ST, l<strong>a barra local logr\u00f3 romper uno de los acr\u00edlicos del escenario para invadir el campo de juego<\/strong>, ya enterados de la muerte de dos hinchas. En se\u00f1al de protesta, ingresaron para parar el match por lo sucedido, con c\u00e1nticos tambi\u00e9n hacia los efectivos de seguridad. <strong>Los visitantes se fueron r\u00e1pidamente a la zona de vestuarios y los jugadores locales trataron de calmar a sus propios fanas<\/strong>.<\/p>\n<\/div>\n<div class=\"sc-e7b891c4-0 ifHnQL image-embed\"><img alt=\"El partido fue suspendido a los 70 minutos por invasi\u00f3n de hinchas. (FOTO: EFE).\" loading=\"lazy\" width=\"1290\" height=\"760\" decoding=\"async\" data-nimg=\"1\" src=\"http:\/\/hoycordobaweb.com\/wp-content\/uploads\/2025\/04\/otra-tragedia-en-el-futbol-sudamericano-asesinan-a-hincha-de-atletico-nacional-en-pelea-de-barras-3.jpg\"><span class=\"epigraphe\">El partido fue suspendido a los 70 minutos por invasi\u00f3n de hinchas. (FOTO: EFE).<\/span><\/div>\n<div class=\"custom-text \" readability=\"35\">\n<p><strong>Una vez decretada la evacuaci\u00f3n de la cancha para que el p\u00fablico se retirara, los hechos de violencia continuaron en las afueras entre los carabineros y los simpatizantes de Colo Colo<\/strong>. \u00bfQu\u00e9 medidas se tomar\u00e1n en lo inmediato y a futuro?<\/p>\n<\/div>\n<div class=\"custom-text \" readability=\"40\">\n<p>La Direcci\u00f3n de Competiciones y Operaciones de la CONMEBOL inform\u00f3 que en funci\u00f3n a la falta de garant\u00edas de seguridad por parte del club local y de las autoridades locales de seguridad, que garanticen la continuaci\u00f3n del partido entre Colo Colo (CHI) y Fortaleza (BRA) por la Fase de Grupos de la CONMEBOL Libertadores 2025, dicho encuentro queda cancelado. Asimismo, agreg\u00f3 que, teniendo en cuenta que todos los procesos establecidos en el Manual de Clubes fueron seguidos, <strong>el caso ser\u00e1 derivado a los \u00d3rganos Judiciales de la CONMEBOL<\/strong> para futuras determinaciones. Todas las informaciones de los hechos ocurridos dentro y fuera del estadio ser\u00e1n enviadas a la Comisi\u00f3n Disciplinaria de la Confederaci\u00f3n Sudamericana de F\u00fatbol.<\/p>\n<\/div>\n<div class=\"sc-e7b891c4-0 ifHnQL image-embed\"><img alt=\"Brayan Cortes intenta calmar a los hinchas que ingresaron al campo de juego. (FOTO: AP).\" loading=\"lazy\" width=\"1290\" height=\"760\" decoding=\"async\" data-nimg=\"1\" src=\"http:\/\/hoycordobaweb.com\/wp-content\/uploads\/2025\/04\/otra-tragedia-en-el-futbol-sudamericano-asesinan-a-hincha-de-atletico-nacional-en-pelea-de-barras-4.jpg\"><span class=\"epigraphe\">Brayan Cortes intenta calmar a los hinchas que ingresaron al campo de juego. (FOTO: AP).<\/span><\/div>\n<div class=\"custom-text \" readability=\"43\">\n<p>Por otro lado, avanza la investigaci\u00f3n de las muertes. \u201cAproximadamente a las 18.30, un grupo de sujetos intenta ingresar a la Casa Alba para luego, posteriormente, ingresar al estadio Monumental. Es en ese contexto que el personal de control de orden p\u00fablico realiza distintas maniobras con el objetivo, principalmente, de que estas personas no pudieran ingresar. Se produce una estampida que implica la ca\u00edda de una reja y en este momento se est\u00e1 investigando si es que alg\u00fan carro policial tuvo participaci\u00f3n en el deceso\u201d, explic\u00f3 el fiscal de Flagrancia Oriente, Francisco Mores.<\/p>\n<\/div>\n<div class=\"custom-text \" readability=\"38\">\n<p>\u00ab<strong>Vamos a llegar hasta las \u00faltimas consecuencias con esto<\/strong>. Necesito ayuda legal. Esto no va a quedar as\u00ed. Hay una familia destruida\u00bb, declar\u00f3 la hermana de una de las v\u00edctimas. \u00abVen\u00eda con entrada en mano, con su carnet. No es que se iban a pasar. <strong>Ven\u00edan con la entrada con sus dos amigos. los carabineros les echaron la culpa a ellos, que por ellos los atropellaron<\/strong>. No s\u00e9 mucho los detalles\u00bb.<\/p>\n<\/div>\n<div class=\"sc-a7166897-0 eoLsBE\" readability=\"6.5\">\n<section readability=\"3\"><picture><img alt=\"Fortaleza pidi\u00f3 los puntos luego de la tragedia que sacudi\u00f3 a Colo Colo en la Copa Libertadores\" loading=\"lazy\" width=\"290\" height=\"290\" decoding=\"async\" data-nimg=\"1\" src=\"http:\/\/hoycordobaweb.com\/wp-content\/uploads\/2025\/04\/otra-tragedia-en-el-futbol-sudamericano-asesinan-a-hincha-de-atletico-nacional-en-pelea-de-barras-5.jpg\"><\/picture>\n<p><span>Mir\u00e1 tambi\u00e9n<\/span><\/p>\n<hr>\n<h3>Fortaleza pidi\u00f3 los puntos luego de la tragedia que sacudi\u00f3 a Colo Colo en la Copa Libertadores<\/h3>\n<\/p>\n<\/section>\n<\/div>\n<div class=\"sc-a7166897-0 eoLsBE\" readability=\"6.5\">\n<section readability=\"3\"><picture><img alt=\"Infantino se pronunci\u00f3 tras la tragedia en Colo Colo - Fortaleza: \u201cLa violencia no debe tener lugar\u201d \" loading=\"lazy\" width=\"290\" height=\"290\" decoding=\"async\" data-nimg=\"1\" src=\"http:\/\/hoycordobaweb.com\/wp-content\/uploads\/2025\/04\/otra-tragedia-en-el-futbol-sudamericano-asesinan-a-hincha-de-atletico-nacional-en-pelea-de-barras-6.jpg\"><\/picture>\n<p><span>Mir\u00e1 tambi\u00e9n<\/span><\/p>\n<hr>\n<h3>Infantino se pronunci\u00f3 tras la tragedia en Colo Colo &#8211; Fortaleza: \u201cLa violencia no debe tener lugar\u201d<br \/>\n<\/h3>\n<\/p>\n<\/section>\n<\/div>\n<div class=\"sc-a7166897-0 eoLsBE\" readability=\"7\">\n<section readability=\"4\"><picture><img alt=\"Tragedia en Chile: dos muertos, invasi\u00f3n y partido entre Colo Colo y Fortaleza suspendido\" loading=\"lazy\" width=\"290\" height=\"290\" decoding=\"async\" data-nimg=\"1\" src=\"http:\/\/hoycordobaweb.com\/wp-content\/uploads\/2025\/04\/otra-tragedia-en-el-futbol-sudamericano-asesinan-a-hincha-de-atletico-nacional-en-pelea-de-barras-7.jpg\"><\/picture>\n<p><span>Mir\u00e1 tambi\u00e9n<\/span><\/p>\n<hr>\n<h3>Tragedia en Chile: dos muertos, invasi\u00f3n y partido entre Colo Colo y Fortaleza suspendido<\/h3>\n<\/p>\n<\/section>\n<\/div>\n<\/div>\n","protected":false},"excerpt":{"rendered":"<p>11\/04\/2025 13:36hs. Lo que deb\u00eda ser una nueva jornada con el t\u00edpico regocijo que conllevan las noches de Libertadores y Sudamericana, termin\u00f3 completamente ensombrecida por dos tr\u00e1gicos hechos ocurridos con poco tiempo de diferencia. El que se llev\u00f3 las primeras planas tanto en Chile, como en el resto del continente e incluso tuvo su reverberaci\u00f3n [&hellip;]<\/p>\n","protected":false},"author":1,"featured_media":101898,"comment_status":"open","ping_status":"closed","sticky":false,"template":"","format":"standard","meta":[],"categories":[16],"tags":[],"_links":{"self":[{"href":"http:\/\/hoycordobaweb.com\/index.php\/wp-json\/wp\/v2\/posts\/101897"}],"collection":[{"href":"http:\/\/hoycordobaweb.com\/index.php\/wp-json\/wp\/v2\/posts"}],"about":[{"href":"http:\/\/hoycordobaweb.com\/index.php\/wp-json\/wp\/v2\/types\/post"}],"author":[{"embeddable":true,"href":"http:\/\/hoycordobaweb.com\/index.php\/wp-json\/wp\/v2\/users\/1"}],"replies":[{"embeddable":true,"href":"http:\/\/hoycordobaweb.com\/index.php\/wp-json\/wp\/v2\/comments?post=101897"}],"version-history":[{"count":0,"href":"http:\/\/hoycordobaweb.com\/index.php\/wp-json\/wp\/v2\/posts\/101897\/revisions"}],"wp:featuredmedia":[{"embeddable":true,"href":"http:\/\/hoycordobaweb.com\/index.php\/wp-json\/wp\/v2\/media\/101898"}],"wp:attachment":[{"href":"http:\/\/hoycordobaweb.com\/index.php\/wp-json\/wp\/v2\/media?parent=101897"}],"wp:term":[{"taxonomy":"category","embeddable":true,"href":"http:\/\/hoycordobaweb.com\/index.php\/wp-json\/wp\/v2\/categories?post=101897"},{"taxonomy":"post_tag","embeddable":true,"href":"http:\/\/hoycordobaweb.com\/index.php\/wp-json\/wp\/v2\/tags?post=101897"}],"curies":[{"name":"wp","href":"https:\/\/api.w.org\/{rel}","templated":true}]}}