{"id":101804,"date":"2025-04-10T16:42:15","date_gmt":"2025-04-10T16:42:15","guid":{"rendered":"https:\/\/www.ole.com.ar\/boca-juniors\/boca-equipo-partido-belgrano-fernando-gago-dudas_0_8vdP4L63tJ.html"},"modified":"2025-04-10T16:42:15","modified_gmt":"2025-04-10T16:42:15","slug":"las-dudas-de-gago-para-enfrentar-a-belgrano-en-cordoba","status":"publish","type":"post","link":"http:\/\/hoycordobaweb.com\/index.php\/2025\/04\/10\/las-dudas-de-gago-para-enfrentar-a-belgrano-en-cordoba\/","title":{"rendered":"Las dudas de Gago para enfrentar a Belgrano en C\u00f3rdoba"},"content":{"rendered":"<p><img src=\"http:\/\/hoycordobaweb.com\/wp-content\/uploads\/2025\/04\/las-dudas-de-gago-para-enfrentar-a-belgrano-en-cordoba.jpg\"><\/p>\n<p><span class=\"createDate\">10\/04\/2025 13:42hs.<\/span><time class=\"modificatedDate\" datetime=\"2025-04-10T13:45:43-03:00\"> Actualizado al 10\/04\/2025 13:45hs.<\/time><\/p>\n<div id=\"storyBody\">\n<div class=\"custom-text \" readability=\"39.671840354767\">\n<p><a href=\"https:\/\/www.ole.com.ar\/tema\/boca-juniors.html\" title=\"Boca Juniors\" alt=\"Boca Juniors\" class=\"slug\">Boca<\/a> jugar\u00e1 en C\u00f3rdoba un partido en el que tiene varios desaf\u00edos. El primero ser\u00e1 sostener la punta de la Zona A. El segundo, mejorar su efectividad de visitante, donde viene en deuda. Y el tercero, volver a tener un rendimiento convincente, algo que no logr\u00f3 tras la fecha FIFA. En esa b\u00fasqueda, <strong><a href=\"https:\/\/www.ole.com.ar\/tema\/fernando-gago.html\" title=\"Fernando Gago\" alt=\"Fernando Gago\" class=\"slug\">Fernando Gago<\/a> ya prepara el equipo que enfrentar\u00e1 a <a href=\"https:\/\/www.ole.com.ar\/tema\/belgrano-de-cordoba.html\" title=\"Belgrano de C\u00f3rdoba\" alt=\"Belgrano de C\u00f3rdoba\" class=\"slug\">Belgrano<\/a> y, tras la pr\u00e1ctica de este jueves en el predio de Ezeiza, el DT mantiene las dudas.<\/strong><\/p>\n<\/div>\n<div class=\"custom-text \" readability=\"38\">\n<p>Si bien el plantel volvi\u00f3 a hacer un ensayo de f\u00fatbol, el entrenador no par\u00f3 una formaci\u00f3n titular, algo que ya es costumbre. Otra vez mezcl\u00f3 jugadores, por lo que las inc\u00f3gnitas sigue siendo las mismas. <strong>Y principalmente, son dos. Ambas tienen que ver con el ataque.<\/strong><\/p>\n<\/div>\n<div class=\"custom-text \" readability=\"39\">\n<p><strong>La primera tiene como protagonista a Kevin Zen\u00f3n. <\/strong>El volante sali\u00f3 en el \u00faltimo partido con Barracas, aunque por una situaci\u00f3n puntual que Gago pretend\u00eda modificar debido a la caracter\u00edsticas de ese rival: eligi\u00f3 a Exequiel Zeballos, porque busc\u00f3 tener un mejor uno contra uno para romper la dura defensa del equipo de Insua. Por eso, ahora que la circunstancia ser\u00e1 otra,<strong> se abre la chance de que el ex Uni\u00f3n se meta en el 11 nuevamente.<\/strong> Y por el Changuito.<\/p>\n<\/div>\n<div class=\"sc-e7b891c4-0 ifHnQL image-embed\"><img alt=\"Una de las dudas: Zeballos o Zen\u00f3n. (Prensa Boca)\" loading=\"lazy\" width=\"720\" height=\"100\" decoding=\"async\" data-nimg=\"1\" src=\"http:\/\/hoycordobaweb.com\/wp-content\/uploads\/2025\/04\/las-dudas-de-gago-para-enfrentar-a-belgrano-en-cordoba-2.jpg\"><span class=\"epigraphe\">Una de las dudas: Zeballos o Zen\u00f3n. (Prensa Boca)<\/span><\/div>\n<div class=\"custom-text \" readability=\"42\">\n<p>Despu\u00e9s,<strong> la otra duda est\u00e1 en la dupla de ataque propiamente dicha.<\/strong> En principio, Gago no romper\u00eda el doble nueve. Pero s\u00ed cambiar\u00eda a uno de sus integrantes. Podr\u00eda darle una nueva chance a Miguel Merentiel y, as\u00ed, el que saldr\u00eda ser\u00eda Milton Gim\u00e9nez. Si esto sucede, los uruguayos volver\u00e1n a ser titulares juntos, algo que no pasaba desde el choque con Alianza Lima, aquella noche de la eliminaci\u00f3n de la Copa.<\/p>\n<\/div>\n<div class=\"sc-e7b891c4-0 ifHnQL image-embed\"><img alt=\"Merentiel y Gim\u00e9nez, la otra disputa. (Prensa Boca)\" loading=\"lazy\" width=\"720\" height=\"100\" decoding=\"async\" data-nimg=\"1\" src=\"http:\/\/hoycordobaweb.com\/wp-content\/uploads\/2025\/04\/las-dudas-de-gago-para-enfrentar-a-belgrano-en-cordoba-3.jpg\"><span class=\"epigraphe\">Merentiel y Gim\u00e9nez, la otra disputa. (Prensa Boca)<\/span><\/div>\n<div class=\"custom-text \" readability=\"36.530120481928\">\n<p><a href=\"https:\/\/www.ole.com.ar\/boca-juniors\/merentiel-chance-volver-titular-boca-belgrano_0_eLNVczzT5G.html\" target=\"_self\" title=\"Para Merentiel, ser\u00eda una revancha.\" alt=\"Para Merentiel, ser\u00eda una revancha.\" rel=\"noopener noreferrer\">Para Merentiel, ser\u00eda una revancha.<\/a> Porque desde entonces perdi\u00f3 su lugar justamente con Gim\u00e9nez, quien se meti\u00f3 en el 11 con buen nivel y goles. Sin embargo, tras el parate de la fecha FIFA, el ex Banfield se sec\u00f3: no convirti\u00f3 contra Newell&#8217;s y Barracas y hasta baj\u00f3 su rendimiento. Eso le dar\u00eda una nueva oportunidad a Miguel\u00f3n, quien marc\u00f3 dos goles en esos cinco partidos que arranc\u00f3 desde el banco.<\/p>\n<\/div>\n<p><h2><strong>El resto del equipo, todo igual<\/strong><\/h2>\n<\/p>\n<div class=\"custom-text \" readability=\"39\">\n<p>Salvo esas inc\u00f3gnitas, despu\u00e9s Gago mantendr\u00e1 la misma defensa y el mismo armado del medio que jug\u00f3 contra Barracas. En el fondo, entonces,<strong> Blondel se mantendr\u00e1 como lateral derecho y Battaglia como primer central.<\/strong> Rojo y Blanco, que son una fija, completar\u00e1n la l\u00ednea de cuatro.<\/p>\n<\/div>\n<div class=\"sc-e7b891c4-0 ifHnQL image-embed\"><img alt=\"El DT, a pura indicaci\u00f3n, en el predio de Ezeiza. (Prensa Boca)\" loading=\"lazy\" width=\"720\" height=\"100\" decoding=\"async\" data-nimg=\"1\" src=\"http:\/\/hoycordobaweb.com\/wp-content\/uploads\/2025\/04\/las-dudas-de-gago-para-enfrentar-a-belgrano-en-cordoba-4.jpg\"><span class=\"epigraphe\">El DT, a pura indicaci\u00f3n, en el predio de Ezeiza. (Prensa Boca)<\/span><\/div>\n<div class=\"custom-text \" readability=\"37\">\n<p>Y en el medio,<strong> Belmonte y Milton Delgado volver\u00e1n a compartir la recuperaci\u00f3n<\/strong>. Y el chileno Palacios ser\u00e1 el conductor, aunque ah\u00ed quedar\u00e1 por definir de qu\u00e9 forma estar\u00e1 acompa\u00f1ado, de acuerdo a lo que Gago defina con el ataque.<\/p>\n<\/div>\n<p><h2><strong>El probable 11 de Boca para ir a C\u00f3rdoba<\/strong><\/h2>\n<\/p>\n<div class=\"custom-text \" readability=\"38\">\n<p>Marchesin; Blondel, Battaglia, Rojo, Blanco; Belmonte, Delgado, Zen\u00f3n; Merentiel o Gim\u00e9nez y Cavani.<\/p>\n<\/div>\n<div class=\"sc-734b4696-1 kFfZtB\" readability=\"6.5\">\n<div class=\"sc-d00d9e74-0 hnHYbk\" type=\"embed\">\n<div class=\"sc-d00d9e74-1 iKVbz videoText\" id=\"contentTitleembedlxdA3AVI\" type=\"embed\"><svg fill=\"#ffffff\"><symbol id=\"play\" viewBox=\"0 0 512 512\"><path d=\"M512 256C512 397.4 397.4 512 256 512C114.6 512 0 397.4 0 256C0 114.6 114.6 0 256 0C397.4 0 512 114.6 512 256zM176 168V344C176 352.7 180.7 360.7 188.3 364.9C195.8 369.2 205.1 369 212.5 364.5L356.5 276.5C363.6 272.1 368 264.4 368 256C368 247.6 363.6 239.9 356.5 235.5L212.5 147.5C205.1 142.1 195.8 142.8 188.3 147.1C180.7 151.3 176 159.3 176 168V168z\" \/><\/symbol><use xlink:href=\"#play\" \/><\/svg><\/p>\n<div class=\"right\">\n<p>Boca Juniors<!-- --> &#8211; <span>&nbsp;<\/span><\/p>\n<h2 class=\"title-vid\">As\u00ed celebr\u00f3 Gago su cumple 39&#8230;<\/h2>\n<\/div>\n<\/div>\n<p><span class=\"back\" id=\"spanBackembedlxdA3AVI\"><\/span><\/div>\n<div class=\"JWvideoNota_title\" readability=\"8\">\n<p>El DT de Boca, de festejos.<\/p>\n<\/div>\n<\/div>\n<div class=\"sc-a7166897-0 eoLsBE\" readability=\"6\">\n<section readability=\"2\"><picture><img alt=\"Gago festeja su primer cumple como DT de Boca: as\u00ed lo arranc\u00f3\" loading=\"lazy\" width=\"290\" height=\"290\" decoding=\"async\" data-nimg=\"1\" src=\"http:\/\/hoycordobaweb.com\/wp-content\/uploads\/2025\/04\/las-dudas-de-gago-para-enfrentar-a-belgrano-en-cordoba-5.jpg\"><\/picture>\n<p><span>Mir\u00e1 tambi\u00e9n<\/span><\/p>\n<hr>\n<h3>Gago festeja su primer cumple como DT de Boca: as\u00ed lo arranc\u00f3<\/h3>\n<\/p>\n<\/section>\n<\/div>\n<div class=\"sc-a7166897-0 eoLsBE\" readability=\"6\">\n<section readability=\"2\"><picture><img alt=\"El particular cruce que tendr\u00e1 Zielinski con Boca y qu\u00e9 dijo el DT del Xeneize\" loading=\"lazy\" width=\"290\" height=\"290\" decoding=\"async\" data-nimg=\"1\" src=\"http:\/\/hoycordobaweb.com\/wp-content\/uploads\/2025\/04\/las-dudas-de-gago-para-enfrentar-a-belgrano-en-cordoba-6.jpg\"><\/picture>\n<p><span>Mir\u00e1 tambi\u00e9n<\/span><\/p>\n<hr>\n<h3>El particular cruce que tendr\u00e1 Zielinski con Boca y qu\u00e9 dijo el DT del Xeneize<\/h3>\n<\/p>\n<\/section>\n<\/div>\n<div class=\"sc-a7166897-0 eoLsBE\" readability=\"6\">\n<section readability=\"2\"><picture><img alt=\"El ex Boca que ir\u00e1 contra el Inter de Messi clasificando en forma ag\u00f3nica \" loading=\"lazy\" width=\"290\" height=\"290\" decoding=\"async\" data-nimg=\"1\" src=\"http:\/\/hoycordobaweb.com\/wp-content\/uploads\/2025\/04\/las-dudas-de-gago-para-enfrentar-a-belgrano-en-cordoba-7.jpg\"><\/picture>\n<p><span>Mir\u00e1 tambi\u00e9n<\/span><\/p>\n<hr>\n<h3>El ex Boca que ir\u00e1 contra el Inter de Messi clasificando en forma ag\u00f3nica <\/h3>\n<\/p>\n<\/section>\n<\/div>\n<div class=\"sc-a7166897-0 eoLsBE\" readability=\"7.5\">\n<section readability=\"5\"><picture><img alt=\"Boca, EN VIVO: el cumple de Gago, las dudas del DT en el equipo y m\u00e1s noticias de este jueves 10 de abril...\" loading=\"lazy\" width=\"290\" height=\"290\" decoding=\"async\" data-nimg=\"1\" src=\"http:\/\/hoycordobaweb.com\/wp-content\/uploads\/2025\/04\/las-dudas-de-gago-para-enfrentar-a-belgrano-en-cordoba-8.jpg\"><\/picture>\n<p><span>Mir\u00e1 tambi\u00e9n<\/span><\/p>\n<hr>\n<h3>Boca, EN VIVO: el cumple de Gago, las dudas del DT en el equipo y m\u00e1s noticias de este jueves 10 de abril&#8230;<\/h3>\n<\/p>\n<\/section>\n<\/div>\n<\/div>\n","protected":false},"excerpt":{"rendered":"<p>10\/04\/2025 13:42hs. Actualizado al 10\/04\/2025 13:45hs. Boca jugar\u00e1 en C\u00f3rdoba un partido en el que tiene varios desaf\u00edos. El primero ser\u00e1 sostener la punta de la Zona A. El segundo, mejorar su efectividad de visitante, donde viene en deuda. Y el tercero, volver a tener un rendimiento convincente, algo que no logr\u00f3 tras la fecha [&hellip;]<\/p>\n","protected":false},"author":1,"featured_media":101805,"comment_status":"open","ping_status":"closed","sticky":false,"template":"","format":"standard","meta":[],"categories":[16],"tags":[],"_links":{"self":[{"href":"http:\/\/hoycordobaweb.com\/index.php\/wp-json\/wp\/v2\/posts\/101804"}],"collection":[{"href":"http:\/\/hoycordobaweb.com\/index.php\/wp-json\/wp\/v2\/posts"}],"about":[{"href":"http:\/\/hoycordobaweb.com\/index.php\/wp-json\/wp\/v2\/types\/post"}],"author":[{"embeddable":true,"href":"http:\/\/hoycordobaweb.com\/index.php\/wp-json\/wp\/v2\/users\/1"}],"replies":[{"embeddable":true,"href":"http:\/\/hoycordobaweb.com\/index.php\/wp-json\/wp\/v2\/comments?post=101804"}],"version-history":[{"count":0,"href":"http:\/\/hoycordobaweb.com\/index.php\/wp-json\/wp\/v2\/posts\/101804\/revisions"}],"wp:featuredmedia":[{"embeddable":true,"href":"http:\/\/hoycordobaweb.com\/index.php\/wp-json\/wp\/v2\/media\/101805"}],"wp:attachment":[{"href":"http:\/\/hoycordobaweb.com\/index.php\/wp-json\/wp\/v2\/media?parent=101804"}],"wp:term":[{"taxonomy":"category","embeddable":true,"href":"http:\/\/hoycordobaweb.com\/index.php\/wp-json\/wp\/v2\/categories?post=101804"},{"taxonomy":"post_tag","embeddable":true,"href":"http:\/\/hoycordobaweb.com\/index.php\/wp-json\/wp\/v2\/tags?post=101804"}],"curies":[{"name":"wp","href":"https:\/\/api.w.org\/{rel}","templated":true}]}}