{"id":101721,"date":"2025-04-09T15:07:31","date_gmt":"2025-04-09T15:07:31","guid":{"rendered":"https:\/\/www.ole.com.ar\/river-plate\/river-mundial-clubes-martin-demichelis-partido-monterrey_0_O6ywFeXBwb.html"},"modified":"2025-04-09T15:07:31","modified_gmt":"2025-04-09T15:07:31","slug":"demichelis-y-el-partido-contra-river-en-el-mundial-de-clubes-sera-especial","status":"publish","type":"post","link":"http:\/\/hoycordobaweb.com\/index.php\/2025\/04\/09\/demichelis-y-el-partido-contra-river-en-el-mundial-de-clubes-sera-especial\/","title":{"rendered":"Demichelis y el partido contra River en el Mundial de Clubes: \u00abSer\u00e1 especial&#8230;\u00bb"},"content":{"rendered":"<p><img src=\"http:\/\/hoycordobaweb.com\/wp-content\/uploads\/2025\/04\/demichelis-y-el-partido-contra-river-en-el-mundial-de-clubes-sera-especial.jpg\"><\/p>\n<p><span class=\"createDate\">09\/04\/2025 12:07hs.<\/span><time class=\"modificatedDate\" datetime=\"2025-04-09T12:30:19-03:00\"> Actualizado al 09\/04\/2025 12:30hs.<\/time><\/p>\n<div id=\"storyBody\">\n<div class=\"custom-text \" readability=\"40.665745856354\">\n<p><strong>\u00abS\u00ed, es un partido especial para m\u00ed\u00bb<\/strong>. No bien escuch\u00f3 la pregunta, <strong><a href=\"https:\/\/www.ole.com.ar\/tema\/martin-demichelis.html\" title=\"Martin Demichelis\" alt=\"Martin Demichelis\" class=\"slug\">Mart\u00edn Demichelis<\/a><\/strong> no dud\u00f3 ni un segundo en su respuesta. Por primera vez desde que el sorteo de diciembre lo dispuso para la segunda fecha del grupo E del <strong>Mundial de Clubes<\/strong>, <strong>se refiri\u00f3 al duelo del morbo contra <a href=\"https:\/\/www.ole.com.ar\/tema\/river-plate.html\" title=\"River Plate\" alt=\"River Plate\" class=\"slug\">River<\/a><\/strong>, por todo el peso que trae: adem\u00e1s de ser casi una final para definir entre su <strong>Rayados de Monterrey<\/strong> y su ex club un lugar en octavos (el otro deber\u00eda ser para el Inter), del otro lado estar\u00e1n su \u00abcasa\u00bb (as\u00ed lo defini\u00f3 muchas veces), el t\u00e9cnico al que sucedi\u00f3 y lo sucedi\u00f3, un <strong>Enzo P\u00e9rez<\/strong> con quien la relaci\u00f3n no termin\u00f3 nada bien y unos hinchas que en el final de su ciclo llegaron a silbarlo y lo despidieron con aplausos.<\/p>\n<\/div>\n<div class=\"custom-text \" readability=\"46\">\n<p>\u00abMe termin\u00e9 de formar como jugador y persona dentro de la instituci\u00f3n. Jugu\u00e9 en las Inferiores de River, llegu\u00e9 a ser jugador profesional, termin\u00e9 el colegio, comenc\u00e9 el terciario ah\u00ed, fui vendido al exterior&#8230; <strong>Y me toc\u00f3 volver al club 20 a\u00f1os despu\u00e9s como entrenador y ganar t\u00edtulos, en el paso previo a ser entrenador de Rayados. Vengo casualmente desde ah\u00ed. Entonces, es especial, desde ya\u00bb,<\/strong> explic\u00f3 Micho, en di\u00e1logo con el sitio de FIFA. Actualmente no est\u00e1 pasando un buen momento en el f\u00fatbol mexicano y hasta ya sonaron algunos entrenadores para reemplazarlo, m\u00e1s all\u00e1 de que la idea de la dirigencia ser\u00eda que termine la actual Liga MX (va octavo, en puestos de repechaje para ingresar a la fase de playoffs).<\/p>\n<\/div>\n<div class=\"custom-text \" readability=\"39\">\n<p>La inesperada y sorpresiva eliminaci\u00f3n en los octavos de la <strong>Concachampions <\/strong>contra el <strong>Vancouver Whitecaps<\/strong> de la MLS (1-1 en Canad\u00e1 y 2-2 en M\u00e9xico, afuera por gol de visitante) fue un golpazo para el club, que es de los m\u00e1s poderosos y que m\u00e1s invierte, aunque en los \u00faltimos d\u00edas se le sum\u00f3 un problema m\u00e1s al DT que levant\u00f3 tres t\u00edtulos en <strong>River <\/strong>y gan\u00f3 52 de los 87 partidos que disput\u00f3: tuvo un intercambio de palabras que habr\u00eda sido elevado con <strong>Sergio Canales<\/strong> -espa\u00f1ol figura-, quien luego recibi\u00f3 10 puntos de sutura en su pierna por haber pateado una puerta de vidrio.<\/p>\n<\/div>\n<div class=\"sc-734b4696-1 kFfZtB\">\n<div class=\"sc-d00d9e74-0 hnHYbk\" type=\"embed\">\n<div class=\"sc-d00d9e74-1 iKVbz videoText\" id=\"contentTitleembedy8Ai98Yg\" type=\"embed\"><svg fill=\"#ffffff\"><symbol id=\"play\" viewBox=\"0 0 512 512\"><path d=\"M512 256C512 397.4 397.4 512 256 512C114.6 512 0 397.4 0 256C0 114.6 114.6 0 256 0C397.4 0 512 114.6 512 256zM176 168V344C176 352.7 180.7 360.7 188.3 364.9C195.8 369.2 205.1 369 212.5 364.5L356.5 276.5C363.6 272.1 368 264.4 368 256C368 247.6 363.6 239.9 356.5 235.5L212.5 147.5C205.1 142.1 195.8 142.8 188.3 147.1C180.7 151.3 176 159.3 176 168V168z\" \/><\/symbol><use xlink:href=\"#play\" \/><\/svg><\/p>\n<div class=\"right\">\n<p>River Plate<!-- --> &#8211; <span>&nbsp;<\/span><\/p>\n<h2 class=\"title-vid\">Demichelis se refiri\u00f3 al cruce contra River en el Mundial de Clubes<\/h2>\n<\/div>\n<\/div>\n<p><span class=\"back\" id=\"spanBackembedy8Ai98Yg\"><\/span><\/div>\n<div class=\"JWvideoNota_title\">\n<p>Video: FIFA. <\/p>\n<\/div>\n<\/div>\n<div class=\"custom-text \" readability=\"41\">\n<p>Sin embargo, <strong>Demichelis <\/strong>se mostr\u00f3 fuerte para continuar y dar vuelta esta actualidad. Por eso, se permiti\u00f3 seguir palpitando el gran partido que se jugar\u00e1 el 21 de junio a las 22 en Los \u00c1ngeles: <strong>\u00abCuando pis\u00e9 Europa, siempre dije que quer\u00eda dejar bien representado al mundo River el tiempo que me tocase jugar<\/strong>. Y fueron 17 a\u00f1os como jugador profesional. Jugu\u00e9 tambi\u00e9n en la Selecci\u00f3n Argentina y <strong>siempre de alguna manera represent\u00e9 a River\u00bb,<\/strong> cont\u00f3 sobre sus destacados pasos por el Bayern Munich, M\u00e1laga y Manchester City, entre otros.<\/p>\n<\/div>\n<div class=\"custom-text \" readability=\"36\">\n<p>Si llegar\u00e1 en medio de un presente flojo, ser\u00e1 para otro momento. Porque ahora, <strong>Demichelis tambi\u00e9n pone el foco en el Mundial de Clubes y el duelo del morbo contra el River<\/strong> del que se despidi\u00f3 hace menos de un a\u00f1o&#8230;<\/p>\n<\/div>\n<p><h2><strong>As\u00ed se despidi\u00f3 Demichelis de River<\/strong><\/h2>\n<\/p>\n<div class=\"sc-734b4696-1 kFfZtB\">\n<div class=\"sc-d00d9e74-0 hnHYbk\" type=\"embed\">\n<div class=\"sc-d00d9e74-1 iKVbz videoText\" id=\"contentTitleembedgA8yZdxp\" type=\"embed\"><svg fill=\"#ffffff\"><symbol id=\"play\" viewBox=\"0 0 512 512\"><path d=\"M512 256C512 397.4 397.4 512 256 512C114.6 512 0 397.4 0 256C0 114.6 114.6 0 256 0C397.4 0 512 114.6 512 256zM176 168V344C176 352.7 180.7 360.7 188.3 364.9C195.8 369.2 205.1 369 212.5 364.5L356.5 276.5C363.6 272.1 368 264.4 368 256C368 247.6 363.6 239.9 356.5 235.5L212.5 147.5C205.1 142.1 195.8 142.8 188.3 147.1C180.7 151.3 176 159.3 176 168V168z\" \/><\/symbol><use xlink:href=\"#play\" \/><\/svg><\/p>\n<div class=\"right\">\n<p>Martin Demichelis<!-- --> &#8211; <span>&nbsp;<\/span><\/p>\n<h2 class=\"title-vid\">Los abrazos y la ovaci\u00f3n a Demichelis en su despedida<\/h2>\n<\/div>\n<\/div>\n<p><span class=\"back\" id=\"spanBackembedgA8yZdxp\"><\/span><\/div>\n<p>ESPN.<\/p>\n<\/div>\n<div class=\"sc-734b4696-1 kFfZtB\">\n<div class=\"sc-d00d9e74-0 hnHYbk\" type=\"embed\">\n<div class=\"sc-d00d9e74-1 iKVbz videoText\" id=\"contentTitleembedPDLrZnTq\" type=\"embed\"><svg fill=\"#ffffff\"><symbol id=\"play\" viewBox=\"0 0 512 512\"><path d=\"M512 256C512 397.4 397.4 512 256 512C114.6 512 0 397.4 0 256C0 114.6 114.6 0 256 0C397.4 0 512 114.6 512 256zM176 168V344C176 352.7 180.7 360.7 188.3 364.9C195.8 369.2 205.1 369 212.5 364.5L356.5 276.5C363.6 272.1 368 264.4 368 256C368 247.6 363.6 239.9 356.5 235.5L212.5 147.5C205.1 142.1 195.8 142.8 188.3 147.1C180.7 151.3 176 159.3 176 168V168z\" \/><\/symbol><use xlink:href=\"#play\" \/><\/svg><\/p>\n<div class=\"right\">\n<p>River Plate<!-- --> &#8211; <span>&nbsp;<\/span><\/p>\n<h2 class=\"title-vid\">La conferencia despedida de Mart\u00edn Demichelis<\/h2>\n<\/div>\n<\/div>\n<p><span class=\"back\" id=\"spanBackembedPDLrZnTq\"><\/span><\/div>\n<p>TNT SPORTS.<\/p>\n<\/div>\n<div class=\"sc-a7166897-0 eoLsBE\" readability=\"6.5\">\n<section readability=\"3\"><picture><img alt=\"El Tren Valencia apunt\u00f3 contra Gallardo por el presente de Borja: &quot;Hay t\u00e9cnicos que confunden al jugador&quot;\" loading=\"lazy\" width=\"290\" height=\"290\" decoding=\"async\" data-nimg=\"1\" src=\"http:\/\/hoycordobaweb.com\/wp-content\/uploads\/2025\/04\/demichelis-y-el-partido-contra-river-en-el-mundial-de-clubes-sera-especial-2.jpg\"><\/picture>\n<p><span>Mir\u00e1 tambi\u00e9n<\/span><\/p>\n<hr>\n<h3>El Tren Valencia apunt\u00f3 contra Gallardo por el presente de Borja: \u00abHay t\u00e9cnicos que confunden al jugador\u00bb<\/h3>\n<\/p>\n<\/section>\n<\/div>\n<div class=\"sc-a7166897-0 eoLsBE\" readability=\"6\">\n<section readability=\"2\"><picture><img alt=\"Los grandes elogios de Gallardo a Kevin Casta\u00f1o por su nivel en River\" loading=\"lazy\" width=\"290\" height=\"290\" decoding=\"async\" data-nimg=\"1\" src=\"http:\/\/hoycordobaweb.com\/wp-content\/uploads\/2025\/04\/demichelis-y-el-partido-contra-river-en-el-mundial-de-clubes-sera-especial-3.jpg\"><\/picture>\n<p><span>Mir\u00e1 tambi\u00e9n<\/span><\/p>\n<hr>\n<h3>Los grandes elogios de Gallardo a Kevin Casta\u00f1o por su nivel en River<\/h3>\n<\/p>\n<\/section>\n<\/div>\n<div class=\"sc-a7166897-0 eoLsBE\" readability=\"6.5\">\n<section readability=\"3\"><picture><img alt=\"Videos: el fuerte reclamo de Enzo P\u00e9rez a Borja y la previa del penal entre Montiel y Driussi\" loading=\"lazy\" width=\"290\" height=\"290\" decoding=\"async\" data-nimg=\"1\" src=\"http:\/\/hoycordobaweb.com\/wp-content\/uploads\/2025\/04\/demichelis-y-el-partido-contra-river-en-el-mundial-de-clubes-sera-especial-4.jpg\"><\/picture>\n<p><span>Mir\u00e1 tambi\u00e9n<\/span><\/p>\n<hr>\n<h3>Videos: el fuerte reclamo de Enzo P\u00e9rez a Borja y la previa del penal entre Montiel y Driussi<\/h3>\n<\/p>\n<\/section>\n<\/div>\n<div class=\"sc-a7166897-0 eoLsBE\" readability=\"6.5\">\n<section readability=\"3\"><picture><img alt=\"Atento River: Independiente del Valle le gan\u00f3 a Universitario con un golazo en los \u00faltimos minutos\" loading=\"lazy\" width=\"290\" height=\"290\" decoding=\"async\" data-nimg=\"1\" src=\"http:\/\/hoycordobaweb.com\/wp-content\/uploads\/2025\/04\/demichelis-y-el-partido-contra-river-en-el-mundial-de-clubes-sera-especial-5.jpg\"><\/picture>\n<p><span>Mir\u00e1 tambi\u00e9n<\/span><\/p>\n<hr>\n<h3>Atento River: Independiente del Valle le gan\u00f3 a Universitario con un golazo en los \u00faltimos minutos<\/h3>\n<\/p>\n<\/section>\n<\/div>\n<\/div>\n","protected":false},"excerpt":{"rendered":"<p>09\/04\/2025 12:07hs. Actualizado al 09\/04\/2025 12:30hs. \u00abS\u00ed, es un partido especial para m\u00ed\u00bb. No bien escuch\u00f3 la pregunta, Mart\u00edn Demichelis no dud\u00f3 ni un segundo en su respuesta. Por primera vez desde que el sorteo de diciembre lo dispuso para la segunda fecha del grupo E del Mundial de Clubes, se refiri\u00f3 al duelo del [&hellip;]<\/p>\n","protected":false},"author":1,"featured_media":101722,"comment_status":"open","ping_status":"closed","sticky":false,"template":"","format":"standard","meta":[],"categories":[16],"tags":[],"_links":{"self":[{"href":"http:\/\/hoycordobaweb.com\/index.php\/wp-json\/wp\/v2\/posts\/101721"}],"collection":[{"href":"http:\/\/hoycordobaweb.com\/index.php\/wp-json\/wp\/v2\/posts"}],"about":[{"href":"http:\/\/hoycordobaweb.com\/index.php\/wp-json\/wp\/v2\/types\/post"}],"author":[{"embeddable":true,"href":"http:\/\/hoycordobaweb.com\/index.php\/wp-json\/wp\/v2\/users\/1"}],"replies":[{"embeddable":true,"href":"http:\/\/hoycordobaweb.com\/index.php\/wp-json\/wp\/v2\/comments?post=101721"}],"version-history":[{"count":0,"href":"http:\/\/hoycordobaweb.com\/index.php\/wp-json\/wp\/v2\/posts\/101721\/revisions"}],"wp:featuredmedia":[{"embeddable":true,"href":"http:\/\/hoycordobaweb.com\/index.php\/wp-json\/wp\/v2\/media\/101722"}],"wp:attachment":[{"href":"http:\/\/hoycordobaweb.com\/index.php\/wp-json\/wp\/v2\/media?parent=101721"}],"wp:term":[{"taxonomy":"category","embeddable":true,"href":"http:\/\/hoycordobaweb.com\/index.php\/wp-json\/wp\/v2\/categories?post=101721"},{"taxonomy":"post_tag","embeddable":true,"href":"http:\/\/hoycordobaweb.com\/index.php\/wp-json\/wp\/v2\/tags?post=101721"}],"curies":[{"name":"wp","href":"https:\/\/api.w.org\/{rel}","templated":true}]}}