{"id":1017,"date":"2020-09-03T18:20:51","date_gmt":"2020-09-03T18:20:51","guid":{"rendered":"https:\/\/www.perfil.com\/noticias\/economia\/precios-commodities-agricolas-entre-mayor-demanda-china-sequia.phtml"},"modified":"2020-09-03T18:20:51","modified_gmt":"2020-09-03T18:20:51","slug":"los-precios-de-los-commodities-agricolas-entre-la-mayor-demanda-china-y-la-sequia","status":"publish","type":"post","link":"http:\/\/hoycordobaweb.com\/index.php\/2020\/09\/03\/los-precios-de-los-commodities-agricolas-entre-la-mayor-demanda-china-y-la-sequia\/","title":{"rendered":"Los precios de los commodities agr\u00edcolas entre la mayor demanda china y la sequ\u00eda"},"content":{"rendered":"<p><img src=\"http:\/\/hoycordobaweb.com\/wp-content\/uploads\/2020\/09\/los-precios-de-los-commodities-agricolas-entre-la-mayor-demanda-china-y-la-sequia.jpg\"><\/p>\n<div><img src=\"http:\/\/hoycordobaweb.com\/wp-content\/uploads\/2020\/09\/los-precios-de-los-commodities-agricolas-entre-la-mayor-demanda-china-y-la-sequia-2.jpg\" class=\"ff-og-image-inserted\"><\/div>\n<aside class=\"relatedPost\">\n<h3>M\u00e1s noticias de economia<\/h3>\n<\/aside>\n<p><strong>Sube el precio de la soja en <a target=\"_blank\" href=\"https:\/\/www.cmegroup.com\/company\/cbot.html\" rel=\"noopener noreferrer\">Chicago<\/a> y sigue en el nivel m\u00e1s elevado en 30 meses, <\/strong>pero en el orden de los 350 d\u00f3lares la tonelada. Para la <a target=\"_blank\" href=\"https:\/\/www.bcr.com.ar\/es?utm_source=ADSgoogle&amp;utm_medium=SEM&amp;utm_campaign=BCR&amp;gclid=CjwKCAjwqML6BRAHEiwAdquMnY5P-gZ9KC9UQIZ8VIPLbI78sxqoY0pOX_Ban6IxB-3jEgrOks_SxxoCsgIQAvD_BwE\" rel=\"noopener noreferrer\">Bolsa de Rosario<\/a> esto se relaciona con<strong> \u201cla fuerte demanda de China\u201d<\/strong> y no son pocos los que se ilusionan con el \u201cviento de cola\u201d que puede soplar para el gobierno de <strong>Alberto Fern\u00e1ndez.<\/strong><\/p>\n<p>Por su parte, <strong>el trigo recompone precio,<\/strong> pero todav\u00eda est\u00e1 en<strong> valores pre pandemia<\/strong> y cotiza a marzo de 2021 en 208 d\u00f3lares y el <strong>ma\u00edz ronda los US$ 141 d\u00f3lares la tonelada a diciembre<\/strong>.<\/p>\n<p>La <a target=\"_blank\" href=\"https:\/\/www.perfil.com\/noticias\/economia\/g7-podria-ampliar-politicas-monetarias-contener-crisis-economica-coronavirus.phtml\" rel=\"noopener noreferrer\">pol\u00edtica monetaria expansiva que llevan adelante las econom\u00edas m\u00e1s fuertes del mundo<\/a>, adem\u00e1s del clima y la demanda de China son factores que reconocen los economistas consultados por <strong>PERFIL <\/strong>cuando leen el contexto de precios en recomposici\u00f3n, pero <strong>son cautos al esperar mejoras trascendentales. <\/strong>Con pandemia y clima Ni\u00f1a mediante (en esta parte del mundo), tal parece que la soja a 600 d\u00f3lares la tonelada no volver\u00e1.<\/p>\n<p>En la Argentina,<strong> la suerte est\u00e1 echada para el trigo<\/strong>. <strong>Ma\u00edz y soja arrancan a sembrarse ahora,<\/strong> pero en el mientras tanto, el clima meti\u00f3 la cola y comenzaron a aumentar algunos precios aunque no se espera que lleguen a compensar la ca\u00edda de productividad.<\/p>\n<p class=\"destacadoNota\"><a target=\"_blank\" href=\"http:\/\/supercampo.perfil.com\/2020\/08\/efecto-sequia-dejarian-de-ingresar-688-millones-dolares-por-exportacion-trigo\/\" rel=\"noopener noreferrer\">Por la falta de agua dejar\u00edan de ingresar US$ 668 millones menos por el trigo.&nbsp;<\/a><\/p>\n<p><strong>David Miazzo<\/strong>, economista de la <a target=\"_blank\" href=\"http:\/\/fundacionfada.org\/\" rel=\"noopener noreferrer\">Fundaci\u00f3n Agropecuaria para el Desarrollo de la Argentina<\/a>, entiende que<strong> la pol\u00edtica econ\u00f3mica expansiva a nivel global es lo que sostiene los precios y hace que algunos lo califiquen como \u201cviento de cola\u201d.<\/strong><\/p>\n<p>\u201cEl efecto positivo viene dado casi exclusivamente por las pol\u00edticas monetarias de las principales econom\u00edas del mundo, con EEUU y el Banco Central Europeo a la cabeza\u201d, dice al explicar que en el contexto de pandemia todos los pa\u00edses, <a target=\"_blank\" href=\"https:\/\/www.perfil.com\/noticias\/economia\/en-junio-se-desbordo-la-emision-y-advierten-por-el-peligro-de-suba-de-inflacion.phtml\" rel=\"noopener noreferrer\">Argentina incluida, est\u00e1n recurriendo a la misma herramienta, de la impresi\u00f3n de billetes.<\/a><\/p>\n<p>\u201cEso se traduce en <strong>mayores precios de los principales activos<\/strong>. Hemos visto como,<strong> a\u00fan con crisis econ\u00f3mica la Bolsa de EEUU contin\u00faa hac\u00edendo m\u00e1ximos<\/strong>,<strong> bajan las tasas de inter\u00e9s a nivel mundial de los bonos<\/strong>, <strong>aumenta el oro, se recupera el petr\u00f3leo y parte de eso filtra tambi\u00e9n a los commodities<\/strong> agr\u00edcolas\u201d, indic\u00f3.<\/p>\n<p class=\"destacadoNota\"><a target=\"_blank\" href=\"https:\/\/www.perfil.com\/noticias\/economia\/gobierno-alberto-fernandez-creo-el-programa-nacional-para-el-desarrollo-de-parques-industriales.phtml\" rel=\"noopener noreferrer\">El gobierno cre\u00f3 el \u00abPrograma Nacional para el Desarrollo de Parques Industriales\u00bb<\/a><\/p>\n<p>Con esta consideraciones <strong>el futuro de la pol\u00edtica monetaria internacional en los pr\u00f3ximos dos a\u00f1os <\/strong>permitr\u00e1 conocer si efectivamente habr\u00e1 un \u201cempuje extra\u201d para la Argentina.<\/p>\n<p>\u201cLo que si sabemos es que <strong>estamos en una situaci\u00f3n de liquidez mundial que ayuda a los precios y tambi\u00e9n a la disponibilidad de d\u00f3lares para el endeudamiento de empresa<\/strong>s y del gobierno, y&nbsp;para las inversiones; pero hay mucha desconfianza en el pa\u00eds para que eso se convierta efectivamente en viento de cola\u201d, analiz\u00f3 Miazzo.<\/p>\n<p>Y recuerda que uno de los mayores problemas para no poder \u201ccapitalizar\u201d este momento es la falta de un plan. \u201c<strong>Si Argentina tuviera ese plan macroecon\u00f3mico consistente<\/strong> tal vez podr\u00edamos aprovechar ese viento de cola mundial en relaci\u00f3n a liquedez mundial y al efecto que tiene sobre la capacidad de endeudamiento\u201d, dijo.<\/p>\n<p>Otro de los puntos que hay que considerar es la<strong> sequ\u00eda que en la Argentina <\/strong>por ahora s\u00f3lo afecta al trigo que se va a cosechar en diciembre, pero ya se habla de un 15% de merma en la producc\u00ed\u00f3n el a\u00f1o Ni\u00f1a.<\/p>\n<p>El nuevo round es ver c\u00f3mo sigue la disponibilidad agua para la siembra de cultivos de gruesa que comienza en septiembre. \u201cProbablemente veamos ca\u00edda de la producci\u00f3n respecto de la \u00faltima campa\u00f1a cercanas al 15% dependiendo de cu\u00e1l sea la falta de agua y muy dificilmente los precios puedan crecer ese 15% para amortiguar todo el efecto de la sequ\u00eda\u201d, precis\u00f3 Miazzo.<\/p>\n<p class=\"destacadoNota\"><a target=\"_blank\" href=\"https:\/\/www.perfil.com\/noticias\/economia\/vence-el-plazo-para-que-las-empresas-se-anoten-en-el-atp-de-agosto.phtml\" rel=\"noopener noreferrer\">Vence el plazo para que las empresas se anoten en el ATP de agosto<\/a><\/p>\n<p><strong>Enrique Erize<\/strong>, presidente y socio fundador de la consultora<a target=\"_blank\" href=\"http:\/\/www.novitas.com.ar\/\" rel=\"noopener noreferrer\"> N\u00f3vitas<\/a> tambi\u00e9n&nbsp;se\u00f1ala al clima como una de las razones por la que los precios mejoraron. \u201c<strong>El mercado se ha puesto alcista porque en varios lugares ha habido problemas<\/strong> como en<strong> EE.UU <\/strong>-aunque creo que es una excusa porque la cosecha americana va a ser muy buena-; en <strong>Francia <\/strong>y en <strong>Ucrania <\/strong>con un recorte productivo en trigo y en <strong>China <\/strong>por problemas de inundaciones\u201d, dijo. Para Erize <strong>\u201ctodo eso gener\u00f3 que los fondos que estaban vendidos se dieran vuelta en Chicago\u201d.<\/strong><\/p>\n<p>Por otro lado, indic\u00f3&nbsp;que&nbsp;los precios recompusieron porque se&nbsp;<strong>aceler\u00f3&nbsp;la demanda china de commodities<\/strong>&nbsp;bien para <a target=\"_blank\" href=\"https:\/\/www.perfil.com\/noticias\/bloomberg\/bc-eeuu-y-china-senalan-progreso-en-acuerdo-comercial-de-fase-uno.phtml\" rel=\"noopener noreferrer\">cumplir con la Fase 1 del acuerdo que mantiene con China<\/a> y finalizar la guerra comercial <strong>o bien porque tiene una demanda real y necesita importar<\/strong>.<\/p>\n<p class=\"destacadoNota\">Cabe recordar que la sequ\u00eda afectar\u00eda tambi\u00e9n al sur de Brasil con lo cual puede ser factor alcista en el verano nuestro e invierno de Chicago.<\/p>\n<p>Para el presidente de N\u00f3vitas, <strong>el partido se definir\u00e1 en el \u00faltimo trimestre del a\u00f1o en base a tres factores:<\/strong> \u201cLas <strong>elecciones norteamericanas<\/strong> (factor neutral&nbsp;para el mercado de granos porque cualquiera que gane no va a cambiar sustancialmente la pol\u00edtica para el sector); la cosecha en EEUU que estimo va a ser muy buena, con lo cual sumar\u00eda&nbsp;una tendencia bajista para los precios y en tercer lugar, <strong>la cosecha gruesa argentina, en un a\u00f1o Ni\u00f1a, que podr\u00eda ser factor alcista en caso que genere lo que se llama &#8216;premio clim\u00e1tico sudam\u00e9ricano&#8217;<\/strong> al afectar la cosecha de&nbsp;la Pampa H\u00fameda\u201d.<\/p>\n<p>Cabe recordar que la sequ\u00eda afectar\u00eda tambi\u00e9n al sur de Brasil con lo cual puede ser factor alcista en el verano nuestro e invierno de Chicago.&nbsp;Respecto a si los mejores precios podr\u00e1n compensar las ca\u00eddas productivas, Erize tambi\u00e9n lo ve \u201cpoco probable\u201d. \u201c<strong>Los precios van a mejorar<\/strong> y probablemente se mantengan con volatilidad<strong> pero dificilmente una ca\u00edda productiva se pueda ver compensada con los mejores precios<\/strong>. Nunca ha sido as\u00ed salvo excepciones como la sequ\u00eda norteamericana del 2012, pero no es este el caso\u201d, cerr\u00f3.<\/p>\n<p><strong>Respecto de los precios<\/strong><\/p>\n<p>Los contratos de la oleaginosa se pactaban hoy sin variaci\u00f3n en Chicago&nbsp;a US$ 353,7 la tonelada para septiembre, pero anotaban un avance de US$ 1,8 por tonelada hasta US$ 355,3 (posici\u00f3n noviembre), el punto m\u00e1s alto desde fines de febrero de 2018, mientras el aceite de soja sub\u00eda US$ 7,5 hasta US$ 743,6 (para octubre).<\/p>\n<p>El valor del ma\u00edz, en tanto, registraba una mejora de US$ 0,1 hasta US$ 137,8 por tonelada (posici\u00f3n septiembre) y US$ 141,2 (posici\u00f3n diciembre), debido a la expectativa de renovadas compras de China por el cereal estadounidense.<\/p>\n<p>A su vez, los contratos de trigo registraban un ascenso de US$ 0,5 por tonelada, hasta US$ 208,7 (posici\u00f3n marzo de 2021), impulsados por una rueda de compras t\u00e9cnicas, indic\u00f3 la Bolsa de Rosario.<\/p>\n","protected":false},"excerpt":{"rendered":"<p>M\u00e1s noticias de economia Sube el precio de la soja en Chicago y sigue en el nivel m\u00e1s elevado en 30 meses, pero en el orden de los 350 d\u00f3lares la tonelada. Para la Bolsa de Rosario esto se relaciona con \u201cla fuerte demanda de China\u201d y no son pocos los que se ilusionan con [&hellip;]<\/p>\n","protected":false},"author":1,"featured_media":1018,"comment_status":"closed","ping_status":"closed","sticky":false,"template":"","format":"standard","meta":[],"categories":[1],"tags":[],"_links":{"self":[{"href":"http:\/\/hoycordobaweb.com\/index.php\/wp-json\/wp\/v2\/posts\/1017"}],"collection":[{"href":"http:\/\/hoycordobaweb.com\/index.php\/wp-json\/wp\/v2\/posts"}],"about":[{"href":"http:\/\/hoycordobaweb.com\/index.php\/wp-json\/wp\/v2\/types\/post"}],"author":[{"embeddable":true,"href":"http:\/\/hoycordobaweb.com\/index.php\/wp-json\/wp\/v2\/users\/1"}],"replies":[{"embeddable":true,"href":"http:\/\/hoycordobaweb.com\/index.php\/wp-json\/wp\/v2\/comments?post=1017"}],"version-history":[{"count":0,"href":"http:\/\/hoycordobaweb.com\/index.php\/wp-json\/wp\/v2\/posts\/1017\/revisions"}],"wp:featuredmedia":[{"embeddable":true,"href":"http:\/\/hoycordobaweb.com\/index.php\/wp-json\/wp\/v2\/media\/1018"}],"wp:attachment":[{"href":"http:\/\/hoycordobaweb.com\/index.php\/wp-json\/wp\/v2\/media?parent=1017"}],"wp:term":[{"taxonomy":"category","embeddable":true,"href":"http:\/\/hoycordobaweb.com\/index.php\/wp-json\/wp\/v2\/categories?post=1017"},{"taxonomy":"post_tag","embeddable":true,"href":"http:\/\/hoycordobaweb.com\/index.php\/wp-json\/wp\/v2\/tags?post=1017"}],"curies":[{"name":"wp","href":"https:\/\/api.w.org\/{rel}","templated":true}]}}