{"id":101648,"date":"2025-04-08T11:36:54","date_gmt":"2025-04-08T11:36:54","guid":{"rendered":"https:\/\/fono.fcm.unc.edu.ar\/?p=13421"},"modified":"2025-04-08T11:36:54","modified_gmt":"2025-04-08T11:36:54","slug":"inicio-de-la-cursada-con-acompanamiento-de-autoridades-de-la-facultad-de-ciencias-medicas","status":"publish","type":"post","link":"http:\/\/hoycordobaweb.com\/index.php\/2025\/04\/08\/inicio-de-la-cursada-con-acompanamiento-de-autoridades-de-la-facultad-de-ciencias-medicas\/","title":{"rendered":"Inicio de la cursada con acompa\u00f1amiento de autoridades de la Facultad de Ciencias M\u00e9dicas"},"content":{"rendered":"<p>El d\u00eda de ayer se dio inicio a un nuevo ciclo acad\u00e9mico de la Licenciatura en Fonoaudiolog\u00eda con la presencia de autoridades de nuestra Facultad de Ciencias M\u00e9dicas y la Escuela de Fonoaudiolog\u00eda.<\/p>\n<p>Del acto de apertura participaron la Sra. Vicedecana de la Facultad de Ciencias M\u00e9dicas, Dra. Patricia Paglini y el Sr. Secretario de Ciencia y T\u00e9cnica de la Facultad de Ciencias M\u00e9dicas, Dr. Jorge Mukdsi &nbsp;junto con miembros del gabinete y docentes de la Escuela.<\/p>\n","protected":false},"excerpt":{"rendered":"<p>El d\u00eda de ayer se dio inicio a un nuevo ciclo acad\u00e9mico de la Licenciatura en Fonoaudiolog\u00eda con la presencia de autoridades de nuestra Facultad de Ciencias M\u00e9dicas y la Escuela de Fonoaudiolog\u00eda. Del acto de apertura participaron la Sra. Vicedecana de la Facultad de Ciencias M\u00e9dicas, Dra. Patricia Paglini y el Sr. Secretario de [&hellip;]<\/p>\n","protected":false},"author":1,"featured_media":0,"comment_status":"closed","ping_status":"closed","sticky":false,"template":"","format":"standard","meta":[],"categories":[1],"tags":[],"_links":{"self":[{"href":"http:\/\/hoycordobaweb.com\/index.php\/wp-json\/wp\/v2\/posts\/101648"}],"collection":[{"href":"http:\/\/hoycordobaweb.com\/index.php\/wp-json\/wp\/v2\/posts"}],"about":[{"href":"http:\/\/hoycordobaweb.com\/index.php\/wp-json\/wp\/v2\/types\/post"}],"author":[{"embeddable":true,"href":"http:\/\/hoycordobaweb.com\/index.php\/wp-json\/wp\/v2\/users\/1"}],"replies":[{"embeddable":true,"href":"http:\/\/hoycordobaweb.com\/index.php\/wp-json\/wp\/v2\/comments?post=101648"}],"version-history":[{"count":0,"href":"http:\/\/hoycordobaweb.com\/index.php\/wp-json\/wp\/v2\/posts\/101648\/revisions"}],"wp:attachment":[{"href":"http:\/\/hoycordobaweb.com\/index.php\/wp-json\/wp\/v2\/media?parent=101648"}],"wp:term":[{"taxonomy":"category","embeddable":true,"href":"http:\/\/hoycordobaweb.com\/index.php\/wp-json\/wp\/v2\/categories?post=101648"},{"taxonomy":"post_tag","embeddable":true,"href":"http:\/\/hoycordobaweb.com\/index.php\/wp-json\/wp\/v2\/tags?post=101648"}],"curies":[{"name":"wp","href":"https:\/\/api.w.org\/{rel}","templated":true}]}}