{"id":10159,"date":"2021-01-16T01:30:00","date_gmt":"2021-01-16T01:30:00","guid":{"rendered":"http:\/\/hoycordobaweb.com\/index.php\/2021\/01\/16\/dora-barrancos-la-ley-ive-es-de-orden-publico-y-su-cumplimiento-es-inexorable\/"},"modified":"2021-01-16T01:30:00","modified_gmt":"2021-01-16T01:30:00","slug":"dora-barrancos-la-ley-ive-es-de-orden-publico-y-su-cumplimiento-es-inexorable","status":"publish","type":"post","link":"http:\/\/hoycordobaweb.com\/index.php\/2021\/01\/16\/dora-barrancos-la-ley-ive-es-de-orden-publico-y-su-cumplimiento-es-inexorable\/","title":{"rendered":"Dora Barrancos: la ley IVE \u00abes de orden p\u00fablico y su cumplimiento es inexorable\u00bb"},"content":{"rendered":"<p><img src=\"http:\/\/hoycordobaweb.com\/wp-content\/uploads\/2021\/01\/dora-barrancos-la-ley-ive-es-de-orden-publico-y-su-cumplimiento-es-inexorable.jpg\"><\/p>\n<div class=\"image\" id=\"image\" readability=\"7\"> <img src=\"http:\/\/hoycordobaweb.com\/wp-content\/uploads\/2021\/01\/dora-barrancos-la-ley-ive-es-de-orden-publico-y-su-cumplimiento-es-inexorable-2.jpg\" alt=\"Barrancos: la ley IVE &quot;es de orden p\u00fablico y su cumplimiento es inexorable&quot;.\" title=\"Barrancos: la ley IVE &quot;es de orden p\u00fablico y su cumplimiento es inexorable&quot;.\"><\/p>\n<p>Barrancos: la ley IVE \u00abes de orden p\u00fablico y su cumplimiento es inexorable\u00bb.<\/p>\n<\/div>\n<p>La investigadora, soci\u00f3loga y militante feminista Dora Barrancos dijo que la ley de Interrupci\u00f3n Voluntaria del Embarazo (IVE) \u00abes de orden p\u00fablico y su cumplimiento es inexorable\u00bb, pese a que \u00abpuede haber algunas adversidades y dificultades iniciales\u00bb.<\/p>\n<p>As\u00ed lo manifest\u00f3 la asesora presidencial al ser consultada por la posici\u00f3n de algunos sectores de pedir ante la Justicia la inconstitucionalidad de la norma promulgada ayer.<\/p>\n<p>\u00abNo hay manera de sortear el cumplimiento de la ley y simplemente se trata de adecuaciones relativas a cada jurisdicci\u00f3n, por cuestiones que tienen que ver con la preparaci\u00f3n del sistema de salud, sobre todo p\u00fablico\u00bb, apunt\u00f3 Barrancos a T\u00e9lam.<\/p>\n<p>Asimismo, dijo que <strong>ley IVE \u00abmarca un hito, un quiebre de la circunstancia de retraso de la cuesti\u00f3n latinoamericana respecto a este derecho fundamental para las mujeres y las personas gestantes\u00bb<\/strong><\/p>\n<p>\u00abEl significado de la sanci\u00f3n de esta ley todav\u00eda no lo podemos mensurar dada su formidable trascendencia\u00bb, remarc\u00f3 Barrancos.<\/p>\n<p>Adem\u00e1s, subray\u00f3 que la eliminaci\u00f3n de la palabra \u00abintegral\u00bb del proyecto original que inclu\u00eda el t\u00e9rmino \u00absalud integral\u00bb \u00abno est\u00e1 significando ninguna circunstancia dram\u00e1tica que entorpezca o subvierta la ley\u00bb. <\/p>\n","protected":false},"excerpt":{"rendered":"<p>Barrancos: la ley IVE \u00abes de orden p\u00fablico y su cumplimiento es inexorable\u00bb. La investigadora, soci\u00f3loga y militante feminista Dora Barrancos dijo que la ley de Interrupci\u00f3n Voluntaria del Embarazo (IVE) \u00abes de orden p\u00fablico y su cumplimiento es inexorable\u00bb, pese a que \u00abpuede haber algunas adversidades y dificultades iniciales\u00bb. As\u00ed lo manifest\u00f3 la asesora [&hellip;]<\/p>\n","protected":false},"author":1,"featured_media":10160,"comment_status":"open","ping_status":"closed","sticky":false,"template":"","format":"standard","meta":[],"categories":[19],"tags":[],"_links":{"self":[{"href":"http:\/\/hoycordobaweb.com\/index.php\/wp-json\/wp\/v2\/posts\/10159"}],"collection":[{"href":"http:\/\/hoycordobaweb.com\/index.php\/wp-json\/wp\/v2\/posts"}],"about":[{"href":"http:\/\/hoycordobaweb.com\/index.php\/wp-json\/wp\/v2\/types\/post"}],"author":[{"embeddable":true,"href":"http:\/\/hoycordobaweb.com\/index.php\/wp-json\/wp\/v2\/users\/1"}],"replies":[{"embeddable":true,"href":"http:\/\/hoycordobaweb.com\/index.php\/wp-json\/wp\/v2\/comments?post=10159"}],"version-history":[{"count":0,"href":"http:\/\/hoycordobaweb.com\/index.php\/wp-json\/wp\/v2\/posts\/10159\/revisions"}],"wp:featuredmedia":[{"embeddable":true,"href":"http:\/\/hoycordobaweb.com\/index.php\/wp-json\/wp\/v2\/media\/10160"}],"wp:attachment":[{"href":"http:\/\/hoycordobaweb.com\/index.php\/wp-json\/wp\/v2\/media?parent=10159"}],"wp:term":[{"taxonomy":"category","embeddable":true,"href":"http:\/\/hoycordobaweb.com\/index.php\/wp-json\/wp\/v2\/categories?post=10159"},{"taxonomy":"post_tag","embeddable":true,"href":"http:\/\/hoycordobaweb.com\/index.php\/wp-json\/wp\/v2\/tags?post=10159"}],"curies":[{"name":"wp","href":"https:\/\/api.w.org\/{rel}","templated":true}]}}