{"id":101423,"date":"2025-04-06T14:18:55","date_gmt":"2025-04-06T14:18:55","guid":{"rendered":"https:\/\/www.ole.com.ar\/boca-juniors\/boca-diego-maradona-dalma-cumple-treintayocho-diegos-claudias-maradona_0_8A5NFvzH4U.html"},"modified":"2025-04-06T14:18:55","modified_gmt":"2025-04-06T14:18:55","slug":"la-iconica-tematica-del-cumpleanos-38-de-dalma-maradona-diego-y-boca-presentes","status":"publish","type":"post","link":"http:\/\/hoycordobaweb.com\/index.php\/2025\/04\/06\/la-iconica-tematica-del-cumpleanos-38-de-dalma-maradona-diego-y-boca-presentes\/","title":{"rendered":"La ic\u00f3nica tem\u00e1tica del cumplea\u00f1os 38 de Dalma Maradona: Diego y Boca, presentes"},"content":{"rendered":"<p><img src=\"http:\/\/hoycordobaweb.com\/wp-content\/uploads\/2025\/04\/la-iconica-tematica-del-cumpleanos-38-de-dalma-maradona-diego-y-boca-presentes.jpg\"><\/p>\n<p><time class=\"createDate\" datetime=\"2025-04-06T11:18:55-03:00\">06\/04\/2025 11:18hs.<\/time><\/p>\n<div id=\"storyBody\">\n<div class=\"custom-text \" readability=\"34.545454545455\">\n<p>Cuenta la leyenda (en realidad lo cont\u00f3 ella misma, pero ser\u00eda parte de \u00e9sta) que cuando <a href=\"https:\/\/www.ole.com.ar\/tema\/dalma-maradona.html\" title=\"Dalma Maradona\" alt=\"Dalma Maradona\" class=\"slug\">Dalma Maradona<\/a> cumpli\u00f3 15 a\u00f1os, en ese extravagante festejo que <a href=\"https:\/\/www.ole.com.ar\/tema\/diego-maradona.html\" title=\"Diego Maradona\" alt=\"Diego Maradona\" class=\"slug\">Diego<\/a> le organiz\u00f3 en la <a href=\"https:\/\/www.ole.com.ar\/tema\/bombonera.html\" title=\"Bombonera\" alt=\"Bombonera\" class=\"slug\">Bombonera<\/a>, el regalo fue nada menos que un cero kil\u00f3metro. Y que el di\u00e1logo que se dio entre padre e hija fue el siguiente:<\/p>\n<\/div>\n<div class=\"custom-text \">\n<p>-Pap\u00e1, tengo 15 a\u00f1os.<\/p>\n<\/div>\n<div class=\"custom-text \" readability=\"32\">\n<p>-Que lo manejen tus amigos.<\/p>\n<\/div>\n<div class=\"custom-text \" readability=\"32\">\n<p>-Ellos tambi\u00e9n tienen 15 a\u00f1os\u2026<\/p>\n<\/div>\n<div class=\"custom-text \" readability=\"35\">\n<p>La an\u00e9cdota tal vez sirva para graficar qu\u00e9 fue Diego Maradona puertas adentro, en la intimidad de su familia: un amor m\u00e1s all\u00e1 del personaje p\u00fablico que perdurar\u00e1 para siempre. <strong>Y que este s\u00e1bado se hizo presente en el festejo por los 38 a\u00f1os de la hija del 10.<\/strong><\/p>\n<\/div>\n<div class=\"sc-e7b891c4-0 ifHnQL image-embed\"><img alt=\"Fotos cumplea\u00f1os Dalma Diego Claudia Maradona\" loading=\"lazy\" width=\"720\" height=\"100\" decoding=\"async\" data-nimg=\"1\" src=\"http:\/\/hoycordobaweb.com\/wp-content\/uploads\/2025\/04\/la-iconica-tematica-del-cumpleanos-38-de-dalma-maradona-diego-y-boca-presentes-2.jpg\"><span class=\"epigraphe\">Fotos cumplea\u00f1os Dalma Diego Claudia Maradona<\/span><\/div>\n<div class=\"custom-text \" readability=\"36\">\n<p>Porque la tem\u00e1tica elegida para la ocasi\u00f3n fue la de una fiesta de disfraces. <strong>Con la particularidad que los invitados deb\u00edan llegar lookeados como si fueran El Diego o La Claudia, en cualquiera de sus versiones. Y por supuesto, Boca estuvo s\u00faper presente.<\/strong><\/p>\n<\/div>\n<div class=\"custom-text \" readability=\"41\">\n<p>As\u00ed, <strong>se vieron originalidades como un atuendo que Diego us\u00f3 para una entrevista, con pieles blancas, de smoking y con una copa de champagne en su mano.<\/strong> Otro que se puso <strong>una vincha y una musculosa como las que el 10 se puso para una nota televisiva en la d\u00e9cada del 2000<\/strong>. Y -por supuesto- <strong>no faltaron las camisetas de Boca, la Selecci\u00f3n Argentina y Napoli<\/strong>, adem\u00e1s de un invitado que lleg\u00f3 con las medias bien altas y al que la propia Dalma se sent\u00f3 a colocarle margaritas, al estilo de lo que ella misma hizo en una pr\u00e1ctica durante los d\u00edas en N\u00e1poles.<\/p>\n<\/div>\n<div class=\"custom-text \" readability=\"37\">\n<p>Con organizaci\u00f3n de la propia Claudia y su empresa de eventos, la fiesta cont\u00f3 con la presencia tambi\u00e9n de Giannina y de amigos de toda la familia. \u00bfDalma? <strong>Su look fue el del Diego en Boca del \u201895<\/strong>, aquel con el que las dos hermanas entraron escondidas en una caja para sorprender a pap\u00e1 el d\u00eda de su vuelta al Xeneize.<\/p>\n<\/div>\n<div class=\"custom-text \">\n<h2><strong>Todas las fotos del cumple de Dalma<\/strong><\/h2>\n<\/div>\n<div class=\"sc-e7b891c4-0 ifHnQL image-embed\"><img alt=\"Fotos cumplea\u00f1os Dalma Diego Claudia Maradona\" loading=\"lazy\" width=\"720\" height=\"100\" decoding=\"async\" data-nimg=\"1\" src=\"http:\/\/hoycordobaweb.com\/wp-content\/uploads\/2025\/04\/la-iconica-tematica-del-cumpleanos-38-de-dalma-maradona-diego-y-boca-presentes-3.jpg\"><span class=\"epigraphe\">Fotos cumplea\u00f1os Dalma Diego Claudia Maradona<\/span><\/div>\n<div class=\"sc-e7b891c4-0 ifHnQL image-embed\"><img alt=\"Fotos cumplea\u00f1os Dalma Diego Claudia Maradona\" loading=\"lazy\" width=\"720\" height=\"100\" decoding=\"async\" data-nimg=\"1\" src=\"http:\/\/hoycordobaweb.com\/wp-content\/uploads\/2025\/04\/la-iconica-tematica-del-cumpleanos-38-de-dalma-maradona-diego-y-boca-presentes-4.jpg\"><span class=\"epigraphe\">Fotos cumplea\u00f1os Dalma Diego Claudia Maradona<\/span><\/div>\n<div class=\"sc-e7b891c4-0 ifHnQL image-embed\"><img alt=\"Dalma le puso margaritas al Diego del Napoli.\" loading=\"lazy\" width=\"720\" height=\"100\" decoding=\"async\" data-nimg=\"1\" src=\"http:\/\/hoycordobaweb.com\/wp-content\/uploads\/2025\/04\/la-iconica-tematica-del-cumpleanos-38-de-dalma-maradona-diego-y-boca-presentes-5.jpg\"><span class=\"epigraphe\">Dalma le puso margaritas al Diego del Napoli.<\/span><\/div>\n<div class=\"sc-e7b891c4-0 ifHnQL image-embed\"><img alt=\"Fotos cumplea\u00f1os Dalma Diego Claudia Maradona\" loading=\"lazy\" width=\"720\" height=\"100\" decoding=\"async\" data-nimg=\"1\" src=\"http:\/\/hoycordobaweb.com\/wp-content\/uploads\/2025\/04\/la-iconica-tematica-del-cumpleanos-38-de-dalma-maradona-diego-y-boca-presentes-6.jpg\"><span class=\"epigraphe\">Fotos cumplea\u00f1os Dalma Diego Claudia Maradona<\/span><\/div>\n<div class=\"sc-e7b891c4-0 ifHnQL image-embed\"><img alt=\"Fotos cumplea\u00f1os Dalma Diego Claudia Maradona\" loading=\"lazy\" width=\"720\" height=\"100\" decoding=\"async\" data-nimg=\"1\" src=\"http:\/\/hoycordobaweb.com\/wp-content\/uploads\/2025\/04\/la-iconica-tematica-del-cumpleanos-38-de-dalma-maradona-diego-y-boca-presentes-7.jpg\"><span class=\"epigraphe\">Fotos cumplea\u00f1os Dalma Diego Claudia Maradona<\/span><\/div>\n<div class=\"sc-e7b891c4-0 ifHnQL image-embed\"><img alt=\"Fotos cumplea\u00f1os Dalma Diego Claudia Maradona\" loading=\"lazy\" width=\"720\" height=\"100\" decoding=\"async\" data-nimg=\"1\" src=\"http:\/\/hoycordobaweb.com\/wp-content\/uploads\/2025\/04\/la-iconica-tematica-del-cumpleanos-38-de-dalma-maradona-diego-y-boca-presentes-8.jpg\"><span class=\"epigraphe\">Fotos cumplea\u00f1os Dalma Diego Claudia Maradona<\/span><\/div>\n<div class=\"sc-e7b891c4-0 ifHnQL image-embed\"><img alt=\"Fotos cumplea\u00f1os Dalma Diego Claudia Maradona\" loading=\"lazy\" width=\"720\" height=\"100\" decoding=\"async\" data-nimg=\"1\" src=\"http:\/\/hoycordobaweb.com\/wp-content\/uploads\/2025\/04\/la-iconica-tematica-del-cumpleanos-38-de-dalma-maradona-diego-y-boca-presentes-9.jpg\"><span class=\"epigraphe\">Fotos cumplea\u00f1os Dalma Diego Claudia Maradona<\/span><\/div>\n<div class=\"sc-e7b891c4-0 ifHnQL image-embed\"><img alt=\"Fotos cumplea\u00f1os Dalma Diego Claudia Maradona\" loading=\"lazy\" width=\"720\" height=\"100\" decoding=\"async\" data-nimg=\"1\" src=\"http:\/\/hoycordobaweb.com\/wp-content\/uploads\/2025\/04\/la-iconica-tematica-del-cumpleanos-38-de-dalma-maradona-diego-y-boca-presentes-10.jpg\"><span class=\"epigraphe\">Fotos cumplea\u00f1os Dalma Diego Claudia Maradona<\/span><\/div>\n<div class=\"sc-e7b891c4-0 ifHnQL image-embed\"><img alt=\"Fotos cumplea\u00f1os Dalma Diego Claudia Maradona\" loading=\"lazy\" width=\"720\" height=\"100\" decoding=\"async\" data-nimg=\"1\" src=\"http:\/\/hoycordobaweb.com\/wp-content\/uploads\/2025\/04\/la-iconica-tematica-del-cumpleanos-38-de-dalma-maradona-diego-y-boca-presentes-11.jpg\"><span class=\"epigraphe\">Fotos cumplea\u00f1os Dalma Diego Claudia Maradona<\/span><\/div>\n<div class=\"sc-e7b891c4-0 ifHnQL image-embed\"><img alt=\"Fotos cumplea\u00f1os Dalma Diego Claudia Maradona\" loading=\"lazy\" width=\"720\" height=\"100\" decoding=\"async\" data-nimg=\"1\" src=\"http:\/\/hoycordobaweb.com\/wp-content\/uploads\/2025\/04\/la-iconica-tematica-del-cumpleanos-38-de-dalma-maradona-diego-y-boca-presentes-12.jpg\"><span class=\"epigraphe\">Fotos cumplea\u00f1os Dalma Diego Claudia Maradona<\/span><\/div>\n<div class=\"sc-e7b891c4-0 ifHnQL image-embed\"><img alt=\"Fotos cumplea\u00f1os Dalma Diego Claudia Maradona\" loading=\"lazy\" width=\"720\" height=\"100\" decoding=\"async\" data-nimg=\"1\" src=\"http:\/\/hoycordobaweb.com\/wp-content\/uploads\/2025\/04\/la-iconica-tematica-del-cumpleanos-38-de-dalma-maradona-diego-y-boca-presentes-13.jpg\"><span class=\"epigraphe\">Fotos cumplea\u00f1os Dalma Diego Claudia Maradona<\/span><\/div>\n<div class=\"sc-a7166897-0 eoLsBE\" readability=\"6.5\">\n<section readability=\"3\"><picture><img alt=\"Las claves de Boca-Barracas, otro partido con mucho en juego para el equipo de Gago\" loading=\"lazy\" width=\"290\" height=\"290\" decoding=\"async\" data-nimg=\"1\" src=\"http:\/\/hoycordobaweb.com\/wp-content\/uploads\/2025\/04\/la-iconica-tematica-del-cumpleanos-38-de-dalma-maradona-diego-y-boca-presentes-14.jpg\"><\/picture>\n<p><span>Mir\u00e1 tambi\u00e9n<\/span><\/p>\n<hr>\n<h3>Las claves de Boca-Barracas, otro partido con mucho en juego para el equipo de Gago<\/h3>\n<\/p>\n<\/section>\n<\/div>\n<div class=\"sc-a7166897-0 eoLsBE\" readability=\"6.5\">\n<section readability=\"3\"><picture><img alt=\"La lista de convocados de Boca con el regreso de Carlos Palacios, bajas y borrados\" loading=\"lazy\" width=\"290\" height=\"290\" decoding=\"async\" data-nimg=\"1\" src=\"http:\/\/hoycordobaweb.com\/wp-content\/uploads\/2025\/04\/la-iconica-tematica-del-cumpleanos-38-de-dalma-maradona-diego-y-boca-presentes-15.jpg\"><\/picture>\n<p><span>Mir\u00e1 tambi\u00e9n<\/span><\/p>\n<hr>\n<h3>La lista de convocados de Boca con el regreso de Carlos Palacios, bajas y borrados<\/h3>\n<\/p>\n<\/section>\n<\/div>\n<div class=\"sc-a7166897-0 eoLsBE\" readability=\"6\">\n<section readability=\"2\"><picture><img alt=\"La confesi\u00f3n de Cavani sobre su deuda con Boca: &quot;Todav\u00eda no...&quot;\" loading=\"lazy\" width=\"290\" height=\"290\" decoding=\"async\" data-nimg=\"1\" src=\"http:\/\/hoycordobaweb.com\/wp-content\/uploads\/2025\/04\/la-iconica-tematica-del-cumpleanos-38-de-dalma-maradona-diego-y-boca-presentes-16.jpg\"><\/picture>\n<p><span>Mir\u00e1 tambi\u00e9n<\/span><\/p>\n<hr>\n<h3>La confesi\u00f3n de Cavani sobre su deuda con Boca: \u00abTodav\u00eda no&#8230;\u00bb<\/h3>\n<\/p>\n<\/section>\n<\/div>\n<div class=\"sc-a7166897-0 eoLsBE\" readability=\"6\">\n<section readability=\"2\"><picture><img alt=\"La decisi\u00f3n que tom\u00f3 Gago con el pibe Rey Domenech\" loading=\"lazy\" width=\"290\" height=\"290\" decoding=\"async\" data-nimg=\"1\" src=\"http:\/\/hoycordobaweb.com\/wp-content\/uploads\/2025\/04\/la-iconica-tematica-del-cumpleanos-38-de-dalma-maradona-diego-y-boca-presentes-17.jpg\"><\/picture>\n<p><span>Mir\u00e1 tambi\u00e9n<\/span><\/p>\n<hr>\n<h3>La decisi\u00f3n que tom\u00f3 Gago con el pibe Rey Domenech<\/h3>\n<\/p>\n<\/section>\n<\/div>\n<\/div>\n","protected":false},"excerpt":{"rendered":"<p>06\/04\/2025 11:18hs. Cuenta la leyenda (en realidad lo cont\u00f3 ella misma, pero ser\u00eda parte de \u00e9sta) que cuando Dalma Maradona cumpli\u00f3 15 a\u00f1os, en ese extravagante festejo que Diego le organiz\u00f3 en la Bombonera, el regalo fue nada menos que un cero kil\u00f3metro. Y que el di\u00e1logo que se dio entre padre e hija fue [&hellip;]<\/p>\n","protected":false},"author":1,"featured_media":101424,"comment_status":"open","ping_status":"closed","sticky":false,"template":"","format":"standard","meta":[],"categories":[16],"tags":[],"_links":{"self":[{"href":"http:\/\/hoycordobaweb.com\/index.php\/wp-json\/wp\/v2\/posts\/101423"}],"collection":[{"href":"http:\/\/hoycordobaweb.com\/index.php\/wp-json\/wp\/v2\/posts"}],"about":[{"href":"http:\/\/hoycordobaweb.com\/index.php\/wp-json\/wp\/v2\/types\/post"}],"author":[{"embeddable":true,"href":"http:\/\/hoycordobaweb.com\/index.php\/wp-json\/wp\/v2\/users\/1"}],"replies":[{"embeddable":true,"href":"http:\/\/hoycordobaweb.com\/index.php\/wp-json\/wp\/v2\/comments?post=101423"}],"version-history":[{"count":0,"href":"http:\/\/hoycordobaweb.com\/index.php\/wp-json\/wp\/v2\/posts\/101423\/revisions"}],"wp:featuredmedia":[{"embeddable":true,"href":"http:\/\/hoycordobaweb.com\/index.php\/wp-json\/wp\/v2\/media\/101424"}],"wp:attachment":[{"href":"http:\/\/hoycordobaweb.com\/index.php\/wp-json\/wp\/v2\/media?parent=101423"}],"wp:term":[{"taxonomy":"category","embeddable":true,"href":"http:\/\/hoycordobaweb.com\/index.php\/wp-json\/wp\/v2\/categories?post=101423"},{"taxonomy":"post_tag","embeddable":true,"href":"http:\/\/hoycordobaweb.com\/index.php\/wp-json\/wp\/v2\/tags?post=101423"}],"curies":[{"name":"wp","href":"https:\/\/api.w.org\/{rel}","templated":true}]}}