{"id":101339,"date":"2025-04-05T13:45:25","date_gmt":"2025-04-05T13:45:25","guid":{"rendered":"https:\/\/www.ole.com.ar\/futbol-internacional\/espana\/real-madrid-valencia-liga-tabla-vivo_0_gvXWVxaHKh.html"},"modified":"2025-04-05T13:45:25","modified_gmt":"2025-04-05T13:45:25","slug":"el-real-madrid-vivio-una-tarde-de-terror-en-el-bernabeu-sufrio-una-derrota-sobre-la-hora-ante-valencia-y-se-alejo-del-barcelona-en-la-tabla","status":"publish","type":"post","link":"http:\/\/hoycordobaweb.com\/index.php\/2025\/04\/05\/el-real-madrid-vivio-una-tarde-de-terror-en-el-bernabeu-sufrio-una-derrota-sobre-la-hora-ante-valencia-y-se-alejo-del-barcelona-en-la-tabla\/","title":{"rendered":"El Real Madrid vivi\u00f3 una tarde de terror en el Bernab\u00e9u, sufri\u00f3 una derrota sobre la hora ante Valencia y se alej\u00f3 del Barcelona en la tabla"},"content":{"rendered":"<p><img src=\"http:\/\/hoycordobaweb.com\/wp-content\/uploads\/2025\/04\/el-real-madrid-vivio-una-tarde-de-terror-en-el-bernabeu-sufrio-una-derrota-sobre-la-hora-ante-valencia-y-se-alejo-del-barcelona-en-la-tabla.jpg\"><\/p>\n<p><span class=\"createDate\">05\/04\/2025 10:45hs.<\/span><time class=\"modificatedDate\" datetime=\"2025-04-05T13:20:07-03:00\"> Actualizado al 05\/04\/2025 13:20hs.<\/time><\/p>\n<div id=\"storyBody\">\n<div class=\"custom-text \" readability=\"32.559726962457\">\n<p>El <strong><a href=\"https:\/\/www.ole.com.ar\/tema\/real-madrid.html\" target=\"_blank\" title=\"Real Madrid\" alt=\"Real Madrid\" rel=\"noopener noreferrer\">Real Madrid<\/a> <\/strong>vivi\u00f3 una tarde de terror en el Santiago Bernab\u00e9u. Pese a que lleg\u00f3 a la fecha 30 de La Liga con serias chances de treparse a la cima de la tabla de posiciones, perdi\u00f3 2-1 contra el <strong><a href=\"https:\/\/www.ole.com.ar\/tema\/valencia.html\" target=\"_blank\" title=\"Valencia\" alt=\"Valencia\" rel=\"noopener noreferrer\">Valencia<\/a> <\/strong>sobre el final<strong> <\/strong>y no consigui\u00f3 el objetivo, que era ponerse a la par del <strong><a href=\"https:\/\/www.ole.com.ar\/tema\/barcelona.html\" target=\"_blank\" title=\"Barcelona\" alt=\"Barcelona\" rel=\"noopener noreferrer\">Barcelona<\/a><\/strong>.<\/p>\n<\/div>\n<div class=\"custom-text \" readability=\"38\">\n<p>A los 13&#8242;, el Merengue tuvo la primera clara de penal. Sin embargo, <strong>Vinicius <\/strong>fall\u00f3 el tiro y perdi\u00f3 la oportunidad de abrir el marcador. Como si fuera poco, tan solo dos minutos despu\u00e9s, una desatenci\u00f3n de la defensa permiti\u00f3 que <strong>Mouctar Diakhaby<\/strong> pusiera en ventaja al elenco visitante.<\/p>\n<\/div>\n<div class=\"sc-734b4696-1 kFfZtB\">\n<div class=\"sc-d00d9e74-0 hnHYbk\" type=\"embed\">\n<div class=\"sc-d00d9e74-1 iKVbz videoText\" id=\"contentTitleembed80KHCi8T\" type=\"embed\"><svg fill=\"#ffffff\"><symbol id=\"play\" viewBox=\"0 0 512 512\"><path d=\"M512 256C512 397.4 397.4 512 256 512C114.6 512 0 397.4 0 256C0 114.6 114.6 0 256 0C397.4 0 512 114.6 512 256zM176 168V344C176 352.7 180.7 360.7 188.3 364.9C195.8 369.2 205.1 369 212.5 364.5L356.5 276.5C363.6 272.1 368 264.4 368 256C368 247.6 363.6 239.9 356.5 235.5L212.5 147.5C205.1 142.1 195.8 142.8 188.3 147.1C180.7 151.3 176 159.3 176 168V168z\" \/><\/symbol><use xlink:href=\"#play\" \/><\/svg><\/p>\n<div class=\"right\">\n<p>Vinicius<!-- --> &#8211; <span>&nbsp;<\/span><\/p>\n<h2 class=\"title-vid\">Vinicius fall\u00f3 un penal en Real Madrid vs Valencia<\/h2>\n<\/div>\n<\/div>\n<p><span class=\"back\" id=\"spanBackembed80KHCi8T\"><\/span><\/div>\n<div class=\"JWvideoNota_title\">\n<p>Video: ESPN<\/p>\n<\/div>\n<\/div>\n<div class=\"sc-734b4696-1 kFfZtB\">\n<div class=\"sc-d00d9e74-0 hnHYbk\" type=\"embed\">\n<div class=\"sc-d00d9e74-1 iKVbz videoText\" id=\"contentTitleembedCA24RNs6\" type=\"embed\"><svg fill=\"#ffffff\"><symbol id=\"play\" viewBox=\"0 0 512 512\"><path d=\"M512 256C512 397.4 397.4 512 256 512C114.6 512 0 397.4 0 256C0 114.6 114.6 0 256 0C397.4 0 512 114.6 512 256zM176 168V344C176 352.7 180.7 360.7 188.3 364.9C195.8 369.2 205.1 369 212.5 364.5L356.5 276.5C363.6 272.1 368 264.4 368 256C368 247.6 363.6 239.9 356.5 235.5L212.5 147.5C205.1 142.1 195.8 142.8 188.3 147.1C180.7 151.3 176 159.3 176 168V168z\" \/><\/symbol><use xlink:href=\"#play\" \/><\/svg><\/p>\n<div class=\"right\">\n<p>Real Madrid<!-- --> &#8211; <span>&nbsp;<\/span><\/p>\n<h2 class=\"title-vid\">Diakhaby pone el 1-0 para el Valencia<\/h2>\n<\/div>\n<\/div>\n<p><span class=\"back\" id=\"spanBackembedCA24RNs6\"><\/span><\/div>\n<div class=\"JWvideoNota_title\">\n<p>Video: ESPN Argentina<\/p>\n<\/div>\n<\/div>\n<div class=\"custom-text \" readability=\"38\">\n<p>Luego, en su peor momento, el local puso el empate parcial, pero la intervenci\u00f3n del VAR hizo que la felicidad le durara poco. Por un offside, el equipo de <strong>Kylian Mbapp\u00e9<\/strong> qued\u00f3 nuevamente en cero y se fue al descanso con el resultado en contra.<\/p>\n<\/div>\n<div class=\"custom-text \" readability=\"36\">\n<p>Apenas arranc\u00f3 el complemento, el delantero brasile\u00f1o sali\u00f3 a la cancha dispuesto a reivindicarse por haber fallado desde los 12 pasos en el inicio y lo logr\u00f3 m\u00e1s r\u00e1pido de lo esperado. Con una gran asistencia de <strong>Jude Bellingham<\/strong>, Vini marc\u00f3 y subi\u00f3 a su equipo nuevamente al ring.<\/p>\n<\/div>\n<div class=\"sc-734b4696-1 kFfZtB\">\n<div class=\"sc-d00d9e74-0 hnHYbk\" type=\"embed\">\n<div class=\"sc-d00d9e74-1 iKVbz videoText\" id=\"contentTitleembedkGI9WSCU\" type=\"embed\"><svg fill=\"#ffffff\"><symbol id=\"play\" viewBox=\"0 0 512 512\"><path d=\"M512 256C512 397.4 397.4 512 256 512C114.6 512 0 397.4 0 256C0 114.6 114.6 0 256 0C397.4 0 512 114.6 512 256zM176 168V344C176 352.7 180.7 360.7 188.3 364.9C195.8 369.2 205.1 369 212.5 364.5L356.5 276.5C363.6 272.1 368 264.4 368 256C368 247.6 363.6 239.9 356.5 235.5L212.5 147.5C205.1 142.1 195.8 142.8 188.3 147.1C180.7 151.3 176 159.3 176 168V168z\" \/><\/symbol><use xlink:href=\"#play\" \/><\/svg><\/p>\n<div class=\"right\">\n<p>Real Madrid<!-- --> &#8211; <span>&nbsp;<\/span><\/p>\n<h2 class=\"title-vid\">Vinicius se redimi\u00f3 de su penal errado y puso el empate vs. Valencia<\/h2>\n<\/div>\n<\/div>\n<p><span class=\"back\" id=\"spanBackembedkGI9WSCU\"><\/span><\/div>\n<div class=\"JWvideoNota_title\">\n<p>Video: ESPN Argentina<\/p>\n<\/div>\n<\/div>\n<div class=\"custom-text \" readability=\"35\">\n<p>Aunque generaron muchas m\u00e1s situaciones en la otra \u00e1rea, los dirigidos por <strong>Carlo Ancelotti <\/strong>no pudieron volver a convertir y sufrieron un gol de <strong>Hugo Perales<\/strong> en el tiempo agregado que los conden\u00f3 a la derrota y los dej\u00f3 sin respuestas.<\/p>\n<\/div>\n<p><h2>La mala racha que arrastra el Real Madrid con los penales<\/h2>\n<\/p>\n<div class=\"custom-text \" readability=\"38\">\n<p>Solo teniendo en cuenta todos los penales fallados de la vigente temporada, el <strong>Real Madrid <\/strong>acumula <strong>cinco errados<\/strong>. Por lo tanto, con el que desperdici\u00f3 frente al <strong>Valencia<\/strong>, registr\u00f3 su peor marca desde 2013\/14, momento en el que le sucedi\u00f3 por \u00faltima vez.<\/p>\n<\/div>\n<p><h2>Qu\u00e9 le queda al Real Madrid en La Liga y c\u00f3mo sigue la pelea por el t\u00edtulo con el Barcelona<\/h2>\n<\/p>\n<div class=\"custom-text \" readability=\"38\">\n<p>Con la derrota ante <strong>Valencia<\/strong>, el <strong>Real Madrid<\/strong> qued\u00f3 a tres unidades del Cul\u00e9, que est\u00e1 primero con un partido menos. Por lo tanto, si el elenco de <strong>Hansi Flick <\/strong>aprovecha el envi\u00f3n a su favor y vence esta tarde al <strong>Betis<\/strong>, estirar\u00e1 aun m\u00e1s la ventaja.<\/p>\n<\/div>\n<div class=\"custom-text \" readability=\"36\">\n<p>De todas formas, <strong>quedan 24 puntos y ocho fechas en juego<\/strong>. Por lo tanto, nada est\u00e1 escrito en La Liga, que definir\u00e1 a su campe\u00f3n sobre la marcha.<\/p>\n<\/div>\n<div class=\"custom-text \" readability=\"40\">\n<p>En este contexto, el Merengue cerrar\u00e1 su calendario ante <strong>Alav\u00e9s<\/strong>, <strong>Athletic<\/strong>, <strong>Getafe<\/strong>, <strong>Celta de Vigo<\/strong>, <strong>Barcelona<\/strong>, <strong>Mallorca<\/strong>, <strong>Sevilla <\/strong>y <strong>Real Sociedad<\/strong>.<\/p>\n<\/div>\n<div class=\"sc-e7b891c4-0 ifHnQL image-embed\"><img alt=\"Vinicius celebra el gol. (EFE)\" loading=\"lazy\" width=\"720\" height=\"100\" decoding=\"async\" data-nimg=\"1\" src=\"http:\/\/hoycordobaweb.com\/wp-content\/uploads\/2025\/04\/el-real-madrid-vivio-una-tarde-de-terror-en-el-bernabeu-sufrio-una-derrota-sobre-la-hora-ante-valencia-y-se-alejo-del-barcelona-en-la-tabla-2.jpg\"><span class=\"epigraphe\">Vinicius celebra el gol. (EFE)<\/span><\/div>\n<div class=\"sc-a7166897-0 eoLsBE\" readability=\"6.5\">\n<section readability=\"3\"><picture><img alt=\"Con Hurac\u00e1n como nuevo integrante y Central C\u00f3rdoba a la espera: la lista de equipos argentinos que ganaron en Brasil\" loading=\"lazy\" width=\"290\" height=\"290\" decoding=\"async\" data-nimg=\"1\" src=\"http:\/\/hoycordobaweb.com\/wp-content\/uploads\/2025\/04\/el-real-madrid-vivio-una-tarde-de-terror-en-el-bernabeu-sufrio-una-derrota-sobre-la-hora-ante-valencia-y-se-alejo-del-barcelona-en-la-tabla-3.jpg\"><\/picture>\n<p><span>Mir\u00e1 tambi\u00e9n<\/span><\/p>\n<hr>\n<h3>Con Hurac\u00e1n como nuevo integrante y Central C\u00f3rdoba a la espera: la lista de equipos argentinos que ganaron en Brasil<\/h3>\n<\/p>\n<\/section>\n<\/div>\n<div class=\"sc-a7166897-0 eoLsBE\" readability=\"6.5\">\n<section readability=\"3\"><picture><img alt=\"El ins\u00f3lito motivo por el que le prohibieron usar una camiseta alternativa al Hamburgo \" loading=\"lazy\" width=\"290\" height=\"290\" decoding=\"async\" data-nimg=\"1\" src=\"http:\/\/hoycordobaweb.com\/wp-content\/uploads\/2025\/04\/el-real-madrid-vivio-una-tarde-de-terror-en-el-bernabeu-sufrio-una-derrota-sobre-la-hora-ante-valencia-y-se-alejo-del-barcelona-en-la-tabla-4.jpg\"><\/picture>\n<p><span>Mir\u00e1 tambi\u00e9n<\/span><\/p>\n<hr>\n<h3>El ins\u00f3lito motivo por el que le prohibieron usar una camiseta alternativa al Hamburgo <\/h3>\n<\/p>\n<\/section>\n<\/div>\n<div class=\"sc-a7166897-0 eoLsBE\" readability=\"7.5\">\n<section readability=\"5\"><picture><img alt=\"A lo Thiago Almada: \u00c1lvaro Montoro, la joya de V\u00e9lez, estar\u00eda en la mira del Botafogo\" loading=\"lazy\" width=\"290\" height=\"290\" decoding=\"async\" data-nimg=\"1\" src=\"http:\/\/hoycordobaweb.com\/wp-content\/uploads\/2025\/04\/el-real-madrid-vivio-una-tarde-de-terror-en-el-bernabeu-sufrio-una-derrota-sobre-la-hora-ante-valencia-y-se-alejo-del-barcelona-en-la-tabla-5.jpg\"><\/picture>\n<p><span>Mir\u00e1 tambi\u00e9n<\/span><\/p>\n<hr>\n<h3>A lo Thiago Almada: \u00c1lvaro Montoro, la joya de V\u00e9lez, estar\u00eda en la mira del Botafogo<\/h3>\n<\/p>\n<\/section>\n<\/div>\n<\/div>\n","protected":false},"excerpt":{"rendered":"<p>05\/04\/2025 10:45hs. Actualizado al 05\/04\/2025 13:20hs. El Real Madrid vivi\u00f3 una tarde de terror en el Santiago Bernab\u00e9u. Pese a que lleg\u00f3 a la fecha 30 de La Liga con serias chances de treparse a la cima de la tabla de posiciones, perdi\u00f3 2-1 contra el Valencia sobre el final y no consigui\u00f3 el objetivo, [&hellip;]<\/p>\n","protected":false},"author":1,"featured_media":101340,"comment_status":"open","ping_status":"closed","sticky":false,"template":"","format":"standard","meta":[],"categories":[16],"tags":[],"_links":{"self":[{"href":"http:\/\/hoycordobaweb.com\/index.php\/wp-json\/wp\/v2\/posts\/101339"}],"collection":[{"href":"http:\/\/hoycordobaweb.com\/index.php\/wp-json\/wp\/v2\/posts"}],"about":[{"href":"http:\/\/hoycordobaweb.com\/index.php\/wp-json\/wp\/v2\/types\/post"}],"author":[{"embeddable":true,"href":"http:\/\/hoycordobaweb.com\/index.php\/wp-json\/wp\/v2\/users\/1"}],"replies":[{"embeddable":true,"href":"http:\/\/hoycordobaweb.com\/index.php\/wp-json\/wp\/v2\/comments?post=101339"}],"version-history":[{"count":0,"href":"http:\/\/hoycordobaweb.com\/index.php\/wp-json\/wp\/v2\/posts\/101339\/revisions"}],"wp:featuredmedia":[{"embeddable":true,"href":"http:\/\/hoycordobaweb.com\/index.php\/wp-json\/wp\/v2\/media\/101340"}],"wp:attachment":[{"href":"http:\/\/hoycordobaweb.com\/index.php\/wp-json\/wp\/v2\/media?parent=101339"}],"wp:term":[{"taxonomy":"category","embeddable":true,"href":"http:\/\/hoycordobaweb.com\/index.php\/wp-json\/wp\/v2\/categories?post=101339"},{"taxonomy":"post_tag","embeddable":true,"href":"http:\/\/hoycordobaweb.com\/index.php\/wp-json\/wp\/v2\/tags?post=101339"}],"curies":[{"name":"wp","href":"https:\/\/api.w.org\/{rel}","templated":true}]}}