{"id":101261,"date":"2025-04-05T07:15:21","date_gmt":"2025-04-05T07:15:21","guid":{"rendered":"http:\/\/hoycordobaweb.com\/index.php\/2025\/04\/05\/larreta-municipaliza-el-discurso-y-elige-dos-candidatos-de-voceros\/"},"modified":"2025-04-05T07:15:21","modified_gmt":"2025-04-05T07:15:21","slug":"larreta-municipaliza-el-discurso-y-elige-dos-candidatos-de-voceros","status":"publish","type":"post","link":"http:\/\/hoycordobaweb.com\/index.php\/2025\/04\/05\/larreta-municipaliza-el-discurso-y-elige-dos-candidatos-de-voceros\/","title":{"rendered":"Larreta municipaliza el discurso y elige dos candidatos de voceros"},"content":{"rendered":"<div class=\"media_block\"><\/div>\n<div><img src=\"http:\/\/hoycordobaweb.com\/wp-content\/uploads\/2025\/04\/larreta-municipaliza-el-discurso-y-elige-dos-candidatos-de-voceros.jpg\" class=\"ff-og-image-inserted\"><\/div>\n<p>De lunes a lunes. Entre seis y ocho horas en la calle. Horacio Rodr\u00edguez Larreta, fiel a su estilo, dise\u00f1\u00f3 una campa\u00f1a a su medida: recorriendo la Ciudad con su libreta en mano, casi sin asesores y con los candidatos que lo acompa\u00f1an en la boleta muy cerca.<\/p>\n<p>Todo en el marco de una campa\u00f1a muy corta en la cual intentar\u00e1 mostrar que su paso por el Gobierno de la Ciudad fue, en contraste con el de Jorge Macri, mucho mejor. Y, sobre todo, que su forma de gestionar exhib\u00eda mejores resultados.<\/p>\n<p>En ese marco, el exjefe de Gobierno y excandidato a presidente est\u00e1 m\u00e1s suelto que nunca. No ahorra palabras de elogio a su lista, donde confluyen la senadora Guadalupe Tagliaferri y, sobre todo, para el exvicejefe de Gobierno, Emmanuel Ferrario, su golden boy.<\/p>\n<div class=\"subscription\" readability=\"6.683257918552\">\n<p> Esto no les gusta a los autoritarios <\/p>\n<div class=\"subscription__container\" readability=\"6.1467391304348\">\n<div class=\"subscription__text-wrapper\" readability=\"31.20652173913\">\n<p> El ejercicio del periodismo profesional y cr\u00edtico es un pilar fundamental de la democracia. Por eso molesta a quienes creen ser los due\u00f1os de la verdad. <\/p>\n<\/p><\/div><\/div><\/div>\n<p>Su irrupci\u00f3n en la arena electoral para las elecciones de medio t\u00e9rmino en la Ciudad fue una de las novedades m\u00e1s trascendentales para la competencia. En particular porque Jorge Macri ven\u00eda repitiendo que jugar\u00eda. Se lo avisaron varios actores de la pol\u00edtica porte\u00f1a. Uno de ellos, N\u00e9stor Grindetti, antes de dejar la Jefatura de Gabinete. El jefe de Gobierno descrey\u00f3.<\/p>\n<p>Con todo, Larreta decidi\u00f3 que Ferrario y Jorge Telerman, quinto en la lista y exjefe de Gobierno, sean los voceros oficiales de la campa\u00f1a. Se los ver\u00e1 en televisi\u00f3n, en radio y en streamings de todo tipo. A diferencia de otros espacios pol\u00edticos, los larretistas no evitan medios vinculados al kirchnerismo o al progresismo.<\/p>\n<p>Ferrario va por su reelecci\u00f3n \u2013encabez\u00f3 la boleta a legisladores porte\u00f1os de 2021 cuando Mar\u00eda Eugenia Vidal fue la cabeza de la lista a diputados nacionales\u2013.<\/p>\n<p>Mientras que para Telerman es una suerte de revancha pol\u00edtica (aunque \u00e9l jam\u00e1s lo expresar\u00eda de esa manera): se fue del gobierno de Jorge Macri de mala manera luego de ser echado de la direcci\u00f3n del Teatro Col\u00f3n por supuestas diferencias en la gesti\u00f3n.<\/p>\n<p>De todas maneras, Larreta cree que esta elecci\u00f3n debe municipalizarse. A diferencia de otros espacios, como La Libertad Avanza, le hablar\u00e1 al primer metro cuadrado de los vecinos.<\/p>\n<p>Con un equipo muy peque\u00f1o de leales, m\u00e1s el flamante consultor Marcos Urtubey, hijo del exgobernador salte\u00f1o, Larreta se siente a gusto criticando el \u201color a pis\u201d o \u201cla falta de polic\u00edas\u201d, seg\u00fan repite. Su apelaci\u00f3n al or\u00edn fue el primer hit de la campa\u00f1a: se instal\u00f3 r\u00e1pidamente. Y ahora muestra videos por la calle donde los vecinos le responden si hay olor o no.<\/p>\n","protected":false},"excerpt":{"rendered":"<p>De lunes a lunes. Entre seis y ocho horas en la calle. Horacio Rodr\u00edguez Larreta, fiel a su estilo, dise\u00f1\u00f3 una campa\u00f1a a su medida: recorriendo la Ciudad con su libreta en mano, casi sin asesores y con los candidatos que lo acompa\u00f1an en la boleta muy cerca. Todo en el marco de una campa\u00f1a [&hellip;]<\/p>\n","protected":false},"author":1,"featured_media":101262,"comment_status":"closed","ping_status":"closed","sticky":false,"template":"","format":"standard","meta":[],"categories":[19],"tags":[],"_links":{"self":[{"href":"http:\/\/hoycordobaweb.com\/index.php\/wp-json\/wp\/v2\/posts\/101261"}],"collection":[{"href":"http:\/\/hoycordobaweb.com\/index.php\/wp-json\/wp\/v2\/posts"}],"about":[{"href":"http:\/\/hoycordobaweb.com\/index.php\/wp-json\/wp\/v2\/types\/post"}],"author":[{"embeddable":true,"href":"http:\/\/hoycordobaweb.com\/index.php\/wp-json\/wp\/v2\/users\/1"}],"replies":[{"embeddable":true,"href":"http:\/\/hoycordobaweb.com\/index.php\/wp-json\/wp\/v2\/comments?post=101261"}],"version-history":[{"count":0,"href":"http:\/\/hoycordobaweb.com\/index.php\/wp-json\/wp\/v2\/posts\/101261\/revisions"}],"wp:featuredmedia":[{"embeddable":true,"href":"http:\/\/hoycordobaweb.com\/index.php\/wp-json\/wp\/v2\/media\/101262"}],"wp:attachment":[{"href":"http:\/\/hoycordobaweb.com\/index.php\/wp-json\/wp\/v2\/media?parent=101261"}],"wp:term":[{"taxonomy":"category","embeddable":true,"href":"http:\/\/hoycordobaweb.com\/index.php\/wp-json\/wp\/v2\/categories?post=101261"},{"taxonomy":"post_tag","embeddable":true,"href":"http:\/\/hoycordobaweb.com\/index.php\/wp-json\/wp\/v2\/tags?post=101261"}],"curies":[{"name":"wp","href":"https:\/\/api.w.org\/{rel}","templated":true}]}}