{"id":101147,"date":"2025-04-03T15:13:34","date_gmt":"2025-04-03T15:13:34","guid":{"rendered":"https:\/\/www.ole.com.ar\/futbol-internacional\/inglaterra\/gol-especial-grealish-convirtio-25-aniversario-fallecimiento-hermano-menor_0_VsTg5EEfMs.html"},"modified":"2025-04-03T15:13:34","modified_gmt":"2025-04-03T15:13:34","slug":"el-gol-mas-especial-de-grealish-convirtio-en-el-25o-aniversario-del-fallecimiento-de-su-hermano-menor","status":"publish","type":"post","link":"http:\/\/hoycordobaweb.com\/index.php\/2025\/04\/03\/el-gol-mas-especial-de-grealish-convirtio-en-el-25o-aniversario-del-fallecimiento-de-su-hermano-menor\/","title":{"rendered":"El gol m\u00e1s especial de Grealish: convirti\u00f3 en el 25\u00ba aniversario del fallecimiento de su hermano menor"},"content":{"rendered":"<p><img src=\"http:\/\/hoycordobaweb.com\/wp-content\/uploads\/2025\/04\/el-gol-mas-especial-de-grealish-convirtio-en-el-25o-aniversario-del-fallecimiento-de-su-hermano-menor.jpg\"><\/p>\n<p><time class=\"createDate\" datetime=\"2025-04-03T12:13:34-03:00\">03\/04\/2025 12:13hs.<\/time><\/p>\n<div id=\"storyBody\">\n<div class=\"custom-text \" readability=\"35.285714285714\">\n<p>El gol de <strong><a href=\"https:\/\/www.ole.com.ar\/tema\/jack-grealish.html\" title=\"Jack Grealish\" alt=\"Jack Grealish\" class=\"slug\">Jack Grealish<\/a><\/strong> a los dos minutos del partido frente al Leicester no fue un tanto m\u00e1s para el delantero del <strong><a href=\"https:\/\/www.ole.com.ar\/tema\/manchester-city.html\" title=\"Manchester City\" alt=\"Manchester City\" class=\"slug\">Manchester City<\/a><\/strong>. No s\u00f3lo volvi\u00f3 a reencontrarse con el gol, luego de 16 meses desde su \u00faltimo tanto, sino que encima, fue en un d\u00eda muy significativo para \u00e9l y para toda su familia: <strong>el d\u00eda en el que se cumpl\u00eda el 25\u00ba aniversario del fallecimiento de su hermano menor. <\/strong><\/p>\n<\/div>\n<div class=\"custom-text \" readability=\"38\">\n<p>Visiblemente emocionado, en cuanto la pelota cruz\u00f3 la l\u00ednea, Grealish levant\u00f3 los brazos al cielo y<strong> record\u00f3 al peque\u00f1o Keelan, quien perdi\u00f3 la vida con s\u00f3lo nueve meses, cuando el futbolista ten\u00eda cuatro.<\/strong><\/p>\n<\/div>\n<div class=\"custom-text \" readability=\"35\">\n<p><strong>\u00abFue un d\u00eda hermoso. Mi hermano peque\u00f1o falleci\u00f3 hoy hace 25 a\u00f1os. Este d\u00eda siempre es dif\u00edcil en la familia, pero me alegr\u00f3 mucho poder marcar\u00bb, <\/strong>coment\u00f3 Grealish tras el partido. <\/p>\n<\/div>\n<div class=\"sc-e7b891c4-0 ifHnQL image-embed\"><img alt=\"El posteo de Grealish para su hermano\" loading=\"lazy\" width=\"720\" height=\"100\" decoding=\"async\" data-nimg=\"1\" src=\"http:\/\/hoycordobaweb.com\/wp-content\/uploads\/2025\/04\/el-gol-mas-especial-de-grealish-convirtio-en-el-25o-aniversario-del-fallecimiento-de-su-hermano-menor-2.jpg\"><span class=\"epigraphe\">El posteo de Grealish para su hermano<\/span><\/div>\n<div class=\"custom-text \" readability=\"34\">\n<p>Y en la misma l\u00ednea, agreg\u00f3:<strong> \u00abFue un gol muy especial. Mis padres estaban aqu\u00ed hoy. Este d\u00eda siempre es dif\u00edcil en la familia<\/strong>. As\u00ed que marcar y ganar fue brillante\u00bb.<\/p>\n<\/div>\n<div class=\"custom-text \" readability=\"42\">\n<p>Adem\u00e1s, con respecto al tiempo que pas\u00f3 sin convertir, explic\u00f3: <strong>\u00abEn cuanto marqu\u00e9, supe que dir\u00edan lo mismo, pero esta temporada no he estado en mi mejor momento, ni siquiera la pasada.<\/strong> Pero siento que incluso cuando he jugado, sobre todo en 2025, solo he sido titular en tres o cuatro partidos. No he sido titular en la Premier League desde antes de Navidad. Pero estaba contento de haber sido titular esta noche y de haber marcado\u00bb. <\/p>\n<\/div>\n<div class=\"custom-text \" readability=\"37\">\n<p><strong>\u00abConmigo siempre, especialmente este d\u00eda. Esto fue para ti, Keelan\u00bb, <\/strong>escribi\u00f3 Jack en sus redes sociales, junto a la foto del festejo y una de la tumba de su peque\u00f1o hermano. <\/p>\n<\/div>\n<div class=\"sc-e7b891c4-0 ifHnQL image-embed\"><img alt=\"Grealish comparti\u00f3 una foto de la tumba de su peque\u00f1o hermano.\" loading=\"lazy\" width=\"720\" height=\"100\" decoding=\"async\" data-nimg=\"1\" src=\"http:\/\/hoycordobaweb.com\/wp-content\/uploads\/2025\/04\/el-gol-mas-especial-de-grealish-convirtio-en-el-25o-aniversario-del-fallecimiento-de-su-hermano-menor-3.jpg\"><span class=\"epigraphe\">Grealish comparti\u00f3 una foto de la tumba de su peque\u00f1o hermano.<\/span><\/div>\n<p><h2><strong>Qu\u00e9 dijo Guardiola luego del gol y del emotivo festejo de Grealish<\/strong><\/h2>\n<\/p>\n<div class=\"custom-text \" readability=\"37\">\n<p><strong>\u00abJack es un ser humano incre\u00edble, tanto en sus gestos como con los dem\u00e1s. Es incre\u00edblemente generoso\u00bb<\/strong>, dijo Guardiola en conferencia tras el partido. \u201c<strong>Marc\u00f3 un gol, hizo un buen partido y eso es bueno\u201d.<\/strong><\/p>\n<\/div>\n<div class=\"custom-text \" readability=\"38\">\n<p>En la misma conferencia, Guardiola se enter\u00f3 lo del aniversario del fallecimiento del hermano del delantero y asegur\u00f3: \u00ab<strong>No lo sab\u00eda. No me imagino lo dif\u00edcil que ser\u00e1 para su madre, padre, hermana y toda la familia<\/strong>. Es un buen d\u00eda para recordarlo y estoy seguro de que lo recuerdan todos los d\u00edas\u00bb. <\/p>\n<\/div>\n<\/div>\n","protected":false},"excerpt":{"rendered":"<p>03\/04\/2025 12:13hs. El gol de Jack Grealish a los dos minutos del partido frente al Leicester no fue un tanto m\u00e1s para el delantero del Manchester City. No s\u00f3lo volvi\u00f3 a reencontrarse con el gol, luego de 16 meses desde su \u00faltimo tanto, sino que encima, fue en un d\u00eda muy significativo para \u00e9l y [&hellip;]<\/p>\n","protected":false},"author":1,"featured_media":101148,"comment_status":"open","ping_status":"closed","sticky":false,"template":"","format":"standard","meta":[],"categories":[16],"tags":[],"_links":{"self":[{"href":"http:\/\/hoycordobaweb.com\/index.php\/wp-json\/wp\/v2\/posts\/101147"}],"collection":[{"href":"http:\/\/hoycordobaweb.com\/index.php\/wp-json\/wp\/v2\/posts"}],"about":[{"href":"http:\/\/hoycordobaweb.com\/index.php\/wp-json\/wp\/v2\/types\/post"}],"author":[{"embeddable":true,"href":"http:\/\/hoycordobaweb.com\/index.php\/wp-json\/wp\/v2\/users\/1"}],"replies":[{"embeddable":true,"href":"http:\/\/hoycordobaweb.com\/index.php\/wp-json\/wp\/v2\/comments?post=101147"}],"version-history":[{"count":0,"href":"http:\/\/hoycordobaweb.com\/index.php\/wp-json\/wp\/v2\/posts\/101147\/revisions"}],"wp:featuredmedia":[{"embeddable":true,"href":"http:\/\/hoycordobaweb.com\/index.php\/wp-json\/wp\/v2\/media\/101148"}],"wp:attachment":[{"href":"http:\/\/hoycordobaweb.com\/index.php\/wp-json\/wp\/v2\/media?parent=101147"}],"wp:term":[{"taxonomy":"category","embeddable":true,"href":"http:\/\/hoycordobaweb.com\/index.php\/wp-json\/wp\/v2\/categories?post=101147"},{"taxonomy":"post_tag","embeddable":true,"href":"http:\/\/hoycordobaweb.com\/index.php\/wp-json\/wp\/v2\/tags?post=101147"}],"curies":[{"name":"wp","href":"https:\/\/api.w.org\/{rel}","templated":true}]}}