{"id":101064,"date":"2025-04-02T10:44:13","date_gmt":"2025-04-02T10:44:13","guid":{"rendered":"https:\/\/www.ole.com.ar\/futbol-internacional\/sudamericana\/academia-puerto-cabellos-vs-lanus-copa-sudamericana-partido-dia-horario-tv_0_u44cHZK7eU.html"},"modified":"2025-04-02T10:44:13","modified_gmt":"2025-04-02T10:44:13","slug":"academia-puerto-cabello-vs-lanus-por-la-copa-sudamericana-dia-horario-y-como-verlo-por-tv","status":"publish","type":"post","link":"http:\/\/hoycordobaweb.com\/index.php\/2025\/04\/02\/academia-puerto-cabello-vs-lanus-por-la-copa-sudamericana-dia-horario-y-como-verlo-por-tv\/","title":{"rendered":"Academia Puerto Cabello vs. Lan\u00fas, por la Copa Sudamericana: d\u00eda, horario y c\u00f3mo verlo por TV"},"content":{"rendered":"<p><img src=\"http:\/\/hoycordobaweb.com\/wp-content\/uploads\/2025\/04\/academia-puerto-cabello-vs-lanus-por-la-copa-sudamericana-dia-horario-y-como-verlo-por-tv.jpg\"><\/p>\n<p><time class=\"createDate\" datetime=\"2025-04-02T07:44:13-03:00\">02\/04\/2025 07:44hs.<\/time><\/p>\n<div id=\"storyBody\">\n<div class=\"custom-text \" readability=\"33.578947368421\">\n<p>Este jueves 3 de abril, <strong>Academia Puerto Cabello<\/strong> recibir\u00e1 a<strong> <a href=\"https:\/\/www.ole.com.ar\/tema\/lanus.html\" title=\"Lan\u00fas\" alt=\"Lan\u00fas\" class=\"slug\">Lan\u00fas<\/a><\/strong> en el <strong>Estadio Polideportivo Misael Delgado<\/strong> para disputar un encuentro correspondiente a la primera fecha en la fase de grupos del de la <strong><a href=\"https:\/\/www.ole.com.ar\/tema\/copa-sudamericana.html\" title=\"Copa Sudamericana\" alt=\"Copa Sudamericana\" class=\"slug\">Copa Sudamericana<\/a><\/strong>. \u00bfA qu\u00e9 hora es el partido? \u00bfEn qu\u00e9 canal de TV lo transmiten?. En <strong>Ol\u00e9<\/strong> te contamos todos los detalles de este duelo.<\/p>\n<\/div>\n<p><h2><strong>As\u00ed llega Academia Puerto Cabello al partido vs. Lan\u00fas<\/strong><\/h2>\n<\/p>\n<div class=\"custom-text \" readability=\"36\">\n<p>Academia Puerto Cabello, dirigido por Vasco Manuel Teixeira, buscar\u00e1 sumar sus primeros tres puntos en el torneo. El equipo venezolano llega a este encuentro luego de un empate 0-0 ante Anzo\u00e1tegui FC en la Primera Divisi\u00f3n.<\/p>\n<\/div>\n<div class=\"sc-e7b891c4-0 ifHnQL image-embed\"><img alt=\"Academia Puerto Cabello en la edici\u00f3n 2023 de la Sudamericana. (AFP)\" loading=\"lazy\" width=\"720\" height=\"100\" decoding=\"async\" data-nimg=\"1\" src=\"http:\/\/hoycordobaweb.com\/wp-content\/uploads\/2025\/04\/academia-puerto-cabello-vs-lanus-por-la-copa-sudamericana-dia-horario-y-como-verlo-por-tv-2.jpg\"><span class=\"epigraphe\">Academia Puerto Cabello en la edici\u00f3n 2023 de la Sudamericana. (AFP)<\/span><\/div>\n<p><h2><strong>\u00daltimos partidos de Academia Puerto Cabello<\/strong><\/h2>\n<\/p>\n<div class=\"custom-text \">\n<ul>\n<li>Puerto Cabello 0 &#8211; 0 Anzo\u00e1tegui | domingo 30 de marzo de 2025 | Primera Divisi\u00f3n<\/li>\n<li>Caracas 0 &#8211; 0 Puerto Cabello | s\u00e1bado 15 de marzo de 2025 | Primera Divisi\u00f3n<\/li>\n<li>Puerto Cabello 1 &#8211; 0 R. Zuliano | lunes 10 de marzo de 2025 | Primera Divisi\u00f3n<\/li>\n<li>Puerto Cabello 3 &#8211; 0 Metropolitanos | mi\u00e9rcoles 5 de marzo de 2025 | Copa Sudamericana<\/li>\n<li>UCV 1 &#8211; 0 Puerto Cabello | domingo 2 de marzo de 2025 | Primera Divisi\u00f3n<\/li>\n<\/ul>\n<\/div>\n<p><h2><strong>As\u00ed llega Lan\u00fas al partido vs. Academia Puerto Cabello<\/strong><\/h2>\n<\/p>\n<div class=\"custom-text \" readability=\"33.658862876254\">\n<p>Lan\u00fas, con Mauricio Pellegrino al mando, tambi\u00e9n har\u00e1 su debut en la Sudamericana. El Granate viene de igualar 1-1 frente a <a href=\"https:\/\/www.ole.com.ar\/tema\/san-lorenzo.html\" title=\"San Lorenzo\" alt=\"San Lorenzo\" class=\"slug\">San Lorenzo<\/a> en el Torneo Apertura de la <a href=\"https:\/\/www.ole.com.ar\/tema\/liga-profesional.html\" title=\"Liga Profesional\" alt=\"Liga Profesional\" class=\"slug\">Liga Profesional<\/a>. En el certamen local, el equipo del sur bonaerense se ubica en la s\u00e9ptima ubicaci\u00f3n del grupo B con 14 unidades.<\/p>\n<\/div>\n<div class=\"sc-e7b891c4-0 ifHnQL image-embed\"><img alt=\"Lan\u00fas quiere arrancar con el pie derecho en la Copa. (Foto: Emmanuel Fern\u00e1ndez)\" loading=\"lazy\" width=\"720\" height=\"100\" decoding=\"async\" data-nimg=\"1\" src=\"http:\/\/hoycordobaweb.com\/wp-content\/uploads\/2025\/04\/academia-puerto-cabello-vs-lanus-por-la-copa-sudamericana-dia-horario-y-como-verlo-por-tv-3.jpg\"><span class=\"epigraphe\">Lan\u00fas quiere arrancar con el pie derecho en la Copa. (Foto: Emmanuel Fern\u00e1ndez)<\/span><\/div>\n<p><h2><strong>\u00daltimos partidos de Lan\u00fas<\/strong><\/h2>\n<\/p>\n<div class=\"custom-text \">\n<ul>\n<li>San Lorenzo 1 &#8211; 1 Lan\u00fas | viernes 28 de marzo de 2025 | Torneo Apertura<\/li>\n<li>Lan\u00fas 4 &#8211; 1 Instituto | domingo 16 de marzo de 2025 | Torneo Apertura<\/li>\n<li>Platense 0 &#8211; 0 Lan\u00fas | s\u00e1bado 8 de marzo de 2025 | Torneo Apertura<\/li>\n<li>Independiente Rivadavia 1 &#8211; 1 Lan\u00fas | domingo 2 de marzo de 2025 | Torneo Apertura<\/li>\n<li>Lan\u00fas 0 &#8211; 0 V\u00e9lez Sarsfield | viernes 21 de febrero de 2025 | Torneo Apertura<\/li>\n<\/ul>\n<\/div>\n<div class=\"sc-734b4696-1 kFfZtB\">\n<div class=\"sc-d00d9e74-0 hnHYbk\" type=\"embed\">\n<div class=\"sc-d00d9e74-1 iKVbz videoText\" id=\"contentTitleembedePysc3sX\" type=\"embed\"><svg fill=\"#ffffff\"><symbol id=\"play\" viewBox=\"0 0 512 512\"><path d=\"M512 256C512 397.4 397.4 512 256 512C114.6 512 0 397.4 0 256C0 114.6 114.6 0 256 0C397.4 0 512 114.6 512 256zM176 168V344C176 352.7 180.7 360.7 188.3 364.9C195.8 369.2 205.1 369 212.5 364.5L356.5 276.5C363.6 272.1 368 264.4 368 256C368 247.6 363.6 239.9 356.5 235.5L212.5 147.5C205.1 142.1 195.8 142.8 188.3 147.1C180.7 151.3 176 159.3 176 168V168z\" \/><\/symbol><use xlink:href=\"#play\" \/><\/svg><\/p>\n<div class=\"right\">\n<p>San Lorenzo<!-- --> &#8211; <span>&nbsp;<\/span><\/p>\n<h2 class=\"title-vid\">Los goles de San Lorenzo 1 &#8211; Lan\u00fas 1<\/h2>\n<\/div>\n<\/div>\n<p><span class=\"back\" id=\"spanBackembedePysc3sX\"><\/span><\/div>\n<\/div>\n<p><h2><strong>\u00bfA qu\u00e9 hora juegan Academia Puerto Cabello vs. Lan\u00fas, por la Copa Sudamericana?<\/strong><\/h2>\n<\/p>\n<div class=\"custom-text \" readability=\"36\">\n<p>El partido se disputar\u00e1 el jueves <strong>3 de abril de 2025 a las 19:00<\/strong> horas de Argentina, en el Estadio Polideportivo Misael Delgado, Valencia, Venezuela.<\/p>\n<\/div>\n<p><h2><strong>\u00bfPor d\u00f3nde ver en vivo Academia Puerto Cabello vs. Lan\u00fas, por la Copa Sudamericana?<\/strong><\/h2>\n<\/p>\n<div class=\"custom-text \" readability=\"37\">\n<p>El partido ser\u00e1 transmitido EN VIVO por la se\u00f1al de <strong>ESPN <\/strong>y ONLINE, v\u00eda streaming, en la plataforma de streaming de <strong>Disney+<\/strong>. Tambi\u00e9n vas a poder seguir el MINUTO a MINUTO por la web de <strong>Ol\u00e9<\/strong>, como siempre.<\/p>\n<\/div>\n<p><h2><strong>\u00bfQui\u00e9n es el \u00e1rbitro de Academia Puerto Cabello vs. Lan\u00fas, por la Copa Sudamericana?<\/strong><\/h2>\n<\/p>\n<div class=\"custom-text \">\n<ul>\n<li>\u00c1rbitro: Carlos Ortega Jaimes <\/li>\n<li>\u00c1rbitro asistente 1: Sebastian Rodr\u00edguez <\/li>\n<li>\u00c1rbitro asistente 2: Jhon Alejandro Gallego <\/li>\n<li>Cuarto \u00e1rbitro: Jhon Alexander Ospina <\/li>\n<li>VAR: Nicol\u00e1s Barrag\u00e1n <\/li>\n<li>Asistente VAR: Mary Blanco <\/li>\n<\/ul>\n<\/div>\n<\/div>\n","protected":false},"excerpt":{"rendered":"<p>02\/04\/2025 07:44hs. Este jueves 3 de abril, Academia Puerto Cabello recibir\u00e1 a Lan\u00fas en el Estadio Polideportivo Misael Delgado para disputar un encuentro correspondiente a la primera fecha en la fase de grupos del de la Copa Sudamericana. \u00bfA qu\u00e9 hora es el partido? \u00bfEn qu\u00e9 canal de TV lo transmiten?. En Ol\u00e9 te contamos [&hellip;]<\/p>\n","protected":false},"author":1,"featured_media":101065,"comment_status":"open","ping_status":"closed","sticky":false,"template":"","format":"standard","meta":[],"categories":[16],"tags":[],"_links":{"self":[{"href":"http:\/\/hoycordobaweb.com\/index.php\/wp-json\/wp\/v2\/posts\/101064"}],"collection":[{"href":"http:\/\/hoycordobaweb.com\/index.php\/wp-json\/wp\/v2\/posts"}],"about":[{"href":"http:\/\/hoycordobaweb.com\/index.php\/wp-json\/wp\/v2\/types\/post"}],"author":[{"embeddable":true,"href":"http:\/\/hoycordobaweb.com\/index.php\/wp-json\/wp\/v2\/users\/1"}],"replies":[{"embeddable":true,"href":"http:\/\/hoycordobaweb.com\/index.php\/wp-json\/wp\/v2\/comments?post=101064"}],"version-history":[{"count":0,"href":"http:\/\/hoycordobaweb.com\/index.php\/wp-json\/wp\/v2\/posts\/101064\/revisions"}],"wp:featuredmedia":[{"embeddable":true,"href":"http:\/\/hoycordobaweb.com\/index.php\/wp-json\/wp\/v2\/media\/101065"}],"wp:attachment":[{"href":"http:\/\/hoycordobaweb.com\/index.php\/wp-json\/wp\/v2\/media?parent=101064"}],"wp:term":[{"taxonomy":"category","embeddable":true,"href":"http:\/\/hoycordobaweb.com\/index.php\/wp-json\/wp\/v2\/categories?post=101064"},{"taxonomy":"post_tag","embeddable":true,"href":"http:\/\/hoycordobaweb.com\/index.php\/wp-json\/wp\/v2\/tags?post=101064"}],"curies":[{"name":"wp","href":"https:\/\/api.w.org\/{rel}","templated":true}]}}