{"id":10098,"date":"2021-01-15T21:12:00","date_gmt":"2021-01-15T21:12:00","guid":{"rendered":"http:\/\/hoycordobaweb.com\/index.php\/2021\/01\/15\/a-cinco-dias-del-traspaso-del-mando-eeuu-profundiza-las-sanciones-contra-cuba\/"},"modified":"2021-01-15T21:12:00","modified_gmt":"2021-01-15T21:12:00","slug":"a-cinco-dias-del-traspaso-del-mando-eeuu-profundiza-las-sanciones-contra-cuba","status":"publish","type":"post","link":"http:\/\/hoycordobaweb.com\/index.php\/2021\/01\/15\/a-cinco-dias-del-traspaso-del-mando-eeuu-profundiza-las-sanciones-contra-cuba\/","title":{"rendered":"A cinco d\u00edas del traspaso del mando, EEUU profundiza las sanciones contra Cuba"},"content":{"rendered":"<div><img src=\"http:\/\/hoycordobaweb.com\/wp-content\/uploads\/2021\/01\/a-cinco-dias-del-traspaso-del-mando-eeuu-profundiza-las-sanciones-contra-cuba.png\" class=\"ff-og-image-inserted\"><\/div>\n<p> Estados Unidos sancion\u00f3 este viernes al ministro del Interior cubano, L\u00e1zaro Alberto \u00c1lvarez Casas, \u00abpor graves abusos contra los derechos humanos\u00bb, cinco d\u00edas antes del traspaso del mando, de Donald Trump a Joe Biden, quien adoptar\u00eda una pol\u00edtica menos dura con La Habana y promover\u00eda el di\u00e1logo, como lo hizo su predecesor dem\u00f3crata, Barack Obama, seg\u00fan se prev\u00e9.<\/p>\n<p>\u00abEl r\u00e9gimen cubano tiene una larga historia de abuso de derechos humanos y Estados Unidos seguir\u00e1 utilizando todas las herramientas a su disposici\u00f3n para abordar esa terrible situaci\u00f3n Cuba y en otras partes del mundo\u00bb, sentenci\u00f3 el secretario del Tesoro, Steven Mnuchin en un comunicado.<\/p>\n<p><strong>Invocando la Ley Magnitsky, que permite a Estados Unidos castigar a quienes hayan cometido abusos de derechos humanos o actos de corrupci\u00f3n en otros pa\u00edses,<\/strong> el Gobierno de Trump <strong>tambi\u00e9n sancion\u00f3 al Ministerio del Interior cubano (Minint), que controla la Polic\u00eda, las fuerzas de seguridad interna y el sistema penitenciario de la isla.<\/strong><\/p>\n<p>El Tesoro dijo que <strong>esa cartera tiene unidades especializadas responsables de monitorear la actividad pol\u00edtica y que la polic\u00eda apoya esta labor \u00abarrestando a personas de inter\u00e9s para el Minint\u00bb.<\/strong><\/p>\n<p>En particular, <strong>destac\u00f3 la detenci\u00f3n, en septiembre de 2019, del disidente cubano Jos\u00e9 Daniel Ferrer <\/strong>en una prisi\u00f3n controlada por el Minint, donde denunci\u00f3 haber sido \u00abgolpeado, torturado y recluido en aislamiento\u00bb.<\/p>\n<p>Las consecuencias de las sanciones<\/p>\n<p>Como consecuencia de las sanciones, \u00c1lvarez Casas y el ministerio no tendr\u00e1n acceso al sistema financiero norteamericano y todos sus eventuales activos en Estados Unidos quedar\u00e1n bloqueados, report\u00f3 la agencia de noticias AFP.<\/p>\n<p>En el final de su mandato, Trump volvi\u00f3 el lunes a incluir a Cuba en la lista negra de \u00abEstados patrocinadores del terrorismo\u00bb, de la que Obama la hab\u00eda retirado en 2015 tras reconocer que los esfuerzos de medio siglo de Estados Unidos para aislar a la isla hab\u00edan sido un fracaso.<\/p>\n<p>El 20 de enero, Biden asumir\u00e1 como nuevo mandatario estadounidense, en una ceremonia a la que Trump adelant\u00f3 que no concurrir\u00e1 por seguir sosteniendo que su derrota electoral fue producto de fraude.<\/p>\n<p>La Ley Magnitsky, que lleva el nombre de un abogado ruso que muri\u00f3 bajo arresto en Mosc\u00fa tras denunciar un caso de corrupci\u00f3n, se aprob\u00f3 en Estados Unidos en 2012 para luchar contra la impunidad internacional de las personas y entidades acusadas de violar los derechos humanos y cometer graves actos de corrupci\u00f3n. <\/p>\n","protected":false},"excerpt":{"rendered":"<p>Estados Unidos sancion\u00f3 este viernes al ministro del Interior cubano, L\u00e1zaro Alberto \u00c1lvarez Casas, \u00abpor graves abusos contra los derechos humanos\u00bb, cinco d\u00edas antes del traspaso del mando, de Donald Trump a Joe Biden, quien adoptar\u00eda una pol\u00edtica menos dura con La Habana y promover\u00eda el di\u00e1logo, como lo hizo su predecesor dem\u00f3crata, Barack Obama, [&hellip;]<\/p>\n","protected":false},"author":1,"featured_media":10099,"comment_status":"open","ping_status":"closed","sticky":false,"template":"","format":"standard","meta":[],"categories":[24],"tags":[],"_links":{"self":[{"href":"http:\/\/hoycordobaweb.com\/index.php\/wp-json\/wp\/v2\/posts\/10098"}],"collection":[{"href":"http:\/\/hoycordobaweb.com\/index.php\/wp-json\/wp\/v2\/posts"}],"about":[{"href":"http:\/\/hoycordobaweb.com\/index.php\/wp-json\/wp\/v2\/types\/post"}],"author":[{"embeddable":true,"href":"http:\/\/hoycordobaweb.com\/index.php\/wp-json\/wp\/v2\/users\/1"}],"replies":[{"embeddable":true,"href":"http:\/\/hoycordobaweb.com\/index.php\/wp-json\/wp\/v2\/comments?post=10098"}],"version-history":[{"count":0,"href":"http:\/\/hoycordobaweb.com\/index.php\/wp-json\/wp\/v2\/posts\/10098\/revisions"}],"wp:featuredmedia":[{"embeddable":true,"href":"http:\/\/hoycordobaweb.com\/index.php\/wp-json\/wp\/v2\/media\/10099"}],"wp:attachment":[{"href":"http:\/\/hoycordobaweb.com\/index.php\/wp-json\/wp\/v2\/media?parent=10098"}],"wp:term":[{"taxonomy":"category","embeddable":true,"href":"http:\/\/hoycordobaweb.com\/index.php\/wp-json\/wp\/v2\/categories?post=10098"},{"taxonomy":"post_tag","embeddable":true,"href":"http:\/\/hoycordobaweb.com\/index.php\/wp-json\/wp\/v2\/tags?post=10098"}],"curies":[{"name":"wp","href":"https:\/\/api.w.org\/{rel}","templated":true}]}}