{"id":100973,"date":"2025-04-02T05:30:36","date_gmt":"2025-04-02T05:30:36","guid":{"rendered":"https:\/\/www.trendencias.com\/shopping\/cambio-armario-a-vista-caja-tela-ikea-que-mantiene-jerseis-impecables-todo-verano"},"modified":"2025-04-02T05:30:36","modified_gmt":"2025-04-02T05:30:36","slug":"cambio-de-armario-a-la-vista-la-caja-de-tela-de-ikea-que-mantiene-los-jerseis-impecables-todo-el-verano","status":"publish","type":"post","link":"http:\/\/hoycordobaweb.com\/index.php\/2025\/04\/02\/cambio-de-armario-a-la-vista-la-caja-de-tela-de-ikea-que-mantiene-los-jerseis-impecables-todo-el-verano\/","title":{"rendered":"Cambio de armario a la vista: la caja de tela de Ikea que mantiene los jers\u00e9is impecables todo el verano"},"content":{"rendered":"<p>\u00a1Adi\u00f3s <a class=\"text-outboundlink\" href=\"https:\/\/www.trendencias.com\/shopping\/como-combinar-jersey-oversize-look-elegante-casual-sport\" data-vars-post-title=\"C\u00f3mo combinar un jersey oversize en un look elegante, casual y de sport \" data-vars-post-url=\"https:\/\/www.trendencias.com\/shopping\/como-combinar-jersey-oversize-look-elegante-casual-sport\">jers\u00e9is<\/a>, hola camisetas de verano! Este era el momento que m\u00e1s esperaba. Tras semanas de lluvia,<strong> las temperaturas por fin han subido y ha llegado el cambio de armario<\/strong>. Para organizarlo, utilizo <a class=\"text-outboundlink js-branded-hubs-link\" data-vars-brand-customer=\"decoracion\" href=\"https:\/\/decoracion.trendencias.com\/compras\/mejores-bolsas-vacio-para-cambio-armario-cual-comprar-consejos-recomendaciones\" data-vars-post-title=\"Las mejores bolsas de vac\u00edo para el cambio de armario | \u00bfCu\u00e1l comprar? Consejos y recomendaciones\" data-vars-post-url=\"https:\/\/decoracion.trendencias.com\/compras\/mejores-bolsas-vacio-para-cambio-armario-cual-comprar-consejos-recomendaciones\">bolsas al vac\u00edo<\/a> para las s\u00e1banas de pelito y el edred\u00f3n c\u00e1lido, pero cuando se trata de ropa m\u00e1s delicada estas cajas de tela son una aut\u00e9ntica maravilla que debo fichar ya. Pr\u00e1cticas y funcionales, permiten mantener todo en perfecto estado hasta que el fr\u00edo vuelva a hacer su aparici\u00f3n.<\/p>\n<p><!-- BREAK 1 --> <!-- PIVOT START --><\/p>\n<div class=\"pivot-ecommerce-container m-pivot-ecommerce-redesign article-asset-normal article-asset-center\" readability=\"24.156862745098\">\n<div class=\"pivot-ecommerce\">\n<div class=\"pivot-ecommerce-figure\"> <a rel=\"nofollow, sponsored, noopener, noreferrer noopener\" target=\"_blank\" href=\"https:\/\/www.trendencias.com\/redirect?url=https%3A%2F%2Fwww.ikea.com%2Fes%2Fes%2Fp%2Fhemmafixare-caja-tela-rayas-blanco-gris-20503910%2F&amp;category=shopping&amp;pivot=1&amp;ecomPostExpiration=everlasting&amp;postId=641822\"> <img loading=\"lazy\" alt=\"Caja de tela\" width=\"900\" height=\"900\" src=\"http:\/\/hoycordobaweb.com\/wp-content\/uploads\/2025\/04\/cambio-de-armario-a-la-vista-la-caja-de-tela-de-ikea-que-mantiene-los-jerseis-impecables-todo-el-verano.jpg\"> <\/a> <\/div>\n<div class=\"pivot-ecommerce-summary\">\n<p class=\"pivot-ecommerce-desc\">Caja de tela<\/p>\n<\/p><\/div><\/div>\n<p>* Alg\u00fan precio puede haber cambiado desde la \u00faltima revisi\u00f3n<\/p>\n<\/p><\/div>\n<p><!-- PIVOT END --><\/p>\n<p>Esta opci\u00f3n de Ikea presenta un dise\u00f1o de rayas muy estiloso y funcional. Su estructura flexible se adapta perfectamente a las prendas que guardemos en su interior, <strong>asegurando que se mantengan organizadas y en buen estado<\/strong>. Adem\u00e1s, si el espacio en el canap\u00e9 ya est\u00e1 ocupado, esta caja es una excelente opci\u00f3n para almacenar zapatos, ofreciendo una soluci\u00f3n pr\u00e1ctica y compacta para maximizar el almacenamiento sin perder el toque decorativo. Ideal para quienes buscan orden sin comprometer el estilo.<\/p>\n<p><!-- BREAK 2 --><\/p>\n<div class=\"article-asset-image article-asset-normal article-asset-center\">\n<div class=\"asset-content\"> <a rel=\"nofollow, sponsored, noopener, noreferrer noopener\" target=\"_blank\" class=\"js-ecommerce\" id=\"link-ecommerce-1\" href=\"https:\/\/www.trendencias.com\/redirect?url=https%3A%2F%2Fwww.ikea.com%2Fes%2Fes%2Fp%2Fhemmafixare-caja-tela-rayas-blanco-gris-20503910%2F&amp;category=shopping&amp;ecomPostExpiration=everlasting&amp;postId=641822\" data-vars-affiliate-url=\"https:\/\/www.ikea.com\/es\/es\/p\/hemmafixare-caja-tela-rayas-blanco-gris-20503910\/\"> <img class=\"centro_sinmarco\" height=\"900\" width=\"900\" loading=\"lazy\" decoding=\"async\" sizes=\"100vw\" fetchpriority=\"high\" srcset=\"http:\/\/hoycordobaweb.com\/wp-content\/uploads\/2025\/04\/cambio-de-armario-a-la-vista-la-caja-de-tela-de-ikea-que-mantiene-los-jerseis-impecables-todo-el-verano-1.jpg 450w, http:\/\/hoycordobaweb.com\/wp-content\/uploads\/2025\/04\/cambio-de-armario-a-la-vista-la-caja-de-tela-de-ikea-que-mantiene-los-jerseis-impecables-todo-el-verano-4.jpg 681w, http:\/\/hoycordobaweb.com\/wp-content\/uploads\/2025\/04\/cambio-de-armario-a-la-vista-la-caja-de-tela-de-ikea-que-mantiene-los-jerseis-impecables-todo-el-verano-5.jpg 1024w, http:\/\/hoycordobaweb.com\/wp-content\/uploads\/2025\/04\/cambio-de-armario-a-la-vista-la-caja-de-tela-de-ikea-que-mantiene-los-jerseis-impecables-todo-el-verano-6.jpg 1366w\" src=\"http:\/\/hoycordobaweb.com\/wp-content\/uploads\/2025\/04\/cambio-de-armario-a-la-vista-la-caja-de-tela-de-ikea-que-mantiene-los-jerseis-impecables-todo-el-verano-1.jpg\" alt=\"Hemmafixare Caja Tela Rayas Blan\"> <noscript><img alt=\"Hemmafixare Caja Tela Rayas Blan\" class=\"centro_sinmarco\" src=\"http:\/\/hoycordobaweb.com\/wp-content\/uploads\/2025\/04\/cambio-de-armario-a-la-vista-la-caja-de-tela-de-ikea-que-mantiene-los-jerseis-impecables-todo-el-verano-1.jpg\"><\/noscript> <\/a> <\/div>\n<\/div>\n<p>Otra de sus ventajas es que ayuda a mantener el orden de las <a class=\"text-outboundlink\" href=\"https:\/\/www.compradiccion.com\/guia-de-compras\/mejor-batamanta-para-estar-calentito-casa-cual-comprar-consejos-recomendaciones\" data-vars-post-title=\"La mejor batamanta para estar calentito en casa: \u00bfcu\u00e1l comprar? Consejos y recomendaciones \" data-vars-post-url=\"https:\/\/www.compradiccion.com\/guia-de-compras\/mejor-batamanta-para-estar-calentito-casa-cual-comprar-consejos-recomendaciones\">mantas<\/a>. Durante el invierno, las cestas en el sal\u00f3n son muy \u00fatiles, <strong>pero con la llegada del calor, verlas puede resultar inc\u00f3modo<\/strong>. Gracias a su dise\u00f1o apilable, esta caja es perfecta para aprovechar el espacio en altillos, trasteros o cualquier armario con gran capacidad interior.<\/p>\n<p><!-- BREAK 3 --> <\/p>\n<div class=\"article-asset article-asset-normal article-asset-center\">\n<div class=\"desvio-container\">\n<div class=\"desvio\">\n<div class=\"desvio-figure js-desvio-figure\"> <a href=\"https:\/\/www.trendencias.com\/shopping\/alpargatas-comodas-bonitas-para-bailar-parar-feria-abril\" class=\"pivot-outboundlink\" data-vars-post-title=\"Las alpargatas m\u00e1s c\u00f3modas y bonitas para bailar sin parar en la Feria de Abril \"> <img loading=\"lazy\" alt=\"Las alpargatas m\u00e1s c\u00f3modas y bonitas para bailar sin parar en la Feria de Abril \" width=\"375\" height=\"142\" src=\"http:\/\/hoycordobaweb.com\/wp-content\/uploads\/2025\/04\/cambio-de-armario-a-la-vista-la-caja-de-tela-de-ikea-que-mantiene-los-jerseis-impecables-todo-el-verano-2.jpg\"> <\/a> <\/div><\/div><\/div>\n<\/div>\n<p>Est\u00e1 fabricada con materiales reciclados, lo que la convierte en una opci\u00f3n m\u00e1s sostenible. Adem\u00e1s, <strong>es muy f\u00e1cil de mantener<\/strong>, ya que basta con pasar un pa\u00f1o h\u00famedo. Su cierre de cremallera es otro detalle pr\u00e1ctico, evitando que el polvo y la suciedad entren en su interior, lo que garantiza que el contenido se mantenga &nbsp;protegido en todo momento. El precio en Ikea es <a rel=\"nofollow, sponsored, noopener, noreferrer noopener\" target=\"_blank\" class=\"js-ecommerce\" id=\"link-ecommerce-2\" href=\"https:\/\/www.trendencias.com\/redirect?url=https%3A%2F%2Fwww.ikea.com%2Fes%2Fes%2Fp%2Fhemmafixare-caja-tela-rayas-blanco-gris-20503910%2F&amp;category=shopping&amp;ecomPostExpiration=everlasting&amp;postId=641822\" data-vars-affiliate-url=\"https:\/\/www.ikea.com\/es\/es\/p\/hemmafixare-caja-tela-rayas-blanco-gris-20503910\/\">16,99 euros<\/a>.&nbsp;<\/p>\n<p><!-- BREAK 4 --><\/p>\n<p><em>Nota: algunos de los enlaces de este art\u00edculo son afiliados y pueden reportar un beneficio a Trendencias. En caso de no disponibilidad, las ofertas pueden variar.<\/em><\/p>\n<p><!-- BREAK 5 --><\/p>\n<p>Fotos |Ikea, <a rel=\"noopener, noreferrer\" href=\"https:\/\/www.pexels.com\/es-es\/foto\/ropa-variada-colgada-dentro-del-gabinete-3315286\/\">Pexels<\/a><\/p>\n<p>En Trendencias | <a class=\"text-outboundlink\" href=\"https:\/\/www.trendencias.com\/propuestas-y-consejos\/chaquetas-que-tendencia-este-otono-invierno-2022-2023-larga-vida-a-bomber-a-cazadora-vaquera\" data-vars-post-title=\"Chaquetas que son tendencia: de la americana marr\u00f3n chocolate a la cl\u00e1sica bomber\" data-vars-post-url=\"https:\/\/www.trendencias.com\/propuestas-y-consejos\/chaquetas-que-tendencia-este-otono-invierno-2022-2023-larga-vida-a-bomber-a-cazadora-vaquera\" data-id=\"noopener noreferrer\">Chaquetas que son tendencia: larga vida a la bomber y a la cazadora vaquera<\/a><\/p>\n<p>En Trendencias | <a class=\"text-outboundlink\" href=\"https:\/\/www.trendencias.com\/propuestas-y-consejos\/nuestro-flechazo-vaqueros-wide-leg-tiro-alto-como-llevarlos-cuatro-modelos-favorecedores\" data-vars-post-title=\"Nuestro flechazo son los vaqueros wide leg de tiro alto: c\u00f3mo llevarlos y 11 formas de combinarlos con estilo\" data-vars-post-url=\"https:\/\/www.trendencias.com\/propuestas-y-consejos\/nuestro-flechazo-vaqueros-wide-leg-tiro-alto-como-llevarlos-cuatro-modelos-favorecedores\" data-id=\"noopener noreferrer\">Nuestro flechazo son los vaqueros <em>wide leg<\/em> de tiro alto: c\u00f3mo llevarlos y los diez modelos m\u00e1s favorecedores<\/a><\/p>\n<p>En Trendencias | <a class=\"text-outboundlink\" href=\"https:\/\/www.trendencias.com\/eventos\/arenal-sound-todos-conciertos-entradas-horarios-confirmados-festival\" data-vars-post-title=\"Arenal Sound 2025: todos los conciertos, entradas y horarios confirmados del festival\" data-vars-post-url=\"https:\/\/www.trendencias.com\/eventos\/arenal-sound-todos-conciertos-entradas-horarios-confirmados-festival\" data-id=\"noopener noreferrer\"><u>Arenal Sound 2025: todos los conciertos, entradas y horarios confirmados del festival<\/u><\/a><\/p>\n","protected":false},"excerpt":{"rendered":"<p>\u00a1Adi\u00f3s jers\u00e9is, hola camisetas de verano! Este era el momento que m\u00e1s esperaba. Tras semanas de lluvia, las temperaturas por fin han subido y ha llegado el cambio de armario. Para organizarlo, utilizo bolsas al vac\u00edo para las s\u00e1banas de pelito y el edred\u00f3n c\u00e1lido, pero cuando se trata de ropa m\u00e1s delicada estas cajas [&hellip;]<\/p>\n","protected":false},"author":1,"featured_media":100974,"comment_status":"closed","ping_status":"closed","sticky":false,"template":"","format":"standard","meta":[],"categories":[],"tags":[],"_links":{"self":[{"href":"http:\/\/hoycordobaweb.com\/index.php\/wp-json\/wp\/v2\/posts\/100973"}],"collection":[{"href":"http:\/\/hoycordobaweb.com\/index.php\/wp-json\/wp\/v2\/posts"}],"about":[{"href":"http:\/\/hoycordobaweb.com\/index.php\/wp-json\/wp\/v2\/types\/post"}],"author":[{"embeddable":true,"href":"http:\/\/hoycordobaweb.com\/index.php\/wp-json\/wp\/v2\/users\/1"}],"replies":[{"embeddable":true,"href":"http:\/\/hoycordobaweb.com\/index.php\/wp-json\/wp\/v2\/comments?post=100973"}],"version-history":[{"count":0,"href":"http:\/\/hoycordobaweb.com\/index.php\/wp-json\/wp\/v2\/posts\/100973\/revisions"}],"wp:featuredmedia":[{"embeddable":true,"href":"http:\/\/hoycordobaweb.com\/index.php\/wp-json\/wp\/v2\/media\/100974"}],"wp:attachment":[{"href":"http:\/\/hoycordobaweb.com\/index.php\/wp-json\/wp\/v2\/media?parent=100973"}],"wp:term":[{"taxonomy":"category","embeddable":true,"href":"http:\/\/hoycordobaweb.com\/index.php\/wp-json\/wp\/v2\/categories?post=100973"},{"taxonomy":"post_tag","embeddable":true,"href":"http:\/\/hoycordobaweb.com\/index.php\/wp-json\/wp\/v2\/tags?post=100973"}],"curies":[{"name":"wp","href":"https:\/\/api.w.org\/{rel}","templated":true}]}}