{"id":100969,"date":"2025-04-01T15:33:32","date_gmt":"2025-04-01T15:33:32","guid":{"rendered":"https:\/\/www.mujerhoy.com\/moda\/no-te-pierdas\/chaqueta-zara-rebajada-special-prices-tendencia-primavera-entretiempo-50-anos-20250401173255-nt.html"},"modified":"2025-04-01T15:33:32","modified_gmt":"2025-04-01T15:33:32","slug":"zara-tiene-rebajadisima-la-chaqueta-de-entretiempo-que-lucir-a-los-50-esta-primavera","status":"publish","type":"post","link":"http:\/\/hoycordobaweb.com\/index.php\/2025\/04\/01\/zara-tiene-rebajadisima-la-chaqueta-de-entretiempo-que-lucir-a-los-50-esta-primavera\/","title":{"rendered":"Zara tiene rebajad\u00edsima la chaqueta de entretiempo que lucir a los 50 esta primavera"},"content":{"rendered":"<p class=\"voc-paragraph\" data-mrf-recirculation=\"Link art\u00edculo\">Si hay algo que ha quedado claro en las \u00faltimas semanas es que <a data-voc-vtm-id=\"in-text-traffic\" href=\"https:\/\/www.mujerhoy.com\/moda\/no-te-pierdas\/chaqueta-acolchada-primavera-tendencia-elegante-comoda-zara-20250226130728-nt.html\" title=\"www.mujerhoy.com\" data-mrf-link=\"https:\/\/www.mujerhoy.com\/moda\/no-te-pierdas\/chaqueta-acolchada-primavera-tendencia-elegante-comoda-zara-20250226130728-nt.html\">la chaqueta de entretiempo favorita <\/a><br \/>\nde la temporada es ese modelo acolchado que no dejamos de ver en las novedades de tiendas como <a data-voc-vtm-id=\"in-text-traffic\" href=\"https:\/\/www.mujerhoy.com\/moda\/no-te-pierdas\/vestidos-invitada-nueva-coleccion-mango-primavera-elegantes-originales-20250324173340-nt.html\" title=\"www.mujerhoy.com\" data-mrf-link=\"https:\/\/www.mujerhoy.com\/moda\/no-te-pierdas\/vestidos-invitada-nueva-coleccion-mango-primavera-elegantes-originales-20250324173340-nt.html\">Mango<\/a><br \/>\n, Sfera o Primark. Un dise\u00f1o que se ha convertido en el absoluto imprescindible de la nueva temporada y que no puedes dejar escapar si lo que buscas es algo f\u00e1cil de combinar.\n<\/p>\n<p class=\"voc-paragraph\" data-mrf-recirculation=\"Link art\u00edculo\">Tanto es as\u00ed que Zara, conocedora del \u00e9xito de este tipo de abrigo de primavera, ha sacado a la venta algunos modelos con un descuento de lo m\u00e1s interesante que hace que merezca a\u00fan m\u00e1s la pena. S\u00ed, en su secci\u00f3n de <strong>special prices <\/strong>puedes encontrar una cazadora s\u00faper tendencia que te va a solucionar los <strong>looks de entretiempo<\/strong>.\n<\/p>\n<p class=\"voc-paragraph\" data-mrf-recirculation=\"Link art\u00edculo\">Solo hay que echar un vistazo a los looks de algunas de las mujeres m\u00e1s estilosas del momento para darse cuenta de que este tipo de cazadoras son un aut\u00e9ntico s\u00ed. Una de ellas ha sido la influencer <strong>Grece Ghanem<\/strong>, todo un referente de estilo para las mujeres de m\u00e1s de 50 a\u00f1os y una prescriptora de moda que arrasa en las redes.\n<\/p>\n<p><h3 class=\"voc-detail__title\"> Estas son las cazadoras que est\u00e1n de moda entre las de m\u00e1s de 50<br \/>\n<\/h3>\n<\/p>\n<p class=\"voc-paragraph\" data-mrf-recirculation=\"Link art\u00edculo\">En sus publicaciones hemos podido comprobar como ella tambi\u00e9n ha sucumbido a las chaquetas acolchadas con un modelo de Burberry que ha llevado tambi\u00e9n en invierno. Un dise\u00f1o de color beige que puedes c<br \/>\n<strong>omprar similar ahora en Zara <\/strong>y que ya est\u00e1 entre nuestros favoritos de la temporada.\n<\/p>\n<div class=\"voc-detail__cmp\">\n<div class=\"voc-article-container\">\n<article class=\"voc-article voc-article--cmp-photo-text\" readability=\"26\">\n<div class=\"voc-img-container\" readability=\"7\"> <picture>\n<div class=\"voc-horizontal voc-img-icon-link\"> <img loading=\"lazy\" src=\"http:\/\/hoycordobaweb.com\/wp-content\/uploads\/2025\/04\/zara-tiene-rebajadisima-la-chaqueta-de-entretiempo-que-lucir-a-los-50-esta-primavera.jpg\" alt=\"Grece Ghanem con una cazadora acolchada.\" width=\"624\" height=\"624\"> <\/div>\n<\/picture>\n<p class=\"figure-caption \"> Grece Ghanem con una cazadora acolchada. <span class=\"voc-photo-author\"> <\/span> <\/p>\n<\/p><\/div>\n<\/article><\/div>\n<\/div>\n<p class=\"voc-paragraph\" data-mrf-recirculation=\"Link art\u00edculo\">En la secci\u00f3n de descuentos de Zara tienes a la venta un par de<br \/>\n<strong> cazadoras acolchadas <\/strong>confeccionadas en hilatura de lyocell. Se trata de un modelo de cuello perkins y manga larga con bolsillos de plastr\u00f3n en la parte delantera, el bajo ajustable con cordones y un cierre frontal con cremallera met\u00e1lica.\n<\/p>\n<p class=\"voc-paragraph\" data-mrf-recirculation=\"Link art\u00edculo\">Disponible en varios colores s\u00faper ponibles como el verde caqui, el marr\u00f3n chocolate o el tono piedra que tanto gusta a las m\u00e1s elegantes, es una chaqueta que puedes comprar por tan solo<br \/>\n<strong> 39,99 euros<\/strong>, en vez de 59,95 euros, su precio inicial. Se convertir\u00e1 en tu pieza favorita para completar los looks de diario.\n<\/p>\n<div class=\"voc-detail__cmp\" readability=\"6\">\n<div class=\"voc-photo-combo-three fw-xs\" readability=\"7\">\n<p class=\"figure-caption\"> <span class=\"voc-photo-caption\">Las chaquetas acolchadas de Zara. \/ <\/span> <span class=\"voc-photo-author\">ZARA<\/span> <\/p>\n<\/p><\/div><\/div>\n<p class=\"voc-paragraph\" data-mrf-recirculation=\"Link art\u00edculo\">\u00bfQuieres ir un paso m\u00e1s all\u00e1? Pues Zara tambi\u00e9n tiene a la venta en su secci\u00f3n de rebajas otro modelo que se lleva much\u00edsimo y que tiene un aire mucho m\u00e1s sofisticado. Hablamos de las <strong>chaquetas tipo bomber <\/strong>confeccionadas en un tejido efecto piel y que tambi\u00e9n hemos visto lleva a la influencer Grece Ghanem.\n<\/p>\n<div class=\"voc-detail__cmp\">\n<div class=\"voc-article-container\">\n<article class=\"voc-article voc-article--cmp-photo-text\" readability=\"26\">\n<div class=\"voc-img-container\" readability=\"7\"> <picture>\n<div class=\"voc-horizontal voc-img-icon-link\"> <img loading=\"lazy\" src=\"http:\/\/hoycordobaweb.com\/wp-content\/uploads\/2025\/04\/zara-tiene-rebajadisima-la-chaqueta-de-entretiempo-que-lucir-a-los-50-esta-primavera-1.jpg\" alt=\"Grece Ghanem con una bomber.\" width=\"624\" height=\"624\"> <\/div>\n<\/picture>\n<p class=\"figure-caption \"> Grece Ghanem con una bomber. <span class=\"voc-photo-author\"> <\/span> <\/p>\n<\/p><\/div>\n<\/article><\/div>\n<\/div>\n<p class=\"voc-paragraph\" data-mrf-recirculation=\"Link art\u00edculo\">Ella luci\u00f3 ideal con este look de primavera con pantalones vaqueros, jersey de rayas y zapatos negros que complet\u00f3 con una <strong>cazadora de estilo bomber en color teja <\/strong>de Miu Miu. Un dise\u00f1o moderno que le aportaba ese toque fresco y juvenil y que puedes encontrar tambi\u00e9n en Zara.\n<\/p>\n<div class=\"voc-detail-photo-zoom\"> <picture data-toggle=\"modal\" data-target=\"#photoZoomModal-332\" target=\"modal\">\n<div class=\"voc-img-icon-link\"> <img loading=\"lazy\" src=\"http:\/\/hoycordobaweb.com\/wp-content\/uploads\/2025\/04\/zara-tiene-rebajadisima-la-chaqueta-de-entretiempo-que-lucir-a-los-50-esta-primavera-2.jpg\" width=\"650\" height=\"900\" alt=\"La bomber de Zara.\"> <noscript> <img src=\"http:\/\/hoycordobaweb.com\/wp-content\/uploads\/2025\/04\/zara-tiene-rebajadisima-la-chaqueta-de-entretiempo-que-lucir-a-los-50-esta-primavera-2.jpg\" alt=\"La bomber de Zara.\"> <\/noscript> <i class=\"voc-icons zoom voc-multimedia-box voc-ico-l\"><\/i> <\/div><figcaption class=\"figure-caption\">La bomber de Zara.<\/figcaption><\/picture>\n<\/div>\n<div id=\"photoZoomModal-332\" class=\"voc-lightbox modal fade voc-lightbox--photo-zoom\" role=\"dialog\" data-voc-photozoom-lightbox>\n<div class=\"voc-lightbox__dialog\" role=\"document\">\n<div class=\"voc-lightbox__content\"> <!-- Modal header --> <!-- Modal content --> <\/p>\n<div class=\"voc-lightbox__photo-container\"> <picture class> <img loading=\"lazy\" src=\"http:\/\/hoycordobaweb.com\/wp-content\/uploads\/2025\/04\/zara-tiene-rebajadisima-la-chaqueta-de-entretiempo-que-lucir-a-los-50-esta-primavera-2.jpg\" alt=\"La bomber de Zara.\"> <noscript> <img src=\"http:\/\/hoycordobaweb.com\/wp-content\/uploads\/2025\/04\/zara-tiene-rebajadisima-la-chaqueta-de-entretiempo-que-lucir-a-los-50-esta-primavera-2.jpg\" alt=\"La bomber de Zara.\"> <\/noscript> <\/picture> <\/div><\/div><\/div>\n<\/div>\n<p class=\"voc-paragraph\" data-mrf-recirculation=\"Link art\u00edculo\">La firma de Marta Ortega tiene a la venta un dise\u00f1o que poco tiene que envidiarle. De color marr\u00f3n, es un modelo con cuello solapa y manga larga acabada en pu\u00f1o con bot\u00f3n, bolsillos de vivo en el delantero, bajo con el\u00e1stico y cierre frontal con cremallera. \u00bfLo mejor? Que la puedes comprar por <strong>25,99 euros<\/strong>. \u00a1Chollazo!\n<\/p>\n<p> <!-- TOPICS --> <\/p>\n","protected":false},"excerpt":{"rendered":"<p>Si hay algo que ha quedado claro en las \u00faltimas semanas es que la chaqueta de entretiempo favorita de la temporada es ese modelo acolchado que no dejamos de ver en las novedades de tiendas como Mango , Sfera o Primark. Un dise\u00f1o que se ha convertido en el absoluto imprescindible de la nueva temporada [&hellip;]<\/p>\n","protected":false},"author":1,"featured_media":100970,"comment_status":"closed","ping_status":"closed","sticky":false,"template":"","format":"standard","meta":[],"categories":[],"tags":[],"_links":{"self":[{"href":"http:\/\/hoycordobaweb.com\/index.php\/wp-json\/wp\/v2\/posts\/100969"}],"collection":[{"href":"http:\/\/hoycordobaweb.com\/index.php\/wp-json\/wp\/v2\/posts"}],"about":[{"href":"http:\/\/hoycordobaweb.com\/index.php\/wp-json\/wp\/v2\/types\/post"}],"author":[{"embeddable":true,"href":"http:\/\/hoycordobaweb.com\/index.php\/wp-json\/wp\/v2\/users\/1"}],"replies":[{"embeddable":true,"href":"http:\/\/hoycordobaweb.com\/index.php\/wp-json\/wp\/v2\/comments?post=100969"}],"version-history":[{"count":0,"href":"http:\/\/hoycordobaweb.com\/index.php\/wp-json\/wp\/v2\/posts\/100969\/revisions"}],"wp:featuredmedia":[{"embeddable":true,"href":"http:\/\/hoycordobaweb.com\/index.php\/wp-json\/wp\/v2\/media\/100970"}],"wp:attachment":[{"href":"http:\/\/hoycordobaweb.com\/index.php\/wp-json\/wp\/v2\/media?parent=100969"}],"wp:term":[{"taxonomy":"category","embeddable":true,"href":"http:\/\/hoycordobaweb.com\/index.php\/wp-json\/wp\/v2\/categories?post=100969"},{"taxonomy":"post_tag","embeddable":true,"href":"http:\/\/hoycordobaweb.com\/index.php\/wp-json\/wp\/v2\/tags?post=100969"}],"curies":[{"name":"wp","href":"https:\/\/api.w.org\/{rel}","templated":true}]}}