{"id":100965,"date":"2025-04-01T14:58:01","date_gmt":"2025-04-01T14:58:01","guid":{"rendered":"https:\/\/www.ole.com.ar\/futbol-internacional\/inglaterra\/erlinh-haaland-lesion-pep-guardiola-manchester-city_0_PzCaGm5pbz.html"},"modified":"2025-04-01T14:58:01","modified_gmt":"2025-04-01T14:58:01","slug":"se-confirmo-cuanto-tiempo-pasara-haaland-sin-jugar-por-su-lesion","status":"publish","type":"post","link":"http:\/\/hoycordobaweb.com\/index.php\/2025\/04\/01\/se-confirmo-cuanto-tiempo-pasara-haaland-sin-jugar-por-su-lesion\/","title":{"rendered":"Se confirm\u00f3 cu\u00e1nto tiempo pasar\u00e1 Haaland sin jugar por su lesi\u00f3n"},"content":{"rendered":"<p><img src=\"http:\/\/hoycordobaweb.com\/wp-content\/uploads\/2025\/04\/se-confirmo-cuanto-tiempo-pasara-haaland-sin-jugar-por-su-lesion.jpg\"><\/p>\n<p><span class=\"createDate\">01\/04\/2025 11:58hs.<\/span><time class=\"modificatedDate\" datetime=\"2025-04-01T12:32:18-03:00\"> Actualizado al 01\/04\/2025 12:32hs.<\/time><\/p>\n<div id=\"storyBody\">\n<div class=\"custom-text \" readability=\"33.625282167043\">\n<p>La temporada del <strong><a href=\"https:\/\/www.ole.com.ar\/tema\/manchester-city.html\" title=\"Manchester City\" alt=\"Manchester City\" class=\"slug\">Manchester City<\/a><\/strong> est\u00e1 siendo una de las peores en los \u00faltimos a\u00f1os. De hecho, un arranque irregular en la <strong><a href=\"https:\/\/www.ole.com.ar\/tema\/premier-league.html\" title=\"Premier League\" alt=\"Premier League\" class=\"slug\">Premier League<\/a><\/strong> y una temprana eliminaci\u00f3n en la <strong><a href=\"https:\/\/www.ole.com.ar\/tema\/champions-league.html\" title=\"Champions League\" alt=\"Champions League\" class=\"slug\">Champions<\/a> <\/strong>pusieron en duda incluso la continuidad de <strong><a href=\"https:\/\/www.ole.com.ar\/tema\/pep-guardiola.html\" title=\"Pep Guardiola\" alt=\"Pep Guardiola\" class=\"slug\">Pep Guardiola<\/a><\/strong>, entrenador que le dio identidad al equipo. Aunque en un momento dio la sensaci\u00f3n de que empezaban a acercarse a la pelea por un lugar en la pr\u00f3xima Orejona, los Ciudadanos sufrieron otro duro rev\u00e9s.<\/p>\n<\/div>\n<div class=\"custom-text \" readability=\"35.085889570552\">\n<p><strong><a href=\"https:\/\/www.ole.com.ar\/tema\/erling-haaland.html\" title=\"Erling Haaland\" alt=\"Erling Haaland\" class=\"slug\">Erling Haaland<\/a><\/strong> estar\u00e1 de baja entre cinco y siete semanas por una lesi\u00f3n de tobillo que sufri\u00f3 el domingo contra el <strong><a href=\"https:\/\/www.ole.com.ar\/tema\/bournemouth.html\" title=\"Bournemouth\" alt=\"Bournemouth\" class=\"slug\">Bournemouth<\/a><\/strong>. El noruego se tuvo que retirar del partido y fue visto en muletas, con una bota protectora en el pie. Por lo tanto, luego de los ex\u00e1menes m\u00e9dicos, su t\u00e9cnico confirm\u00f3 la gravedad del asunto.<\/p>\n<\/div>\n<div class=\"custom-text \" readability=\"36\">\n<p>\u00abEspero que la recuperaci\u00f3n vaya lo m\u00e1s r\u00e1pido posible y que pueda estar de vuelta esta temporada. Los doctores me han dicho que estar\u00e1 entre cinco y siete semanas de baja, <strong>as\u00ed que espero que est\u00e9 para el final de temporada y para el Mundial de Club<\/strong>\u00ab, se\u00f1al\u00f3 el Dt catal\u00e1n.<\/p>\n<\/div>\n<div class=\"sc-e7b891c4-0 ifHnQL image-embed\"><img alt=\"Haaland lesionado. (AP)\" loading=\"lazy\" width=\"720\" height=\"100\" decoding=\"async\" data-nimg=\"1\" src=\"http:\/\/hoycordobaweb.com\/wp-content\/uploads\/2025\/04\/se-confirmo-cuanto-tiempo-pasara-haaland-sin-jugar-por-su-lesion-2.jpg\"><span class=\"epigraphe\">Haaland lesionado. (AP)<\/span><\/div>\n<p><h2><strong>\u00bfQu\u00e9 partidos importantes se perder\u00eda Haaland?<\/strong><\/h2>\n<\/p>\n<div class=\"custom-text \" readability=\"35.375375375375\">\n<p>Si la lesi\u00f3n de <strong>Rodri <\/strong>hizo que el City baje el nivel, lo de Haaland podr\u00eda hacer que el equipo vuelva a sufrir un baj\u00f3n futbol\u00edstico. Entre los duelos importantes que se perder\u00e1 el noruego est\u00e1n las semifinales de la <strong><a href=\"https:\/\/www.ole.com.ar\/tema\/fa-cup.html\" title=\"FA CUP\" alt=\"FA CUP\" class=\"slug\">FA Cup<\/a><\/strong> contra el <strong><a href=\"https:\/\/www.ole.com.ar\/tema\/nottingham-forest.html\" title=\"Nottingham Forest\" alt=\"Nottingham Forest\" class=\"slug\">Nottingham Forest<\/a><\/strong>. Adem\u00e1s, si los Ciudadanos avanzaran a la final, tambi\u00e9n se la perder\u00eda.<\/p>\n<\/div>\n<div class=\"custom-text \" readability=\"39.498591549296\">\n<p>A la Premier League le quedan nueve fechas y el Manchester City ocupa el quinto puesto con 48 puntos, clasificando, de momento, a la <strong><a href=\"https:\/\/www.ole.com.ar\/tema\/uefa-europa-league.html\" title=\"UEFA Europa League\" alt=\"UEFA Europa League\" class=\"slug\">Europa League<\/a><\/strong>. Un puesto arriba est\u00e1 el Chelsea, que tiene solo una unidad m\u00e1s y est\u00e1 en zona de Champions. Con este panorama, cada partido es clave para los de Pep, que deber\u00e1n afrontar el tramo final sin su goleador.<\/p>\n<\/div>\n<div class=\"custom-text \" readability=\"34\">\n<p>Se espera que Haaland regrese para el Mundial de Clubes, aunque no se descarta que se pierda algunos partidos.<\/p>\n<\/div>\n<div class=\"sc-e7b891c4-0 ifHnQL image-embed\"><img alt=\"Haaland se pierde lo que resta de la Premier. Reuters\" loading=\"lazy\" width=\"720\" height=\"100\" decoding=\"async\" data-nimg=\"1\" src=\"http:\/\/hoycordobaweb.com\/wp-content\/uploads\/2025\/04\/se-confirmo-cuanto-tiempo-pasara-haaland-sin-jugar-por-su-lesion-3.jpg\"><span class=\"epigraphe\">Haaland se pierde lo que resta de la Premier. Reuters<\/span><\/div>\n<p><h2><strong>\u00bfQui\u00e9n lo puede remplazar a Haaland?<\/strong><\/h2>\n<\/p>\n<div class=\"custom-text \" readability=\"34\">\n<p>El reemplazante del noruego ser\u00e1 el egipcio <strong>Omar Marmoush<\/strong>, quien lleg\u00f3 procedente del Eintracht de Fr\u00e1nfort en enero y ya hizo cinco goles y reparti\u00f3 una asistencia en su tiempo como Citizen.<\/p>\n<\/div>\n<div class=\"custom-text \" readability=\"35\">\n<p>Los botines de Haaland no son f\u00e1ciles de llenar porque el noruego estaba teniendo una destacable temporada. <strong>En apenas 40 partidos hab\u00eda hecho 30 goles<\/strong>. N\u00fameros impresionantes, pero nada nuevos para el Androide.<\/p>\n<\/div>\n<div class=\"sc-e7b891c4-0 ifHnQL image-embed\"><img alt=\"Omar Marmoush se perfila como el delantero titular. EFE\" loading=\"lazy\" width=\"720\" height=\"100\" decoding=\"async\" data-nimg=\"1\" src=\"http:\/\/hoycordobaweb.com\/wp-content\/uploads\/2025\/04\/se-confirmo-cuanto-tiempo-pasara-haaland-sin-jugar-por-su-lesion-4.jpg\"><span class=\"epigraphe\">Omar Marmoush se perfila como el delantero titular. EFE<\/span><\/div>\n<p><h2><strong>El comunicado de Manchester City<\/strong><\/h2>\n<\/p>\n<div class=\"custom-text \" readability=\"37\">\n<p>\u00abEl delantero noruego se lesion\u00f3 durante la victoria del domingo en los cuartos de final de la Copa FA ante el AFC Bournemouth. La evaluaci\u00f3n contin\u00faa para determinar un pron\u00f3stico completo. Se espera que Erling est\u00e9 recuperado a tiempo para participar en lo que resta de la temporada, incluyendo la Copa Mundial de Clubes de la FIFA de este verano\u00bb, explicaron.<\/p>\n<\/div>\n<div class=\"sc-a7166897-0 eoLsBE\" readability=\"6\">\n<section readability=\"2\"><picture><img alt=\"Las selecciones para las que podr\u00eda jugar el hijo de Cristiano Ronaldo \" loading=\"lazy\" width=\"290\" height=\"290\" decoding=\"async\" data-nimg=\"1\" src=\"http:\/\/hoycordobaweb.com\/wp-content\/uploads\/2025\/04\/se-confirmo-cuanto-tiempo-pasara-haaland-sin-jugar-por-su-lesion-5.jpg\"><\/picture>\n<p><span>Mir\u00e1 tambi\u00e9n<\/span><\/p>\n<hr>\n<h3>Las selecciones para las que podr\u00eda jugar el hijo de Cristiano Ronaldo<br \/>\n<\/h3>\n<\/p>\n<\/section>\n<\/div>\n<div class=\"sc-a7166897-0 eoLsBE\" readability=\"6.5\">\n<section readability=\"3\"><picture><img alt=\"PSG, casi campe\u00f3n por anticipado en Francia\" loading=\"lazy\" width=\"290\" height=\"290\" decoding=\"async\" data-nimg=\"1\" src=\"http:\/\/hoycordobaweb.com\/wp-content\/uploads\/2025\/04\/se-confirmo-cuanto-tiempo-pasara-haaland-sin-jugar-por-su-lesion-6.jpg\"><\/picture>\n<p><span>Mir\u00e1 tambi\u00e9n<\/span><\/p>\n<hr>\n<h3>PSG, casi campe\u00f3n por anticipado en Francia<\/h3>\n<\/p>\n<\/section>\n<\/div>\n<div class=\"sc-a7166897-0 eoLsBE\" readability=\"7\">\n<section readability=\"4\"><picture><img alt=\"Con Dibu Mart\u00ednez como capit\u00e1n, el Aston Villa gole\u00f3 3-0 al Preston y es semifinalista de la FA Cup\" loading=\"lazy\" width=\"290\" height=\"290\" decoding=\"async\" data-nimg=\"1\" src=\"http:\/\/hoycordobaweb.com\/wp-content\/uploads\/2025\/04\/se-confirmo-cuanto-tiempo-pasara-haaland-sin-jugar-por-su-lesion-7.jpg\"><\/picture>\n<p><span>Mir\u00e1 tambi\u00e9n<\/span><\/p>\n<hr>\n<h3>Con Dibu Mart\u00ednez como capit\u00e1n, el Aston Villa gole\u00f3 3-0 al Preston y es semifinalista de la FA Cup<\/h3>\n<\/p>\n<\/section>\n<\/div>\n<\/div>\n","protected":false},"excerpt":{"rendered":"<p>01\/04\/2025 11:58hs. Actualizado al 01\/04\/2025 12:32hs. La temporada del Manchester City est\u00e1 siendo una de las peores en los \u00faltimos a\u00f1os. De hecho, un arranque irregular en la Premier League y una temprana eliminaci\u00f3n en la Champions pusieron en duda incluso la continuidad de Pep Guardiola, entrenador que le dio identidad al equipo. Aunque en [&hellip;]<\/p>\n","protected":false},"author":1,"featured_media":100966,"comment_status":"open","ping_status":"closed","sticky":false,"template":"","format":"standard","meta":[],"categories":[16],"tags":[],"_links":{"self":[{"href":"http:\/\/hoycordobaweb.com\/index.php\/wp-json\/wp\/v2\/posts\/100965"}],"collection":[{"href":"http:\/\/hoycordobaweb.com\/index.php\/wp-json\/wp\/v2\/posts"}],"about":[{"href":"http:\/\/hoycordobaweb.com\/index.php\/wp-json\/wp\/v2\/types\/post"}],"author":[{"embeddable":true,"href":"http:\/\/hoycordobaweb.com\/index.php\/wp-json\/wp\/v2\/users\/1"}],"replies":[{"embeddable":true,"href":"http:\/\/hoycordobaweb.com\/index.php\/wp-json\/wp\/v2\/comments?post=100965"}],"version-history":[{"count":0,"href":"http:\/\/hoycordobaweb.com\/index.php\/wp-json\/wp\/v2\/posts\/100965\/revisions"}],"wp:featuredmedia":[{"embeddable":true,"href":"http:\/\/hoycordobaweb.com\/index.php\/wp-json\/wp\/v2\/media\/100966"}],"wp:attachment":[{"href":"http:\/\/hoycordobaweb.com\/index.php\/wp-json\/wp\/v2\/media?parent=100965"}],"wp:term":[{"taxonomy":"category","embeddable":true,"href":"http:\/\/hoycordobaweb.com\/index.php\/wp-json\/wp\/v2\/categories?post=100965"},{"taxonomy":"post_tag","embeddable":true,"href":"http:\/\/hoycordobaweb.com\/index.php\/wp-json\/wp\/v2\/tags?post=100965"}],"curies":[{"name":"wp","href":"https:\/\/api.w.org\/{rel}","templated":true}]}}