{"id":100957,"date":"2025-03-24T08:30:19","date_gmt":"2025-03-24T08:30:19","guid":{"rendered":"https:\/\/manoamanocba.com.ar\/?p=7012"},"modified":"2025-03-24T08:30:19","modified_gmt":"2025-03-24T08:30:19","slug":"belen-altamiranda-taranto-luchando-como-una-abuela","status":"publish","type":"post","link":"http:\/\/hoycordobaweb.com\/index.php\/2025\/03\/24\/belen-altamiranda-taranto-luchando-como-una-abuela\/","title":{"rendered":"Bel\u00e9n Altamiranda Taranto: luchando, como una Abuela"},"content":{"rendered":"<p><i><span>\u201cEstoy con muchas actividades, pero ma\u00f1ana a la tarde puedo\u201d<\/span><\/i><span>, escribi\u00f3 por <\/span><i><span>WhatsApp<\/span><\/i><span>. Marzo es un mes de agenda complicada para quienes forman parte de Organismos de Derechos Humanos. Entre presentaciones, actividades y encuentros, que marcan el camino hacia el D\u00eda de la Memoria por la Verdad y la Justicia,<\/span><b> Bel\u00e9n Altamiranda Taranto <\/b><span>se toma un tiempo para hablar sobre su historia personal y su presente como titular de la filial de Abuelas de Plaza de Mayo en C\u00f3rdoba.<\/span><\/p>\n<p><i><span>\u201cEsta fecha, cuando te quedas un ratito en silencio pensando o reflexionando, no deja de ser dura y de movilizar un mont\u00f3n de sensaciones. Para m\u00ed estar ocupados con varias actividades hace que la fecha pase, pero que la transitemos de otra forma\u201d<\/span><\/i><span>, comenta Bel\u00e9n, una de las nietas recuperadas por Abuelas de Plaza de Mayo, integrante de su comisi\u00f3n directiva y la primera en asumir la titularidad de la filial cordobesa de la organizaci\u00f3n.<\/span><\/p>\n<p><span>Todas las actividades de la Semana de la Memoria culminan hoy, 24 de marzo, en la marcha que iniciar\u00e1 a las 17 horas en Col\u00f3n y Ca\u00f1ada. All\u00ed estar\u00e1 presente Abuelas, con la esperanza de que, una vez m\u00e1s, miles de personas salgan a las calles para reflexionar, abrazarse y recordar a los 30.000 desaparecidos.<\/span><\/p>\n<p><i><span>\u201cEl 24 se marcha como pa\u00eds, es el d\u00eda que nos permite una jornada colectiva de reflexi\u00f3n. La consigna de este a\u00f1o es <\/span><\/i><b><i>\u2018Frente a la impunidad y la crueldad, la Memoria nos une por un pa\u00eds m\u00e1s solidario\u2019<\/i><\/b><i><span>, porque creemos que este d\u00eda refuerza el compromiso con la construcci\u00f3n de una sociedad m\u00e1s respetuosa con los Derechos Humanos.<\/span><\/i><b><i> Saldremos con una sonrisa, como ellas<\/i><\/b><i><span> (las Abuelas)<\/span><\/i><b><i> nos ense\u00f1aron<\/i><\/b><i><span>\u201d<\/span><\/i><span>, se\u00f1al\u00f3.<\/span><\/p>\n<p><span><a href=\"http:\/\/hoycordobaweb.com\/wp-content\/uploads\/2025\/04\/belen-altamiranda-taranto-luchando-como-una-abuela.jpg\"><img loading=\"lazy\" fetchpriority=\"high\" decoding=\"async\" class=\"wp-image-7014 aligncenter\" src=\"http:\/\/hoycordobaweb.com\/wp-content\/uploads\/2025\/04\/belen-altamiranda-taranto-luchando-como-una-abuela.jpg\" alt width=\"716\" height=\"537\" srcset=\"http:\/\/hoycordobaweb.com\/wp-content\/uploads\/2025\/04\/belen-altamiranda-taranto-luchando-como-una-abuela.jpg 1080w, http:\/\/hoycordobaweb.com\/wp-content\/uploads\/2025\/04\/belen-altamiranda-taranto-luchando-como-una-abuela-2.jpg 300w, http:\/\/hoycordobaweb.com\/wp-content\/uploads\/2025\/04\/belen-altamiranda-taranto-luchando-como-una-abuela-3.jpg 1024w, http:\/\/hoycordobaweb.com\/wp-content\/uploads\/2025\/04\/belen-altamiranda-taranto-luchando-como-una-abuela-4.jpg 768w\" sizes=\"(max-width: 716px) 100vw, 716px\"><\/a><\/span><\/p>\n<p><span>Bel\u00e9n es hija de<\/span><b> Rosa Luj\u00e1n Taranto <\/b><span>qui\u00e9n fue secuestrada el 13 de mayo de 1977, junto a su pareja <\/span><b>Horacio<\/b> <b>Antonio Altamiranda<\/b><span>, en Florencio Varela. Rosa transitaba el s\u00e9ptimo mes de embarazo y en junio de ese a\u00f1o di\u00f3 a luz en el Hospital Militar de Campo de Mayo. Pari\u00f3 vendada, sin saber si hab\u00eda tenido una ni\u00f1a o un ni\u00f1o. Tres meses despu\u00e9s, la ni\u00f1a que los militares entregaron al Movimiento Familiar Cristiano, fue dada en adopci\u00f3n. La familia de crianza la llam\u00f3 Mar\u00eda Bel\u00e9n.<\/span><\/p>\n<p><b>\u2013 \u00bfRecord\u00e1s cu\u00e1ndo empez\u00e1s a dudar de tu identidad?<\/b><\/p>\n<p><span>\u2013 En mi caso siempre supe que las personas que me criaron no eran mis padres biol\u00f3gicos, pero de chica el tema era tab\u00fa para m\u00ed. Adem\u00e1s ten\u00eda un sentimiento de abandono, de que me hab\u00edan dado en adopci\u00f3n porque no me quer\u00edan. Estar en esa burbuja me imped\u00eda apuntar a pensar algo m\u00e1s. Cuando crec\u00ed fui abriendo un poco la cabeza y se empez\u00f3 a generar esa inquietud que yo ten\u00eda dentro m\u00edo, pero que no pod\u00eda poner en palabras. Ah\u00ed surge el querer saber sobre mi identidad y origen biol\u00f3gico.&nbsp;<\/span><\/p>\n<p><b>\u2013 En ese momento, \u00bfc\u00f3mo das con Abuelas?<\/b><\/p>\n<p><span>\u2013 Reci\u00e9n en la universidad empec\u00e9 a escuchar sobre la dictadura y las Abuelas de Plaza de Mayo. Antes, en el primario y el secundario, no hab\u00eda visto nada del tema. Fue el escuchar testimonios de nietos restituidos y la lucha de las abuelas lo que me hizo empatizar con la causa. Me acerqu\u00e9 a ellas con la convicci\u00f3n de que pod\u00eda ser una de esas nietas que buscaban.<\/span><\/p>\n<h3><span>Armar el rompecabezas<\/span><\/h3>\n<p><span>Abuelas denunci\u00f3 a la Justicia m\u00e1s de 500 casos vinculados a una pr\u00e1ctica sistem\u00e1tica de robos de beb\u00e9s. Bel\u00e9n fue la restituci\u00f3n n\u00famero 88 y, al d\u00eda de hoy, son 139 los nietos y nietas encontrados.&nbsp;<\/span><\/p>\n<p><span>360 personas contin\u00faan siendo buscadas por sus familiares y Abuelas. Bel\u00e9n asegura que el camino hacia la verdad es, en muchos de los casos, un proceso duro de transitar. Tomar la decisi\u00f3n de enfrentarse a las dudas, liber\u00e1ndose de prejuicios, es el primer y dif\u00edcil paso. <\/span><\/p>\n<p><span>Con la convicci\u00f3n de quien pas\u00f3 la tormenta y vio salir el arco\u00edris remarca que todo el proceso vale la pena, porque<\/span><b><i> \u201csaber qui\u00e9n sos es vital\u201d<\/i><\/b><span>.<\/span><\/p>\n<p><span>Bel\u00e9n empez\u00f3 a armar el rompecabezas de su historia en 2005, cuando con 28 a\u00f1os se present\u00f3 voluntariamente en la sede de Abuelas de C\u00f3rdoba. A mediados de 2006 la Comisi\u00f3n Nacional por el Derecho a la Identidad (CONADI) tom\u00f3 su caso. Luego de realizar la investigaci\u00f3n documental se orden\u00f3 el an\u00e1lisis de sangre.&nbsp;<\/span><\/p>\n<p><span>El 29 de junio de 2007 el Banco Nacional de Datos Gen\u00e9ticos le inform\u00f3 que era hija de Rosa y Horacio. Ese d\u00eda, a sus treinta a\u00f1os, pudo empezar a encastrar algunas piezas de ese confuso rompecabezas.&nbsp;&nbsp;<\/span><\/p>\n<p><span>El invierno de 2007 fue fr\u00edo. Las temperaturas se mantuvieron extremadamente bajas a lo largo de esos meses. Sin embargo, para Bel\u00e9n, m\u00e1s que un invierno fue una primavera. Fue presentada como la octog\u00e9sima octava nieta restituida y, adem\u00e1s, pudo conocer a sus cuatro abuelos.<\/span><\/p>\n<p><b>Irma Rojas<\/b><span> fue una de las hist\u00f3ricas integrantes de Madres y Abuelas de Plaza de Mayo. Sin descanso hab\u00eda luchado para encontrar a su hijo, Horacio, su nuera, Rosa y su nieta. En 2007 pudo conocer y abrazar a Bel\u00e9n. Lo mismo su abuela materna, <\/span><b>Hayd\u00e9 C\u00f3rdoba<\/b><span>.<\/span><\/p>\n<div id=\"attachment_7013\" class=\"wp-caption aligncenter\" readability=\"33\"><a href=\"http:\/\/hoycordobaweb.com\/wp-content\/uploads\/2025\/04\/belen-altamiranda-taranto-luchando-como-una-abuela-1.jpg\"><img loading=\"lazy\" decoding=\"async\" aria-describedby=\"caption-attachment-7013\" class=\"wp-image-7013 size-full\" src=\"http:\/\/hoycordobaweb.com\/wp-content\/uploads\/2025\/04\/belen-altamiranda-taranto-luchando-como-una-abuela-1.jpg\" alt width=\"796\" height=\"585\" srcset=\"http:\/\/hoycordobaweb.com\/wp-content\/uploads\/2025\/04\/belen-altamiranda-taranto-luchando-como-una-abuela-5.jpg 796w, http:\/\/hoycordobaweb.com\/wp-content\/uploads\/2025\/04\/belen-altamiranda-taranto-luchando-como-una-abuela-6.jpg 300w, http:\/\/hoycordobaweb.com\/wp-content\/uploads\/2025\/04\/belen-altamiranda-taranto-luchando-como-una-abuela-7.jpg 768w\" sizes=\"(max-width: 796px) 100vw, 796px\"><\/a><\/p>\n<p id=\"caption-attachment-7013\" class=\"wp-caption-text\">Bel\u00e9n junto a su abuela, Irma Rojas.<\/p>\n<\/div>\n<p><span>Conocer a sus abuelos, t\u00edos y primos le permiti\u00f3 reconstruir su historia familiar y, junto a ellos, descubrir qui\u00e9nes hab\u00edan sido sus pap\u00e1s. \u201cTodo lo que uno puede reconstruir es a partir del relato de quienes los conocieron.<\/span><b> Es como armar un gran rompecabezas en donde el recuerdo de los otros y sus an\u00e9cdotas te permiten reconstruir quienes eran<\/b><span>\u201d, comenta la nieta varelense radicada, hace ya muchos a\u00f1os, en C\u00f3rdoba.<\/span><\/p>\n<p><span>Al mismo tiempo que recuerda su historia personal, no olvida mencionar la importancia del <\/span><b>Archivo Biogr\u00e1fico Familiar<\/b><span> para que los nietos recuperados puedan reconstruir su historia.&nbsp;<\/span><\/p>\n<p><span>Para Abuelas, el archivo es uno de los acervos m\u00e1s preciados. El mismo cuenta con entrevistas realizadas a familiares, amigos y compa\u00f1eros de quienes fueron v\u00edctimas del terrorismo de Estado y contin\u00faan desaparecidos. Cada vez que un nieto es restituido se le entregan esos documentos que le permiten construir la imagen de sus padres, abuelas y abuelos.<\/span><\/p>\n<p><b>\u2013 \u00bfQu\u00e9 cambi\u00f3 en vos a partir de descubrir tu identidad?<\/b><\/p>\n<p><span>\u2013 Hoy lo cuento con risas, pero cu\u00e1ndo recib\u00ed el resultado del ADN fue un shock porque yo pensaba que iba a tardar m\u00e1s tiempo. Los primeros d\u00edas sent\u00eda que estaba viviendo una pel\u00edcula en la que yo no era protagonista. Ese domingo (1 de julio) viaj\u00e9 a Buenos Aires y ah\u00ed empez\u00f3 toda una historia maravillosa. La vida me cambi\u00f3 para siempre, pero para bien. M\u00e1s all\u00e1 de un rasgo f\u00edsico o de personalidad, lo que mis pap\u00e1s me dejaron fue el encontrar la raz\u00f3n de transitar est\u00e1 vida, asumir la lucha por la identidad, la justicia y continuar la lucha para recuperar los nietos que a\u00fan nos faltan.<\/span><\/p>\n<blockquote readability=\"5\">\n<h4><span>La vida me cambi\u00f3 para siempre, pero para bien. M\u00e1s all\u00e1 de un rasgo f\u00edsico o de personalidad, lo que mis pap\u00e1s me dejaron fue el encontrar la raz\u00f3n de transitar est\u00e1 vida, asumir la lucha por la identidad, la justicia y continuar la lucha para recuperar los nietos que a\u00fan nos faltan.<\/span><\/h4>\n<p>Bel\u00e9n Altamiranda Taranto<\/p>\n<\/blockquote>\n<h3><span>La lucha contin\u00faa<\/span><\/h3>\n<p><span>Desde 2008, Altamiranda Taranto trabaj\u00f3 a la par de Abuelas de Plaza de Mayo. Se involucr\u00f3 en la causa y busc\u00f3 aportar su \u201cgranito de arena\u201d.<\/span><\/p>\n<p><span>En noviembre de 2023, tras el fallecimiento de <\/span><b>Sonia Torres<\/b><span>, referente de Abuelas de Plaza de Mayo C\u00f3rdoba y quien inclaudicablemente luch\u00f3 en defensa de los derechos humanos, Altamiranda Taranto se convirti\u00f3 en la nueva titular de la instituci\u00f3n.<\/span><\/p>\n<p><i><span>\u201cFue un desaf\u00edo la verdad. Me toc\u00f3 en un momento de mucho dolor, por todo lo que Sonia significa para m\u00ed. Tom\u00e9 el rol con mucho agradecimiento y gratitud hacia Abuelas\u201d<\/span><\/i><span>, cuenta Bel\u00e9n.<\/span><\/p>\n<div id=\"attachment_7015\" class=\"wp-caption aligncenter\" readability=\"32\"><a href=\"http:\/\/hoycordobaweb.com\/wp-content\/uploads\/2025\/04\/belen-altamiranda-taranto-luchando-como-una-abuela.webp\"><img loading=\"lazy\" decoding=\"async\" aria-describedby=\"caption-attachment-7015\" class=\" wp-image-7015\" src=\"http:\/\/hoycordobaweb.com\/wp-content\/uploads\/2025\/04\/belen-altamiranda-taranto-luchando-como-una-abuela.webp\" alt width=\"793\" height=\"564\" srcset=\"http:\/\/hoycordobaweb.com\/wp-content\/uploads\/2025\/04\/belen-altamiranda-taranto-luchando-como-una-abuela.webp 1053w, http:\/\/hoycordobaweb.com\/wp-content\/uploads\/2025\/04\/belen-altamiranda-taranto-luchando-como-una-abuela-1.webp 300w, http:\/\/hoycordobaweb.com\/wp-content\/uploads\/2025\/04\/belen-altamiranda-taranto-luchando-como-una-abuela-2.webp 1024w, http:\/\/hoycordobaweb.com\/wp-content\/uploads\/2025\/04\/belen-altamiranda-taranto-luchando-como-una-abuela-3.webp 768w\" sizes=\"(max-width: 793px) 100vw, 793px\"><\/a><\/p>\n<p id=\"caption-attachment-7015\" class=\"wp-caption-text\">Sonia Torres fue una de las Abuelas que acompa\u00f1\u00f3 desde el inicio a Bel\u00e9n.<\/p>\n<\/div>\n<p><span>La filial de C\u00f3rdoba es la segunda m\u00e1s grande del pa\u00eds y eso hace que siempre haya mucho trabajo por hacer. <\/span><i><span>\u201cTodos los d\u00edas son un desaf\u00edo, adem\u00e1s nos toc\u00f3 en una coyuntura que no es f\u00e1cil. Sin embargo, Abuelas es una familia muy grande y contenedora, con un equipo que hace todo posible. Venimos de un a\u00f1o en el que no sab\u00edamos si \u00edbamos a poder continuar, y hoy estamos de pie con la convicci\u00f3n de seguir\u201d<\/span><\/i><span>, remarc\u00f3.&nbsp;<\/span><\/p>\n<p><span>Durante los \u00faltimos a\u00f1os, con el avance de la derecha, afloraron los discursos negacionistas. Sumado a ello, el gobierno de Javier Milei avanz\u00f3 con el desfinanciamiento de los organismos de derechos humanos, sobre las pol\u00edticas p\u00fablicas de memoria, verdad y justicia y sobre el conjunto de instituciones que bregan por esclarecer los cr\u00edmenes de lesa humanidad que ocurrieron en la \u00faltima dictadura militar en Argentina.&nbsp;<\/span><\/p>\n<p><span>Abuelas de Plaza de Mayo tuvo que reinventarse para sobrevivir como instituci\u00f3n. Altamiranda Taranto asegura que lo m\u00e1s doloroso y preocupante es <\/span><i><span>\u201csentir que tenemos que volver a hablar de cosas que pens\u00e1bamos que ya no, que las d\u00e1bamos por sentadas. Fue un a\u00f1o de mucha angustia porque los discursos de odio, sobre todo de quienes ejercen funciones p\u00fablicas, no generan nada bueno\u201d.<\/span><\/i><\/p>\n<p><b>\u2013 En lo particular, \u00bfqu\u00e9 te da la fuerza para continuar como titular de Abuelas C\u00f3rdoba?<\/b><\/p>\n<p><span>\u2013 Siempre digo que no es f\u00e1cil, pero siento mucho el respaldo de Abuelas, nietos y hermanos. La lucha contin\u00faa y con eso tenemos un compromiso muy grande. <\/span><b>Siento que mi lecci\u00f3n de vida es continuar hasta que aparezca el \u00faltimo de los nietos que estamos buscando<\/b><span>. Es sacar fuerzas y seguir porque a\u00fan falta mucho por hacer. M\u00e1s all\u00e1 de extra\u00f1ar a Sonia todo el tiempo y todos los d\u00edas, trato de recordar todo lo que nos ense\u00f1aron ellas, y una de esas cosas es que nos ense\u00f1aron a trabajar con mucho amor.<\/span><\/p>\n<p><span>Si naciste entre 1975 y 1980 y ten\u00e9s dudas sobre tu identidad, o si crees conocer a alguien que podr\u00eda ser hijo\/a de desaparecidos, ingres\u00e1 en abuelas.org.ar. <\/span><\/p>\n","protected":false},"excerpt":{"rendered":"<p>\u201cEstoy con muchas actividades, pero ma\u00f1ana a la tarde puedo\u201d, escribi\u00f3 por WhatsApp. Marzo es un mes de agenda complicada para quienes forman parte de Organismos de Derechos Humanos. Entre presentaciones, actividades y encuentros, que marcan el camino hacia el D\u00eda de la Memoria por la Verdad y la Justicia, Bel\u00e9n Altamiranda Taranto se toma [&hellip;]<\/p>\n","protected":false},"author":1,"featured_media":100958,"comment_status":"closed","ping_status":"closed","sticky":false,"template":"","format":"standard","meta":[],"categories":[19],"tags":[],"_links":{"self":[{"href":"http:\/\/hoycordobaweb.com\/index.php\/wp-json\/wp\/v2\/posts\/100957"}],"collection":[{"href":"http:\/\/hoycordobaweb.com\/index.php\/wp-json\/wp\/v2\/posts"}],"about":[{"href":"http:\/\/hoycordobaweb.com\/index.php\/wp-json\/wp\/v2\/types\/post"}],"author":[{"embeddable":true,"href":"http:\/\/hoycordobaweb.com\/index.php\/wp-json\/wp\/v2\/users\/1"}],"replies":[{"embeddable":true,"href":"http:\/\/hoycordobaweb.com\/index.php\/wp-json\/wp\/v2\/comments?post=100957"}],"version-history":[{"count":0,"href":"http:\/\/hoycordobaweb.com\/index.php\/wp-json\/wp\/v2\/posts\/100957\/revisions"}],"wp:featuredmedia":[{"embeddable":true,"href":"http:\/\/hoycordobaweb.com\/index.php\/wp-json\/wp\/v2\/media\/100958"}],"wp:attachment":[{"href":"http:\/\/hoycordobaweb.com\/index.php\/wp-json\/wp\/v2\/media?parent=100957"}],"wp:term":[{"taxonomy":"category","embeddable":true,"href":"http:\/\/hoycordobaweb.com\/index.php\/wp-json\/wp\/v2\/categories?post=100957"},{"taxonomy":"post_tag","embeddable":true,"href":"http:\/\/hoycordobaweb.com\/index.php\/wp-json\/wp\/v2\/tags?post=100957"}],"curies":[{"name":"wp","href":"https:\/\/api.w.org\/{rel}","templated":true}]}}