{"id":100954,"date":"2025-04-01T12:34:03","date_gmt":"2025-04-01T12:34:03","guid":{"rendered":"https:\/\/ladecimaweb.com\/?p=31517"},"modified":"2025-04-01T12:34:03","modified_gmt":"2025-04-01T12:34:03","slug":"recuperan-360-etiquetas-de-cigarrillos-robadas-en-el-interior-y-hay-un-detenido","status":"publish","type":"post","link":"http:\/\/hoycordobaweb.com\/index.php\/2025\/04\/01\/recuperan-360-etiquetas-de-cigarrillos-robadas-en-el-interior-y-hay-un-detenido\/","title":{"rendered":"Recuperan 360 etiquetas de cigarrillos robadas en el interior y hay un detenido"},"content":{"rendered":"<div class=\"boldgrid-section\">\n<div class=\"container\">\n<div class=\"row\">\n<div class=\"col-md-12 col-xs-12 col-sm-12\">\n<p class=\"\">En horas de la madrugada, un <strong>hombre de 44 a\u00f1os termin\u00f3 detenido<\/strong> con el <strong>secuestro de 361 etiquetas de cigarrillos<\/strong> de distintas marcas y cantidades que habr\u00eda sustra\u00eddo previamente de un local comercial.<\/p>\n<p class=\"\">Tras tomar conocimiento del hecho a trav\u00e9s del 911, personal policial dispuso un operativo logrando divisar e interceptar al sujeto en inmediaciones de calles Tte. Esteban Alesso y Luis R. Garc\u00eda, en la localidad de Santa Rosa de R\u00edo Primero.&nbsp;<\/p>\n<p class=\"\">Este individuo se encontraba acompa\u00f1ado de otro que consigui\u00f3 escapar.<\/p>\n<p class=\"\">El aprehendido fue trasladado a sede policial junto a la mercader\u00eda recuperada.<\/p>\n<p class=\"\">&nbsp;<\/p>\n<div class=\"ubm_banner\"><a href=\"https:\/\/www.cba.gov.ar\/dengue\/\" target=\"_blank\" rel=\"dofollow noopener noreferrer\"><img src=\"http:\/\/hoycordobaweb.com\/wp-content\/uploads\/2025\/04\/recuperan-360-etiquetas-de-cigarrillos-robadas-en-el-interior-y-hay-un-detenido.gif\" alt=\"\"><\/a><\/div>\n<\/div>\n<\/div>\n<\/div>\n<\/div>\n<p>La entrada <a rel=\"nofollow\" href=\"https:\/\/ladecimaweb.com\/recuperan-360-etiquetas-de-cigarrillos-robadas-en-el-interior-y-hay-un-detenido\/\">Recuperan 360 etiquetas de cigarrillos robadas en el interior y hay un detenido<\/a> se public\u00f3 primero en <a rel=\"nofollow\" href=\"https:\/\/ladecimaweb.com\">LaDecima<\/a>.<\/p>\n","protected":false},"excerpt":{"rendered":"<p>En horas de la madrugada, un hombre de 44 a\u00f1os termin\u00f3 detenido con el secuestro de 361 etiquetas de cigarrillos de distintas marcas y cantidades que habr\u00eda sustra\u00eddo previamente de un local comercial. Tras tomar conocimiento del hecho a trav\u00e9s del 911, personal policial dispuso un operativo logrando divisar e interceptar al sujeto en inmediaciones [&hellip;]<\/p>\n","protected":false},"author":1,"featured_media":0,"comment_status":"closed","ping_status":"closed","sticky":false,"template":"","format":"standard","meta":[],"categories":[32],"tags":[],"_links":{"self":[{"href":"http:\/\/hoycordobaweb.com\/index.php\/wp-json\/wp\/v2\/posts\/100954"}],"collection":[{"href":"http:\/\/hoycordobaweb.com\/index.php\/wp-json\/wp\/v2\/posts"}],"about":[{"href":"http:\/\/hoycordobaweb.com\/index.php\/wp-json\/wp\/v2\/types\/post"}],"author":[{"embeddable":true,"href":"http:\/\/hoycordobaweb.com\/index.php\/wp-json\/wp\/v2\/users\/1"}],"replies":[{"embeddable":true,"href":"http:\/\/hoycordobaweb.com\/index.php\/wp-json\/wp\/v2\/comments?post=100954"}],"version-history":[{"count":0,"href":"http:\/\/hoycordobaweb.com\/index.php\/wp-json\/wp\/v2\/posts\/100954\/revisions"}],"wp:attachment":[{"href":"http:\/\/hoycordobaweb.com\/index.php\/wp-json\/wp\/v2\/media?parent=100954"}],"wp:term":[{"taxonomy":"category","embeddable":true,"href":"http:\/\/hoycordobaweb.com\/index.php\/wp-json\/wp\/v2\/categories?post=100954"},{"taxonomy":"post_tag","embeddable":true,"href":"http:\/\/hoycordobaweb.com\/index.php\/wp-json\/wp\/v2\/tags?post=100954"}],"curies":[{"name":"wp","href":"https:\/\/api.w.org\/{rel}","templated":true}]}}