{"id":10095,"date":"2021-01-15T03:45:00","date_gmt":"2021-01-15T03:45:00","guid":{"rendered":"http:\/\/hoycordobaweb.com\/index.php\/2021\/01\/15\/la-afa-y-los-derechos-de-televisacion-del-futbol\/"},"modified":"2021-01-15T03:45:00","modified_gmt":"2021-01-15T03:45:00","slug":"la-afa-y-los-derechos-de-televisacion-del-futbol","status":"publish","type":"post","link":"http:\/\/hoycordobaweb.com\/index.php\/2021\/01\/15\/la-afa-y-los-derechos-de-televisacion-del-futbol\/","title":{"rendered":"La AFA y los derechos de televisaci\u00f3n del <b>f\u00fatbol<\/b>"},"content":{"rendered":"<p>Los derechos por la televisaci\u00f3n, que son la joya del negocio deportivo, desataron una \u00e1cida disputa dentro de la Asociaci\u00f3n del <b>F\u00fatbol Argentino<\/b>&nbsp;&#8230; <\/p>\n","protected":false},"excerpt":{"rendered":"<p>Los derechos por la televisaci\u00f3n, que son la joya del negocio deportivo, desataron una \u00e1cida disputa dentro de la Asociaci\u00f3n del F\u00fatbol Argentino&nbsp;&#8230;<\/p>\n","protected":false},"author":1,"featured_media":0,"comment_status":"closed","ping_status":"closed","sticky":false,"template":"","format":"standard","meta":[],"categories":[22],"tags":[],"_links":{"self":[{"href":"http:\/\/hoycordobaweb.com\/index.php\/wp-json\/wp\/v2\/posts\/10095"}],"collection":[{"href":"http:\/\/hoycordobaweb.com\/index.php\/wp-json\/wp\/v2\/posts"}],"about":[{"href":"http:\/\/hoycordobaweb.com\/index.php\/wp-json\/wp\/v2\/types\/post"}],"author":[{"embeddable":true,"href":"http:\/\/hoycordobaweb.com\/index.php\/wp-json\/wp\/v2\/users\/1"}],"replies":[{"embeddable":true,"href":"http:\/\/hoycordobaweb.com\/index.php\/wp-json\/wp\/v2\/comments?post=10095"}],"version-history":[{"count":0,"href":"http:\/\/hoycordobaweb.com\/index.php\/wp-json\/wp\/v2\/posts\/10095\/revisions"}],"wp:attachment":[{"href":"http:\/\/hoycordobaweb.com\/index.php\/wp-json\/wp\/v2\/media?parent=10095"}],"wp:term":[{"taxonomy":"category","embeddable":true,"href":"http:\/\/hoycordobaweb.com\/index.php\/wp-json\/wp\/v2\/categories?post=10095"},{"taxonomy":"post_tag","embeddable":true,"href":"http:\/\/hoycordobaweb.com\/index.php\/wp-json\/wp\/v2\/tags?post=10095"}],"curies":[{"name":"wp","href":"https:\/\/api.w.org\/{rel}","templated":true}]}}