{"id":100879,"date":"2025-03-31T14:05:21","date_gmt":"2025-03-31T14:05:21","guid":{"rendered":"https:\/\/www.ole.com.ar\/futbol-internacional\/espana\/crsitiano-ronaldo-kylian-mbappe-real-madrid-carlo-ancelotti_0_RttELv7MZl.html"},"modified":"2025-03-31T14:05:21","modified_gmt":"2025-03-31T14:05:21","slug":"carlo-ancelotti-y-la-llamativa-comparacion-entre-mbappe-y-cristiano-ronaldo-en-el-real-madrid","status":"publish","type":"post","link":"http:\/\/hoycordobaweb.com\/index.php\/2025\/03\/31\/carlo-ancelotti-y-la-llamativa-comparacion-entre-mbappe-y-cristiano-ronaldo-en-el-real-madrid\/","title":{"rendered":"Carlo Ancelotti y la llamativa comparaci\u00f3n entre Mbapp\u00e9 y Cristiano Ronaldo en el Real Madrid"},"content":{"rendered":"<p><img src=\"http:\/\/hoycordobaweb.com\/wp-content\/uploads\/2025\/03\/carlo-ancelotti-y-la-llamativa-comparacion-entre-mbappe-y-cristiano-ronaldo-en-el-real-madrid.jpg\"><\/p>\n<p><time class=\"createDate\" datetime=\"2025-03-31T11:05:21-03:00\">31\/03\/2025 11:05hs.<\/time><\/p>\n<div id=\"storyBody\">\n<div class=\"custom-text \" readability=\"32.842105263158\">\n<p><strong><a href=\"https:\/\/www.ole.com.ar\/tema\/kylian-mbappe.html\" title=\"Kylian Mbapp\u00e9\" alt=\"Kylian Mbapp\u00e9\" class=\"slug\">Kylian Mbapp\u00e9<\/a><\/strong> arrib\u00f3 a suelo espa\u00f1ol para hacer historia en el <strong><a href=\"https:\/\/www.ole.com.ar\/tema\/real-madrid.html\" title=\"Real Madrid\" alt=\"Real Madrid\" class=\"slug\">Real Madrid<\/a><\/strong>: un traspaso millonario, una presentaci\u00f3n inolvidable con semejanzas a la de <strong><a href=\"https:\/\/www.ole.com.ar\/tema\/cristiano-ronaldo.html\" title=\"Cristiano Ronaldo\" alt=\"Cristiano Ronaldo\" class=\"slug\">Cristiano Ronaldo<\/a><\/strong> y unos n\u00fameros en su primera temporada que traen buenos recuerdos. Por eso, <strong><a href=\"https:\/\/www.ole.com.ar\/tema\/carlo-ancelotti.html\" title=\"Carlo Ancelotti\" alt=\"Carlo Ancelotti\" class=\"slug\">Carlo Ancelotti<\/a><\/strong>,<strong> palabra autorizada en la Casa Blanca, no escap\u00f3 de la comparativa con el astro portugu\u00e9s&#8230;<\/strong><\/p>\n<\/div>\n<div class=\"custom-text \" readability=\"39\">\n<p><strong>\u00abEs dif\u00edcil comparar a jugadores distintos y decir que Mbapp\u00e9 va a ser capaz de lograr lo que ha logrado Cristiano Ronaldo en el Real Madrid\u00bb<\/strong>, admiti\u00f3. Claro, a lo largo de los \u00faltimos a\u00f1os, se compar\u00f3 en reiteradas ocasiones a los mejores jugadores de la actualidad con el hist\u00f3rico 7 madridista. Y lo que es seguro, es que no ser\u00e1 f\u00e1cil igualar los n\u00fameros que tuvo uno de los mejores jugadores de la historia.<\/p>\n<\/div>\n<div class=\"sc-e7b891c4-0 ifHnQL image-embed\"><img alt=\"Incre\u00edble presente de Mbappe en Madrid. (AP)\" loading=\"lazy\" width=\"720\" height=\"100\" decoding=\"async\" data-nimg=\"1\" src=\"http:\/\/hoycordobaweb.com\/wp-content\/uploads\/2025\/03\/carlo-ancelotti-y-la-llamativa-comparacion-entre-mbappe-y-cristiano-ronaldo-en-el-real-madrid-2.jpg\"><span class=\"epigraphe\">Incre\u00edble presente de Mbappe en Madrid. (AP)<\/span><\/div>\n<div class=\"custom-text \" readability=\"41\">\n<p><strong>\u00abTiene la oportunidad de hacerlo y eso significa que ser\u00eda una leyenda del Real Madrid como lo es Cristiano Ronaldo\u00bb<\/strong>, cerr\u00f3 el t\u00e9cnico italiano. En la temporada 24\/25, Mbapp\u00e9 est\u00e1 intratable con una estad\u00edstica impresionante: <strong>convirti\u00f3 32 goles en 44 partidos disputados<\/strong>, que se dividen entre LaLiga, Champions League, Copa del Rey, Supercopa de Espa\u00f1a y Supercopa de Europa. \u00a1N\u00fameros infernales!<\/p>\n<\/div>\n<div class=\"sc-734b4696-1 kFfZtB\" readability=\"6\">\n<div class=\"sc-d00d9e74-0 hnHYbk\" type=\"embed\">\n<div class=\"sc-d00d9e74-1 iKVbz videoText\" id=\"contentTitleembed4KQjqJLb\" type=\"embed\"><svg fill=\"#ffffff\"><symbol id=\"play\" viewBox=\"0 0 512 512\"><path d=\"M512 256C512 397.4 397.4 512 256 512C114.6 512 0 397.4 0 256C0 114.6 114.6 0 256 0C397.4 0 512 114.6 512 256zM176 168V344C176 352.7 180.7 360.7 188.3 364.9C195.8 369.2 205.1 369 212.5 364.5L356.5 276.5C363.6 272.1 368 264.4 368 256C368 247.6 363.6 239.9 356.5 235.5L212.5 147.5C205.1 142.1 195.8 142.8 188.3 147.1C180.7 151.3 176 159.3 176 168V168z\" \/><\/symbol><use xlink:href=\"#play\" \/><\/svg><\/p>\n<div class=\"right\">\n<p>Carlo Ancelotti<!-- --> &#8211; <span>&nbsp;<\/span><\/p>\n<h2 class=\"title-vid\">La respuesta de Ancelotti cuando compararon a Mbapp\u00e9 con Cristiano Ronaldo<\/h2>\n<\/div>\n<\/div>\n<p><span class=\"back\" id=\"spanBackembed4KQjqJLb\"><\/span><\/div>\n<div class=\"JWvideoNota_title\" readability=\"7\">\n<p>El DT del Real Madrid habl\u00f3 de los n\u00fameros del franc\u00e9s y el portugu\u00e9s. <\/p>\n<\/div>\n<\/div>\n<div class=\"custom-text \" readability=\"38\">\n<p>Tambi\u00e9n, desde su llegada a mitad de a\u00f1o al club, consigui\u00f3 la Copa Intercontinental y la Supercopa de Europa. Y ahora va por m\u00e1s: en el torneo se encuentra peleando mano a mano por la primera posici\u00f3n con el Barcelona, en la Champions se meti\u00f3 en cuartos donde enfrentar\u00e1 al Arsenal y<strong> tambi\u00e9n se encuentra en semis de Copa del Rey.<\/strong><\/p>\n<\/div>\n<div class=\"sc-e7b891c4-0 ifHnQL image-embed\"><img alt=\"La comparativa con Cristiano. (EFE)\" loading=\"lazy\" width=\"720\" height=\"100\" decoding=\"async\" data-nimg=\"1\" src=\"http:\/\/hoycordobaweb.com\/wp-content\/uploads\/2025\/03\/carlo-ancelotti-y-la-llamativa-comparacion-entre-mbappe-y-cristiano-ronaldo-en-el-real-madrid-3.jpg\"><span class=\"epigraphe\">La comparativa con Cristiano. (EFE)<\/span><\/div>\n<p><h2><strong>El Real Madrid busca la final de la Copa del Rey<\/strong><\/h2>\n<\/p>\n<div class=\"custom-text \" readability=\"37\">\n<p>Ancelotti busca su tercera final de la Copa del Rey, competici\u00f3n que consigui\u00f3 en las dos ocasiones que lleg\u00f3 al partido decisivo. En ese escenario, se refiri\u00f3 al torneo antes de enfrentar a la Real Sociedad en el Santiago Bernab\u00e9u, con ventaja de un tanto de la ida de semifinales.<\/p>\n<\/div>\n<div class=\"custom-text \" readability=\"38\">\n<p>\u00abMe motiva estar muy cerca de una final, a los jugadores y al club . Estoy m\u00e1s motivado porque es un logro jugar una final de cualquier competici\u00f3n, por estar muy cerca, tener una peque\u00f1a ventaja y el apoyo de nuestra afici\u00f3n nos motiva m\u00e1s\u00bb, tir\u00f3.<\/p>\n<\/div>\n<div class=\"custom-text \" readability=\"34\">\n<p><strong>\u00abTenemos la oportunidad y la ilusi\u00f3n de jugar otra final. Nos encantar\u00eda ganar la Copa del Rey, una competici\u00f3n que nos ha salido bien los \u00faltimos a\u00f1os y queremos repetir\u00bb.<\/strong><\/p>\n<\/div>\n<div class=\"sc-e7b891c4-0 ifHnQL image-embed\"><img alt=\"Ancelotti quiere jugar otra final. (EFE)\" loading=\"lazy\" width=\"720\" height=\"100\" decoding=\"async\" data-nimg=\"1\" src=\"http:\/\/hoycordobaweb.com\/wp-content\/uploads\/2025\/03\/carlo-ancelotti-y-la-llamativa-comparacion-entre-mbappe-y-cristiano-ronaldo-en-el-real-madrid-4.jpg\"><span class=\"epigraphe\">Ancelotti quiere jugar otra final. (EFE)<\/span><\/div>\n<p><h2><strong>Vinicius, Mbapp\u00e9, Rudiger y Dani Ceballos, investigados por la UEFA<\/strong><\/h2>\n<\/p>\n<div class=\"custom-text \" readability=\"36\">\n<p>Aparentemente, en los festejos de la clasificaci\u00f3n a la pr\u00f3xima ronda tras eliminar al Atl\u00e9tico de Simeone, algunos jugadores del Madrid se excedieron en los festejos en el estadio Metropolitano y es por eso que la UEFA decidi\u00f3 abrir un expediente por conducta inapropiada.<\/p>\n<\/div>\n<div class=\"custom-text \" readability=\"37\">\n<p>Los acusados de celebrar de m\u00e1s fueron Vinicius Jr, Kylian Mbapp\u00e9, Antonio Rudiger y Dani Ceballos. La UEFA design\u00f3 a un inspector del \u00e1rea de \u00c9tica y Disciplina para examinar el accionar de los cuatro y determinar si incurrieron en alg\u00fan tipo de infracci\u00f3n en el encuentro disputado el pasado 12 de marzo.<\/p>\n<\/div>\n<div class=\"sc-e7b891c4-0 ifHnQL image-embed\"><img alt=\"Mbappe uno de los investigados. (EFE\/EPA)\" loading=\"lazy\" width=\"720\" height=\"100\" decoding=\"async\" data-nimg=\"1\" src=\"http:\/\/hoycordobaweb.com\/wp-content\/uploads\/2025\/03\/carlo-ancelotti-y-la-llamativa-comparacion-entre-mbappe-y-cristiano-ronaldo-en-el-real-madrid-5.jpg\"><span class=\"epigraphe\">Mbappe uno de los investigados. (EFE\/EPA)<\/span><\/div>\n<div class=\"custom-text \" readability=\"38\">\n<p>\u00abUn Inspector de \u00c9tica y Disciplina de la UEFA ha sido designado para investigar las acusaciones de conducta indecente por parte de los jugadores del Real Madrid CF (Antonio R\u00fcdiger, Kylian Mbapp\u00e9, Daniel Ceballos Fern\u00e1ndez y Vin\u00edcius J\u00fanior) durante el partido de octavos de final de la UEFA Champions League entre el Club Atl\u00e9tico de Madrid y el Real Madrid CF el 12 de marzo de 2025\u00bb, fue el comunicado oficial.<\/p>\n<\/div>\n<div class=\"sc-a7166897-0 eoLsBE\" readability=\"6.5\">\n<section readability=\"3\"><picture><img alt=\"El motivo por el que Kylian Mbapp\u00e9 y Vinicius Jr. pueden perderse el partido de ida vs. Arsenal\" loading=\"lazy\" width=\"290\" height=\"290\" decoding=\"async\" data-nimg=\"1\" src=\"http:\/\/hoycordobaweb.com\/wp-content\/uploads\/2025\/03\/carlo-ancelotti-y-la-llamativa-comparacion-entre-mbappe-y-cristiano-ronaldo-en-el-real-madrid-6.jpg\"><\/picture>\n<p><span>Mir\u00e1 tambi\u00e9n<\/span><\/p>\n<hr>\n<h3>El motivo por el que Kylian Mbapp\u00e9 y Vinicius Jr. pueden perderse el partido de ida vs. Arsenal<\/h3>\n<\/p>\n<\/section>\n<\/div>\n<div class=\"sc-a7166897-0 eoLsBE\" readability=\"6.5\">\n<section readability=\"3\"><picture><img alt=\"Qu\u00e9 dijo Carlo Ancelotti sobre una posible llegada a la selecci\u00f3n de Brasil de cara al Mundial 2026\" loading=\"lazy\" width=\"290\" height=\"290\" decoding=\"async\" data-nimg=\"1\" src=\"http:\/\/hoycordobaweb.com\/wp-content\/uploads\/2025\/03\/carlo-ancelotti-y-la-llamativa-comparacion-entre-mbappe-y-cristiano-ronaldo-en-el-real-madrid-7.jpg\"><\/picture>\n<p><span>Mir\u00e1 tambi\u00e9n<\/span><\/p>\n<hr>\n<h3>Qu\u00e9 dijo Carlo Ancelotti sobre una posible llegada a la selecci\u00f3n de Brasil de cara al Mundial 2026<\/h3>\n<\/p>\n<\/section>\n<\/div>\n<div class=\"sc-a7166897-0 eoLsBE\" readability=\"7.5\">\n<section readability=\"5\"><picture><img alt=\"Vinicius, Mbapp\u00e9, Rudiger y Dani Ceballos, investigados por la UEFA\" loading=\"lazy\" width=\"290\" height=\"290\" decoding=\"async\" data-nimg=\"1\" src=\"http:\/\/hoycordobaweb.com\/wp-content\/uploads\/2025\/03\/carlo-ancelotti-y-la-llamativa-comparacion-entre-mbappe-y-cristiano-ronaldo-en-el-real-madrid-8.jpg\"><\/picture>\n<p><span>Mir\u00e1 tambi\u00e9n<\/span><\/p>\n<hr>\n<h3>Vinicius, Mbapp\u00e9, Rudiger y Dani Ceballos, investigados por la UEFA<\/h3>\n<\/p>\n<\/section>\n<\/div>\n<\/div>\n","protected":false},"excerpt":{"rendered":"<p>31\/03\/2025 11:05hs. Kylian Mbapp\u00e9 arrib\u00f3 a suelo espa\u00f1ol para hacer historia en el Real Madrid: un traspaso millonario, una presentaci\u00f3n inolvidable con semejanzas a la de Cristiano Ronaldo y unos n\u00fameros en su primera temporada que traen buenos recuerdos. Por eso, Carlo Ancelotti, palabra autorizada en la Casa Blanca, no escap\u00f3 de la comparativa con [&hellip;]<\/p>\n","protected":false},"author":1,"featured_media":100880,"comment_status":"open","ping_status":"closed","sticky":false,"template":"","format":"standard","meta":[],"categories":[16],"tags":[],"_links":{"self":[{"href":"http:\/\/hoycordobaweb.com\/index.php\/wp-json\/wp\/v2\/posts\/100879"}],"collection":[{"href":"http:\/\/hoycordobaweb.com\/index.php\/wp-json\/wp\/v2\/posts"}],"about":[{"href":"http:\/\/hoycordobaweb.com\/index.php\/wp-json\/wp\/v2\/types\/post"}],"author":[{"embeddable":true,"href":"http:\/\/hoycordobaweb.com\/index.php\/wp-json\/wp\/v2\/users\/1"}],"replies":[{"embeddable":true,"href":"http:\/\/hoycordobaweb.com\/index.php\/wp-json\/wp\/v2\/comments?post=100879"}],"version-history":[{"count":0,"href":"http:\/\/hoycordobaweb.com\/index.php\/wp-json\/wp\/v2\/posts\/100879\/revisions"}],"wp:featuredmedia":[{"embeddable":true,"href":"http:\/\/hoycordobaweb.com\/index.php\/wp-json\/wp\/v2\/media\/100880"}],"wp:attachment":[{"href":"http:\/\/hoycordobaweb.com\/index.php\/wp-json\/wp\/v2\/media?parent=100879"}],"wp:term":[{"taxonomy":"category","embeddable":true,"href":"http:\/\/hoycordobaweb.com\/index.php\/wp-json\/wp\/v2\/categories?post=100879"},{"taxonomy":"post_tag","embeddable":true,"href":"http:\/\/hoycordobaweb.com\/index.php\/wp-json\/wp\/v2\/tags?post=100879"}],"curies":[{"name":"wp","href":"https:\/\/api.w.org\/{rel}","templated":true}]}}