{"id":100871,"date":"2025-03-31T15:26:39","date_gmt":"2025-03-31T15:26:39","guid":{"rendered":"https:\/\/www.ole.com.ar\/seleccion\/gran-noticia-scaloneta-leandro-paredes-papa-tercera-vez_0_i1Wn3ggZ6G.html"},"modified":"2025-03-31T15:26:39","modified_gmt":"2025-03-31T15:26:39","slug":"gran-noticia-para-la-scaloneta-leandro-paredes-fue-papa-por-tercera-vez","status":"publish","type":"post","link":"http:\/\/hoycordobaweb.com\/index.php\/2025\/03\/31\/gran-noticia-para-la-scaloneta-leandro-paredes-fue-papa-por-tercera-vez\/","title":{"rendered":"Gran noticia para la Scaloneta: Leandro Paredes fue pap\u00e1 por tercera vez"},"content":{"rendered":"<p><img src=\"http:\/\/hoycordobaweb.com\/wp-content\/uploads\/2025\/03\/gran-noticia-para-la-scaloneta-leandro-paredes-fue-papa-por-tercera-vez.jpg\"><\/p>\n<p><time class=\"createDate\" datetime=\"2025-03-31T12:26:39-03:00\">31\/03\/2025 12:26hs.<\/time><\/p>\n<div id=\"storyBody\">\n<div class=\"custom-text \" readability=\"32.673854447439\">\n<p>Las buenas noticias en la <strong><a href=\"https:\/\/www.ole.com.ar\/tema\/seleccion-argentina.html\" title=\"Selecci\u00f3n Argentina\" alt=\"Selecci\u00f3n Argentina\" class=\"slug\">Selecci\u00f3n Argentina<\/a><\/strong> no siempre son estrictamente futbol\u00edsticas. Despu\u00e9s de una nueva exitosa fecha <strong><a href=\"https:\/\/www.ole.com.ar\/tema\/fifa.html\" title=\"FIFA\" alt=\"FIFA\" class=\"slug\">FIFA<\/a><\/strong>, que comenz\u00f3 con el triunfo ante <strong><a href=\"https:\/\/www.ole.com.ar\/tema\/seleccion-de-uruguay.html\" title=\"Selecci\u00f3n de Uruguay\" alt=\"Selecci\u00f3n de Uruguay\" class=\"slug\">Uruguay <\/a><\/strong>en Montevideo y que culmin\u00f3 con la goleada ante <strong><a href=\"https:\/\/www.ole.com.ar\/tema\/brasil.html\" title=\"Brasil\" alt=\"Brasil\" class=\"slug\">Brasil<\/a><\/strong> <strong>y la clasificaci\u00f3n anticipada al Mundial del 2026, <a href=\"https:\/\/www.ole.com.ar\/tema\/leandro-paredes.html\" title=\"Leandro Paredes\" alt=\"Leandro Paredes\" class=\"slug\">Leandro Paredes<\/a> sum\u00f3 m\u00e1s alegr\u00edas: anunci\u00f3 el nacimiento de Lautaro, su tercer hijo. <\/strong><\/p>\n<\/div>\n<div class=\"custom-text \" readability=\"35\">\n<p><strong>\u00abBienvenido amorcito! \ud83d\udc99\ud83d\ude4f\ud83c\udffdLautaro Paredes 31\/03\/2025 \u2764\ufe0f\u2764\ufe0f\u00bb,<\/strong> escribi\u00f3 el volante de la Roma en su cuenta de Instagram, en un posteo que r\u00e1pidamente super\u00f3 los 500 mil likes.<\/p>\n<\/div>\n<div class=\"sc-e7b891c4-0 ifHnQL image-embed\"><img alt=\"Las fotos que compartieron Paredes y su pareja, Camila Galante.\" loading=\"lazy\" width=\"720\" height=\"100\" decoding=\"async\" data-nimg=\"1\" src=\"http:\/\/hoycordobaweb.com\/wp-content\/uploads\/2025\/03\/gran-noticia-para-la-scaloneta-leandro-paredes-fue-papa-por-tercera-vez-2.jpg\"><span class=\"epigraphe\">Las fotos que compartieron Paredes y su pareja, Camila Galante.<\/span><\/div>\n<div class=\"custom-text \" readability=\"41\">\n<p>Adem\u00e1s, su pareja, Camila Galante, tambi\u00e9n comparti\u00f3 en sus redes otras dos fotos del flamante nuevo integrante de la familia. Una de ellas, junto a sus hermanos, Victoria y Giovanni. <strong>\u00abBienvenido a nuestra vida, amor. Te est\u00e1bamos esperando mucho\u201d, <\/strong>celebr\u00f3 Camila en una de sus historias.<\/p>\n<\/div>\n<div class=\"sc-e7b891c4-0 ifHnQL image-embed\"><img alt=\"Las fotos que compartieron Paredes y su pareja, Camila Galante.\" loading=\"lazy\" width=\"720\" height=\"100\" decoding=\"async\" data-nimg=\"1\" src=\"http:\/\/hoycordobaweb.com\/wp-content\/uploads\/2025\/03\/gran-noticia-para-la-scaloneta-leandro-paredes-fue-papa-por-tercera-vez-3.jpg\"><span class=\"epigraphe\">Las fotos que compartieron Paredes y su pareja, Camila Galante.<\/span><\/div>\n<div class=\"custom-text \" readability=\"30.994202898551\">\n<p>El anuncio de la feliz familia recibi\u00f3 una gran cantidad de felicitaciones y no faltaron los mensajes de otros integrantes del plantel campe\u00f3n del mundo. \u00abBienvenido Lautiiiii. Felicitaciones familia\u00bb, escribi\u00f3<strong><a href=\"https:\/\/www.ole.com.ar\/tema\/nicolas-otamendi.html\" title=\"Nicol\u00e1s Otamendi\" alt=\"Nicol\u00e1s Otamendi\" class=\"slug\"> Nicol\u00e1s Otamendi<\/a><\/strong>. \u00abLos amooooo\u00bb, coment\u00f3 <strong><a href=\"https:\/\/www.ole.com.ar\/tema\/paulo-dybala.html\" title=\"Paulo Dybala\" alt=\"Paulo Dybala\" class=\"slug\">Paulo Dybala<\/a><\/strong>. <strong><a href=\"https:\/\/www.ole.com.ar\/tema\/angel-di-maria.html\" title=\"Angel DI Mar\u00eda\" alt=\"Angel DI Mar\u00eda\" class=\"slug\">Angel Di Mar\u00eda<\/a><\/strong> y <strong><a href=\"https:\/\/www.ole.com.ar\/tema\/giovani-lo-celso.html\" title=\"Giovani Lo Celso\" alt=\"Giovani Lo Celso\" class=\"slug\">Gio Lo Celso<\/a><\/strong> festejaron la noticia con distintos emojis. <\/p>\n<\/div>\n<div class=\"sc-e7b891c4-0 ifHnQL image-embed\"><img alt=\"Las fotos que compartieron Paredes y su pareja, Camila Galante.\" loading=\"lazy\" width=\"720\" height=\"100\" decoding=\"async\" data-nimg=\"1\" src=\"http:\/\/hoycordobaweb.com\/wp-content\/uploads\/2025\/03\/gran-noticia-para-la-scaloneta-leandro-paredes-fue-papa-por-tercera-vez-4.jpg\"><span class=\"epigraphe\">Las fotos que compartieron Paredes y su pareja, Camila Galante.<\/span><\/div>\n<div class=\"custom-embedhtml\" readability=\"6.9827586206897\">\n<blockquote class=\"twitter-tweet\" readability=\"7.448275862069\">\n<p lang=\"es\" dir=\"ltr\">Felicidades, Lea Paredes, para vos y tu pareja Camila por la llegada de Lautaro. \u00a1Se agranda la familia! \u00a1Muchas bendiciones para ese hermoso beb\u00e9! \u2764\ufe0f<\/p>\n<p>\u2014 Chiqui Tapia (@tapiachiqui) <a href=\"https:\/\/twitter.com\/tapiachiqui\/status\/1906702393493905557?ref_src=twsrc%5Etfw\">March 31, 2025<\/a><\/p><\/blockquote><\/div>\n<div class=\"custom-text \" readability=\"41\">\n<p>Por otro lado, Paredes tambi\u00e9n recibi\u00f3 las felicitaciones del presidente de AFA, <strong>Claudio Tapia, de Antonela Roccuzzo, Jorgelina Cardoso, Juan Pablo Sor\u00edn, Oriana Sabatini y Erik Lamela, entre otros. <\/strong><\/p>\n<\/div>\n<\/div>\n","protected":false},"excerpt":{"rendered":"<p>31\/03\/2025 12:26hs. Las buenas noticias en la Selecci\u00f3n Argentina no siempre son estrictamente futbol\u00edsticas. Despu\u00e9s de una nueva exitosa fecha FIFA, que comenz\u00f3 con el triunfo ante Uruguay en Montevideo y que culmin\u00f3 con la goleada ante Brasil y la clasificaci\u00f3n anticipada al Mundial del 2026, Leandro Paredes sum\u00f3 m\u00e1s alegr\u00edas: anunci\u00f3 el nacimiento de [&hellip;]<\/p>\n","protected":false},"author":1,"featured_media":100872,"comment_status":"open","ping_status":"closed","sticky":false,"template":"","format":"standard","meta":[],"categories":[16],"tags":[],"_links":{"self":[{"href":"http:\/\/hoycordobaweb.com\/index.php\/wp-json\/wp\/v2\/posts\/100871"}],"collection":[{"href":"http:\/\/hoycordobaweb.com\/index.php\/wp-json\/wp\/v2\/posts"}],"about":[{"href":"http:\/\/hoycordobaweb.com\/index.php\/wp-json\/wp\/v2\/types\/post"}],"author":[{"embeddable":true,"href":"http:\/\/hoycordobaweb.com\/index.php\/wp-json\/wp\/v2\/users\/1"}],"replies":[{"embeddable":true,"href":"http:\/\/hoycordobaweb.com\/index.php\/wp-json\/wp\/v2\/comments?post=100871"}],"version-history":[{"count":0,"href":"http:\/\/hoycordobaweb.com\/index.php\/wp-json\/wp\/v2\/posts\/100871\/revisions"}],"wp:featuredmedia":[{"embeddable":true,"href":"http:\/\/hoycordobaweb.com\/index.php\/wp-json\/wp\/v2\/media\/100872"}],"wp:attachment":[{"href":"http:\/\/hoycordobaweb.com\/index.php\/wp-json\/wp\/v2\/media?parent=100871"}],"wp:term":[{"taxonomy":"category","embeddable":true,"href":"http:\/\/hoycordobaweb.com\/index.php\/wp-json\/wp\/v2\/categories?post=100871"},{"taxonomy":"post_tag","embeddable":true,"href":"http:\/\/hoycordobaweb.com\/index.php\/wp-json\/wp\/v2\/tags?post=100871"}],"curies":[{"name":"wp","href":"https:\/\/api.w.org\/{rel}","templated":true}]}}