{"id":100803,"date":"2025-03-30T21:00:36","date_gmt":"2025-03-30T21:00:36","guid":{"rendered":"https:\/\/www.trendencias.com\/belleza\/alucinante-bonito-suelto-encrespamiento-que-tengo-pelo-que-uso-este-cosmetico"},"modified":"2025-03-30T21:00:36","modified_gmt":"2025-03-30T21:00:36","slug":"es-alucinante-lo-bonito-suelto-y-sin-encrespamiento-que-tengo-el-pelo-desde-que-uso-este-cosmetico","status":"publish","type":"post","link":"http:\/\/hoycordobaweb.com\/index.php\/2025\/03\/30\/es-alucinante-lo-bonito-suelto-y-sin-encrespamiento-que-tengo-el-pelo-desde-que-uso-este-cosmetico\/","title":{"rendered":"Es alucinante lo bonito, suelto y sin encrespamiento que tengo el pelo desde que uso este cosm\u00e9tico"},"content":{"rendered":"<p>Hace unos d\u00edas lleg\u00f3 a mis manos el \u00faltimo lanzamiento para el cuidado del pelo de la firma espa\u00f1ola <strong>Lico Cosmetics <\/strong>en colaboraci\u00f3n con <a rel=\"noopener, noreferrer\" href=\"https:\/\/www.instagram.com\/helena.rodero\/\">Helena Rodero<\/a>, farmac\u00e9utica y especialista en cabello. Y es que tras lanzar dos champ\u00fas, un acondicionador y un tratamiento antica\u00edda (productos que no he probado pero por poco tiempo porque me los voy a comprar), ahora han lanzado el<strong> Anti Frizz Beautifier &nbsp;<\/strong>que han bautizado como <strong>\u00abel primer \u2018maquillaje\u2019 para el cabello <\/strong>que embellece mientras ofrece<strong> <\/strong>una protecci\u00f3n 360\u00ba\u00bb y que s\u00ed, este s\u00ed he probado y he alucinado.<\/p>\n<p><!-- BREAK 1 --> <\/p>\n<div class=\"article-asset article-asset-normal article-asset-center\">\n<div class=\"desvio-container\">\n<div class=\"desvio\">\n<div class=\"desvio-figure js-desvio-figure\"> <a href=\"https:\/\/www.trendencias.com\/belleza\/despues-usar-aceite-rosa-mosqueta-mercadona-durante-mes-tengo-veredicto-mi-piel-esta-extra-jugosa-repetire-seguro\" class=\"pivot-outboundlink\" data-vars-post-title=\"Despu\u00e9s usar el aceite de rosa de mosqueta de Mercadona durante un mes, tengo un veredicto: mi piel est\u00e1 extra jugosa y repetir\u00e9 seguro \"> <img loading=\"lazy\" alt=\"Despu\u00e9s usar el aceite de rosa de mosqueta de Mercadona durante un mes, tengo un veredicto: mi piel est\u00e1 extra jugosa y repetir\u00e9 seguro \" width=\"375\" height=\"142\" src=\"http:\/\/hoycordobaweb.com\/wp-content\/uploads\/2025\/03\/es-alucinante-lo-bonito-suelto-y-sin-encrespamiento-que-tengo-el-pelo-desde-que-uso-este-cosmetico.jpg\"> <\/a> <\/div><\/div><\/div>\n<\/div>\n<div class=\"article-asset-image article-asset-normal article-asset-center\">\n<div class=\"asset-content\"> <img class=\"centro_sinmarco\" height=\"2061\" width=\"1546\" loading=\"lazy\" decoding=\"async\" sizes=\"100vw\" fetchpriority=\"high\" srcset=\"http:\/\/hoycordobaweb.com\/wp-content\/uploads\/2025\/03\/es-alucinante-lo-bonito-suelto-y-sin-encrespamiento-que-tengo-el-pelo-desde-que-uso-este-cosmetico-1.jpg 450w, http:\/\/hoycordobaweb.com\/wp-content\/uploads\/2025\/03\/es-alucinante-lo-bonito-suelto-y-sin-encrespamiento-que-tengo-el-pelo-desde-que-uso-este-cosmetico-3.jpg 681w, http:\/\/hoycordobaweb.com\/wp-content\/uploads\/2025\/03\/es-alucinante-lo-bonito-suelto-y-sin-encrespamiento-que-tengo-el-pelo-desde-que-uso-este-cosmetico-4.jpg 1024w, http:\/\/hoycordobaweb.com\/wp-content\/uploads\/2025\/03\/es-alucinante-lo-bonito-suelto-y-sin-encrespamiento-que-tengo-el-pelo-desde-que-uso-este-cosmetico-5.jpg 1366w\" src=\"http:\/\/hoycordobaweb.com\/wp-content\/uploads\/2025\/03\/es-alucinante-lo-bonito-suelto-y-sin-encrespamiento-que-tengo-el-pelo-desde-que-uso-este-cosmetico-1.jpg\" alt=\"Lico Cosmetics 2\"> <noscript><img alt=\"Lico Cosmetics 2\" class=\"centro_sinmarco\" src=\"http:\/\/hoycordobaweb.com\/wp-content\/uploads\/2025\/03\/es-alucinante-lo-bonito-suelto-y-sin-encrespamiento-que-tengo-el-pelo-desde-que-uso-este-cosmetico-1.jpg\"><\/noscript> <\/div>\n<\/div>\n<p>El caso es que este producto ha sido dise\u00f1ado como un embellecedor capilar para eliminar el <a class=\"text-outboundlink\" href=\"https:\/\/www.trendencias.com\/belleza\/que-se-nos-encrespa-pelo-que-podemos-hacer-para-evitarlo-expertos-1\" data-vars-post-title=\"Por qu\u00e9 se nos encrespa el pelo y qu\u00e9 podemos hacer para evitarlo seg\u00fan los expertos \" data-vars-post-url=\"https:\/\/www.trendencias.com\/belleza\/que-se-nos-encrespa-pelo-que-podemos-hacer-para-evitarlo-expertos-1\">encrespamiento<\/a>, proporcionar un brillo inmediato y para proteger la cut\u00edcula. De hecho, lo definen como un producto con cuatro efectos:<\/p>\n<p><!-- BREAK 2 --><\/p>\n<ol>\n<li><strong>Maquillaje Capilar.<\/strong> Y es que los beneficios sobre el cabello son inmediatos, tal cual, no hace falta esperar no s\u00e9 <em>cuantitos <\/em>d\u00edas para ver efectos&#8230; no, d<strong>esde el primer momento que lo usas elimina el encrespamiento, el pelo est\u00e1 m\u00e1s suave y sedoso y mucho m\u00e1s brillante,<\/strong> sin apelmazar, lo cual es bastante importante, sobre todo para las que tenemos el <a href=\"https:\/\/www.trendencias.com\/tag\/cabello-fino\">pelo fino<\/a>.<\/li>\n<li><strong>Protecci\u00f3n frente al da\u00f1o capilar<\/strong>. Aqu\u00ed, tenemos que tener en cuenta que el pelo, en realidad, son c\u00e9lulas muertas y est\u00e1 envuelto en una capa muy fina de l\u00edpidos aceitosos que forma lo que se conoce como <strong>capa F<\/strong>. Pues bien, esa es la capa protectora de la cut\u00edcula que la acompa\u00f1ar\u00e1 durante todo su crecimiento, por eso mantenerla \u00edntegra es la clave y si se pierde la cut\u00edcula queda expuesta y se da\u00f1a. Por lo que este producto la cuida.<\/li>\n<li><strong>Protecci\u00f3n frente a la radiaci\u00f3n UV.<\/strong> Aqu\u00ed &nbsp;resulta que aumenta la protecci\u00f3n del pelo frente al da\u00f1o solar.<\/li>\n<li><strong>Protecci\u00f3n t\u00e9rmica.<\/strong> Proporcionando un film protector que previene del da\u00f1o por calor de los secadores, planchas y dem\u00e1s herramientas de peinado.<\/li>\n<\/ol>\n<p>As\u00ed visto, ya tiene buena pinta \u00bfverdad? Pues os dir\u00e9 que lo que se ve, los efectos inmediatos, son ciertos.&nbsp;<\/p>\n<div class=\"article-asset-image article-asset-normal article-asset-center\">\n<div class=\"asset-content\"> <img class=\"centro_sinmarco\" height=\"2061\" width=\"1546\" loading=\"lazy\" decoding=\"async\" sizes=\"100vw\" fetchpriority=\"high\" srcset=\"http:\/\/hoycordobaweb.com\/wp-content\/uploads\/2025\/03\/es-alucinante-lo-bonito-suelto-y-sin-encrespamiento-que-tengo-el-pelo-desde-que-uso-este-cosmetico-2.jpg 450w, http:\/\/hoycordobaweb.com\/wp-content\/uploads\/2025\/03\/es-alucinante-lo-bonito-suelto-y-sin-encrespamiento-que-tengo-el-pelo-desde-que-uso-este-cosmetico-6.jpg 681w, http:\/\/hoycordobaweb.com\/wp-content\/uploads\/2025\/03\/es-alucinante-lo-bonito-suelto-y-sin-encrespamiento-que-tengo-el-pelo-desde-que-uso-este-cosmetico-7.jpg 1024w, http:\/\/hoycordobaweb.com\/wp-content\/uploads\/2025\/03\/es-alucinante-lo-bonito-suelto-y-sin-encrespamiento-que-tengo-el-pelo-desde-que-uso-este-cosmetico-8.jpg 1366w\" src=\"http:\/\/hoycordobaweb.com\/wp-content\/uploads\/2025\/03\/es-alucinante-lo-bonito-suelto-y-sin-encrespamiento-que-tengo-el-pelo-desde-que-uso-este-cosmetico-2.jpg\" alt=\"Lico Cosmetics 1\"> <noscript><img alt=\"Lico Cosmetics 1\" class=\"centro_sinmarco\" src=\"http:\/\/hoycordobaweb.com\/wp-content\/uploads\/2025\/03\/es-alucinante-lo-bonito-suelto-y-sin-encrespamiento-que-tengo-el-pelo-desde-que-uso-este-cosmetico-2.jpg\"><\/noscript> <\/div>\n<\/div>\n<p>En cuanto a su uso,<strong> dependiendo de la largura aplicaremos m\u00e1s o menos cantidad, <\/strong>pero la clave es que, una vez nos hayamos lavado el pelo, quitemos el exceso de humedad, lo apliquemos y luego lo sequemos con <a class=\"text-outboundlink\" href=\"https:\/\/www.trendencias.com\/belleza\/secadores-pelo-cual-mejor-comprar-consejos-recomendaciones\" data-vars-post-title=\"Secadores de pelo: \u00bfcu\u00e1les son los mejores? Consejos y recomendaciones\" data-vars-post-url=\"https:\/\/www.trendencias.com\/belleza\/secadores-pelo-cual-mejor-comprar-consejos-recomendaciones\">secador<\/a>, como habitualmente lo hagamos.&nbsp;<\/p>\n<p><!-- BREAK 3 --> <\/p>\n<p>Uno de mis principales reparos con este tipo de productos, como bien intuir\u00e9is, es que al tener el pelo fino, los productos de este tipo tienden a apelmazarme el cabello, a aportar peso y que parezca que est\u00e1 sucio a las pocas horas de haberlo lavado. Pues bien, nada m\u00e1s lejos de la realidad.&nbsp;<\/p>\n<p><!-- BREAK 4 --><\/p>\n<p><strong>El resultado es incre\u00edble.<\/strong> Las veces que lo he usado, que ya han sido unas cuantas, <strong>el pelo me queda precioso, suave, separado, limpio, sin nada de encrespamiento<\/strong> (incluso sin pasarme la plancha), suelto y hasta os podr\u00eda decir que al d\u00eda siguiente lo tengo m\u00e1s limpio de lo habitual. Adem\u00e1s, vale tambi\u00e9n para <a href=\"https:\/\/www.trendencias.com\/tag\/pelo-rizado\">pelo rizado<\/a>.<\/p>\n<p><!-- BREAK 5 --><\/p>\n<p><strong>\u00bfMerece la pena? S\u00ed,<\/strong> es un producto que embellece el cabello, lo dice y lo cumple con creces, creado por una firma con unos productos que, personalmente, me encantan y con la colaboraci\u00f3n de una experta en cabello como es Helena Rodero, as\u00ed que poco m\u00e1s podemos pedir. Su precio es de <a rel=\"noopener, noreferrer\" href=\"https:\/\/licocosmetics.com\/products\/anti-frizz-beautifier\">37,90 euros<\/a> y tiene 60 ml. aunque dir\u00eda que cunde bastante porque el spray sale con una bruma muy fina.<\/p>\n<p><!-- BREAK 6 --> <\/p>\n<p>Fotos | <a rel=\"noopener, noreferrer\" href=\"https:\/\/www.instagram.com\/lico_cosmetics\/\">@lico_cosmetics<\/a> y Trendencias<\/p>\n<p>En Trendencias | <a class=\"text-outboundlink\" href=\"https:\/\/www.trendencias.com\/belleza\/corte-pelo-mullet-como-se-consigue-como-peinarlo-mantenerlo\" data-vars-post-title=\"Corte de pelo mullet: ideas y los mejores consejos para llevarlo a la \u00faltima\" data-vars-post-url=\"https:\/\/www.trendencias.com\/belleza\/corte-pelo-mullet-como-se-consigue-como-peinarlo-mantenerlo\">Corte de pelo mullet: ideas y los mejores consejos para llevarlo a la \u00faltima<\/a><\/p>\n<p>En Trendencias | <a class=\"text-outboundlink\" href=\"https:\/\/www.trendencias.com\/belleza\/como-tenirse-pelo-casa-paso-a-paso-mejores-consejos-expertos\" data-vars-post-title=\"C\u00f3mo te\u00f1irse el pelo en casa paso a paso con los mejores consejos de expertos\" data-vars-post-url=\"https:\/\/www.trendencias.com\/belleza\/como-tenirse-pelo-casa-paso-a-paso-mejores-consejos-expertos\">C\u00f3mo te\u00f1irse el pelo en casa paso a paso con los mejores consejos de expertos<\/a><\/p>\n","protected":false},"excerpt":{"rendered":"<p>Hace unos d\u00edas lleg\u00f3 a mis manos el \u00faltimo lanzamiento para el cuidado del pelo de la firma espa\u00f1ola Lico Cosmetics en colaboraci\u00f3n con Helena Rodero, farmac\u00e9utica y especialista en cabello. Y es que tras lanzar dos champ\u00fas, un acondicionador y un tratamiento antica\u00edda (productos que no he probado pero por poco tiempo porque me [&hellip;]<\/p>\n","protected":false},"author":1,"featured_media":100804,"comment_status":"closed","ping_status":"closed","sticky":false,"template":"","format":"standard","meta":[],"categories":[],"tags":[],"_links":{"self":[{"href":"http:\/\/hoycordobaweb.com\/index.php\/wp-json\/wp\/v2\/posts\/100803"}],"collection":[{"href":"http:\/\/hoycordobaweb.com\/index.php\/wp-json\/wp\/v2\/posts"}],"about":[{"href":"http:\/\/hoycordobaweb.com\/index.php\/wp-json\/wp\/v2\/types\/post"}],"author":[{"embeddable":true,"href":"http:\/\/hoycordobaweb.com\/index.php\/wp-json\/wp\/v2\/users\/1"}],"replies":[{"embeddable":true,"href":"http:\/\/hoycordobaweb.com\/index.php\/wp-json\/wp\/v2\/comments?post=100803"}],"version-history":[{"count":0,"href":"http:\/\/hoycordobaweb.com\/index.php\/wp-json\/wp\/v2\/posts\/100803\/revisions"}],"wp:featuredmedia":[{"embeddable":true,"href":"http:\/\/hoycordobaweb.com\/index.php\/wp-json\/wp\/v2\/media\/100804"}],"wp:attachment":[{"href":"http:\/\/hoycordobaweb.com\/index.php\/wp-json\/wp\/v2\/media?parent=100803"}],"wp:term":[{"taxonomy":"category","embeddable":true,"href":"http:\/\/hoycordobaweb.com\/index.php\/wp-json\/wp\/v2\/categories?post=100803"},{"taxonomy":"post_tag","embeddable":true,"href":"http:\/\/hoycordobaweb.com\/index.php\/wp-json\/wp\/v2\/tags?post=100803"}],"curies":[{"name":"wp","href":"https:\/\/api.w.org\/{rel}","templated":true}]}}